{"id":1484,"date":"2017-01-25T20:49:03","date_gmt":"2017-01-25T19:49:03","guid":{"rendered":"https:\/\/www.vnu-ev.de\/?p=1484"},"modified":"2020-03-12T15:03:19","modified_gmt":"2020-03-12T14:03:19","slug":"umwelt-und-nachhaltigkeitsmanagertag-2015","status":"publish","type":"post","link":"https:\/\/www.vnu-ev.de\/en\/events\/umwelt-und-nachhaltigkeitsmanagertag-2015","title":{"rendered":"Umwelt- und Nachhaltigkeitsmanagertag 2015"},"content":{"rendered":"<p>Nach rund 15 Jahren Verbandsgeschichte des VNU hat sich das Themenfeld des Umweltmanagements weiter entwickelt. Der VNU trug dem Rechnung und veranlasste durch eine Satzungs\u00e4nderung, dass der VNU heute Verband f\u00fcr Umwelt- und Nachhaltigkeitsmanagement e. V. hei\u00dft. Diese Entwicklung betrifft nicht nur den Verbandsnamen, sondern aus dem Umwelt-Manager-Tag ist im Jahr 2015 erstmals das Umwelt- und Nachhaltigkeitsforum geworden.<\/p>\n<p>Inhaltlich boten wir Ihnen Beitr\u00e4ge zur neuen CSR-Richtlinie der EU (DRSC e. V.), \u00fcber die Revision der ISO 14001 (ISO TC 207), die Pflicht zur Erstellung von Energieaudits (GUT Cert), den Stand der Umsetzung von REACh und GHS f\u00fcr Gemische (CIS Herzog) sowie die aktuellen Pflichten beim Umgang mit F-Gasen. Zum Abschluss des Tages pr\u00e4sentierte A. Huber (Deutsche Gesellschaft des Club of Rome) einen Vortrag, der sich mit der Sicht auf unsere heutige Welt aus dem Jahr 2025 besch\u00e4ftigt und leitete damit in ein Get-Together \u00fcber.<\/p>\n<h2>Programm<\/h2>\n<ul>\n<li>Begr\u00fc\u00dfung<br \/>\nLuise Riedel, IHK Frankfurt am Main<br \/>\nBettina Heimer, VNU Vorstand<\/li>\n<li>Neue nichtfinanzielle Berichtspflichten f\u00fcr gro\u00dfe Unternehmen<br \/>\nM\u00f6gliche Auswirkungen der CSR-Richtlinie (2014\/95\/EU) auf Unternehmensberichte [ <a href=\"https:\/\/www.vnu-ev.de\/?s2member_file_download=\/access-s2member-level1\/Aufz\/2015\/150324_Forum_01_Schmidt.pdf\" target=\"_blank\" rel=\"noopener noreferrer\">Vortrag<\/a> ]<br \/>\nDr. R\u00fcdiger Schmidt, Deutsches Rechnungslegungs Standards Committee e.V., Berlin<\/li>\n<li>Revision der DIN EN ISO 14001 [ <a href=\"https:\/\/www.vnu-ev.de\/?s2member_file_download=\/access-s2member-level1\/Aufz\/2015\/150324_Forum_02_Schwager.pdf\" target=\"_blank\" rel=\"noopener noreferrer\">Vortrag <\/a>]<br \/>\nBernhard Schwager, Robert Bosch GmbH, Stuttgart<\/li>\n<li>Energiemanagement versus Energieaudit im Rahmen der EU-Energieeffizienzrichtlinie [ <a href=\"https:\/\/www.vnu-ev.de\/?s2member_file_download=\/access-s2member-level1\/Aufz\/2015\/150324_Forum_03_Buser.pdf\" target=\"_blank\" rel=\"noopener noreferrer\">Vortrag<\/a> ]<br \/>\nJochen Buser, GUT Certifizierungsgesellschaft f\u00fcr Managementsysteme mbH, Berlin<\/li>\n<li>Sind Sie fit f\u00fcr den Umstieg auf GHS? \u2013 Umstellung der Einstufung von<br \/>\nGemischen und Beschreibung in Sicherheitsdatenbl\u00e4ttern nach REACh [ <a href=\"https:\/\/www.vnu-ev.de\/?s2member_file_download=\/access-s2member-level1\/Aufz\/2015\/150324_Forum_04_Herzog_Handout.pdf\" target=\"_blank\" rel=\"noopener noreferrer\">Vortrag <\/a>]<br \/>\nDr. Heinz Herzog, CIS Chemie Innovation Sicherheit, Herzogenrath<\/li>\n<li>Anforderungen an K\u00e4lte- \/ Klimaanlagen und an die Handhabung von F-Gasen [ <a href=\"https:\/\/www.vnu-ev.de\/?s2member_file_download=\/access-s2member-level1\/Aufz\/2015\/150324_Forum_05_Pflock_Paradies.pdf\" target=\"_blank\" rel=\"noopener noreferrer\">Vortrag <\/a>]<br \/>\nHelmar Pflock, Volkswagen AG, Baunatal<br \/>\nRoland Paradies, Zentrum f\u00fcr integrierten Umweltschutz e.V., Hofgeismar<\/li>\n<\/ul>\n<h2>\nFestvortrag \/ Abendveranstaltung<\/h2>\n<ul>\n<li>Wir werden nicht sagen k\u00f6nnen, wir h\u00e4tten es nicht gewusst. [ <a href=\"https:\/\/www.vnu-ev.de\/?s2member_file_download=\/access-s2member-level1\/Aufz\/2015\/150324_Forum_06_Huber_H.pdf\" target=\"_blank\" rel=\"noopener noreferrer\">Vortrag <\/a>]<br \/>\nAndreas Huber, Gesch\u00e4ftsf\u00fchrer der Deutschen Gesellschaft des Club of Rome, Hamburg<\/li>\n<\/ul>\n","protected":false},"excerpt":{"rendered":"<p>Nach rund 15 Jahren Verbandsgeschichte des VNU hat sich das Themenfeld des Umweltmanagements weiter entwickelt&#8230;. <a class=\"read-more\" href=\"https:\/\/www.vnu-ev.de\/en\/events\/umwelt-und-nachhaltigkeitsmanagertag-2015\">More<\/a><\/p>\n","protected":false},"author":118,"featured_media":0,"comment_status":"closed","ping_status":"closed","sticky":false,"template":"","format":"standard","meta":{"_acf_changed":false,"footnotes":""},"categories":[240,1,226],"tags":[],"class_list":["post-1484","post","type-post","status-publish","format-standard","hentry","category-umwelt-und-nachhaltigkeitsmanagertag","category-events","category-veranstaltungen"],"acf":[],"_links":{"self":[{"href":"https:\/\/www.vnu-ev.de\/en\/wp-json\/wp\/v2\/posts\/1484","targetHints":{"allow":["GET"]}}],"collection":[{"href":"https:\/\/www.vnu-ev.de\/en\/wp-json\/wp\/v2\/posts"}],"about":[{"href":"https:\/\/www.vnu-ev.de\/en\/wp-json\/wp\/v2\/types\/post"}],"author":[{"embeddable":true,"href":"https:\/\/www.vnu-ev.de\/en\/wp-json\/wp\/v2\/users\/118"}],"replies":[{"embeddable":true,"href":"https:\/\/www.vnu-ev.de\/en\/wp-json\/wp\/v2\/comments?post=1484"}],"version-history":[{"count":1,"href":"https:\/\/www.vnu-ev.de\/en\/wp-json\/wp\/v2\/posts\/1484\/revisions"}],"predecessor-version":[{"id":5008,"href":"https:\/\/www.vnu-ev.de\/en\/wp-json\/wp\/v2\/posts\/1484\/revisions\/5008"}],"wp:attachment":[{"href":"https:\/\/www.vnu-ev.de\/en\/wp-json\/wp\/v2\/media?parent=1484"}],"wp:term":[{"taxonomy":"category","embeddable":true,"href":"https:\/\/www.vnu-ev.de\/en\/wp-json\/wp\/v2\/categories?post=1484"},{"taxonomy":"post_tag","embeddable":true,"href":"https:\/\/www.vnu-ev.de\/en\/wp-json\/wp\/v2\/tags?post=1484"}],"curies":[{"name":"wp","href":"https:\/\/api.w.org\/{rel}","templated":true}]}}