{"id":1496,"date":"2017-01-26T07:14:54","date_gmt":"2017-01-26T06:14:54","guid":{"rendered":"https:\/\/www.vnu-ev.de\/?p=1496"},"modified":"2017-01-26T07:14:54","modified_gmt":"2017-01-26T06:14:54","slug":"wirtschaftsethik-auftaktveranstaltung-des-ressorts","status":"publish","type":"post","link":"https:\/\/www.vnu-ev.de\/en\/veranstaltungen\/wirtschaftsethik-auftaktveranstaltung-des-ressorts","title":{"rendered":"Wirtschaftsethik (Auftaktveranstaltung des Ressorts)"},"content":{"rendered":"<h2>Verantwortliches F\u00fchren<\/h2>\n<p>Haltung pr\u00e4gt Handeln. Jedes wirtschaftliche Handeln, jede unternehmerische Entscheidung wird geleitet durch die Unternehmensstrategie und die pers\u00f6nliche Haltung der Unternehmer und F\u00fchrungskr\u00e4fte. Wer bessere Ergebnisse f\u00fcr Nachhaltigkeit und Umwelt erzielen m\u00f6chte, setzt deswegen neben den gesellschaftlichen Vorgaben an der Haltung der F\u00fchrungskr\u00e4fte an.<\/p>\n<h3>Termin<\/h3>\n<p>28. April 2017<\/p>\n<p>10:00 - 15: 30 Uhr (inkl. Flughafenrundfahrt)<\/p>\n<h2>Ort<\/h2>\n<p>Fraport AG<\/p>\n<p>60547 Frankfurt am Main<\/p>\n<h2>Was erwartet Sie?<\/h2>\n<p>Was verstehen Entscheidungstr\u00e4ger als Zweck ihres Wirtschaftens? Messen sie die Auswirkungen ihrer Entscheidungen ausschlie\u00dflich am finanziellen Jahresabschluss oder akzeptieren sie die Verantwortung f\u00fcr ihr wirtschaftliches Handeln auch f\u00fcr die Auswirkungen auf Umwelt und Gesellschaft?<\/p>\n<p>Das neue VNU Ressort Wirtschaftsethik bietet Kompetenz, Plattform und Tools f\u00fcr Investoren, Unternehmer und F\u00fchrungskr\u00e4fte, Verantwortliches F\u00fchren f\u00fcr nachhaltige Unternehmen im voranzubringen.<\/p>\n<p>Das Ziel ist, die Nachhaltigkeitsbestrebungen zum Treiber f\u00fcr die eigene Marktf\u00fchrerschaft zu machen. Die Notwendigkeit f\u00fcr diesen Dialog schreit aus jedem Skandal, der auf zu kurzfristigen Managemententscheidungen aufbaut. Werte werden so zerst\u00f6rt, statt aufgebaut. Reputation verspielt, statt Vertrauen geschaffen. Talente abgeschreckt statt inspiriert. Ein wirtschaftsethischer Dialog ist notwendig, weil Generationen von F\u00fchrungskr\u00e4ften mit geradezu besch\u00e4mend vereinfachten Menschenbildern und reduzierten Wirtschaftsvisionen in die Arbeitswelt entlassen wurden.<\/p>\n<p>Der VNU bietet ein Forum f\u00fcr neue unternehmerische Wege, die Neudefinition der Ergebnisse wirtschaftlichen Handelns, f\u00fcr ethische Reflexion und verantwortliches Verhalten. So bekommen Unternehmen die Chance, mit neuen Ans\u00e4tzen nachhaltige Marktf\u00fchrer zu werden.<\/p>\n<p>Die VNU Auftaktveranstaltung am 28. April bei der Fraport AG in Frankfurt bietet Gelegenheit f\u00fcr Unternehmensvertreter zum Thema Wirtschaftsethik ins Gespr\u00e4ch zu kommen. Es werden v.a. folgende Schwerpunkte gesetzt:<\/p>\n<ol>\n<li>Einf\u00fchrung in das Thema Wirtschaftsethik [ <a href=\"https:\/\/www.vnu-ev.de\/?s2member_file_download=\/access-s2member-level1\/Aufz\/2017\/170428_Ressort_Wirtschaftethik_Einfuehrung.pdf\" target=\"_blank\" rel=\"noopener noreferrer\">Vortrag zum Download<\/a>\u00a0]<\/li>\n<li>F\u00fchrung 2020 \u2013 Warum F\u00fchrung im 21. Jahrhundert v\u00f6llig neu bewertet wird [ <a href=\"https:\/\/www.vnu-ev.de\/?s2member_file_download=\/access-s2member-level1\/Aufz\/2017\/170428_Ressort_Wirtschaftethik_Schwerpunkt_1.pdf\" target=\"_blank\" rel=\"noopener noreferrer\">Vortrag zum Download<\/a>\u00a0]<\/li>\n<li>Strategisches Wissenswerkzeug Wirtschaftsethik f\u00fcr Unternehmer und F\u00fchrungskr\u00e4fte [ <a href=\"https:\/\/www.vnu-ev.de\/?s2member_file_download=\/access-s2member-level1\/Aufz\/2017\/170428_Ressort_Wirtschaftethik_Schwerpunkt 2_Wissenswerkzeug.pdf\" target=\"_blank\" rel=\"noopener noreferrer\">Vortrag zum Download<\/a>\u00a0]<\/li>\n<li>Gelebte Wirtschaftsethik \u2013 Professionelle Stakeholder-Dialoge [ <a href=\"https:\/\/www.vnu-ev.de\/?s2member_file_download=\/access-s2member-level1\/Aufz\/2017\/170428_Ressort_Wirtschaftethik_VNU_Fraport_Schwerpunkt 3 Stakeholder_Slides_Print_Version.pdf\" target=\"_blank\" rel=\"noopener noreferrer\">Vortrag zum Download<\/a>\u00a0]<\/li>\n<\/ol>\n<p>Dr. Ernst von Kimakowitz, Humanistic Management Center, St. Gallen, Schweiz und Klaus J. Schuler, Tripl3Leader GmbH pr\u00e4sentieren die Themen und stehen als Experten\u00a0\u00a0f\u00fcr Fragen zur Verf\u00fcgung<\/p>\n<h2>Wer moderiert das Ressort?<\/h2>\n<p>Herr <a href=\"https:\/\/www.vnu-ev.de\/mitglieder\/klaus-schuler\">Klaus J. Schuler<\/a><\/p>\n","protected":false},"excerpt":{"rendered":"<p>Verantwortliches F\u00fchren Haltung pr\u00e4gt Handeln. Jedes wirtschaftliche Handeln, jede unternehmerische Entscheidung wird geleitet durch die&#8230; <a class=\"read-more\" href=\"https:\/\/www.vnu-ev.de\/en\/veranstaltungen\/wirtschaftsethik-auftaktveranstaltung-des-ressorts\">More<\/a><\/p>\n","protected":false},"author":118,"featured_media":0,"comment_status":"closed","ping_status":"closed","sticky":false,"template":"","format":"standard","meta":{"_acf_changed":false,"footnotes":""},"categories":[242,226,249],"tags":[24,31],"class_list":["post-1496","post","type-post","status-publish","format-standard","hentry","category-ressort","category-veranstaltungen","category-wirtschaftsethik","tag-nachhaltigkeit","tag-wirtschaftsethik"],"acf":[],"_links":{"self":[{"href":"https:\/\/www.vnu-ev.de\/en\/wp-json\/wp\/v2\/posts\/1496","targetHints":{"allow":["GET"]}}],"collection":[{"href":"https:\/\/www.vnu-ev.de\/en\/wp-json\/wp\/v2\/posts"}],"about":[{"href":"https:\/\/www.vnu-ev.de\/en\/wp-json\/wp\/v2\/types\/post"}],"author":[{"embeddable":true,"href":"https:\/\/www.vnu-ev.de\/en\/wp-json\/wp\/v2\/users\/118"}],"replies":[{"embeddable":true,"href":"https:\/\/www.vnu-ev.de\/en\/wp-json\/wp\/v2\/comments?post=1496"}],"version-history":[{"count":0,"href":"https:\/\/www.vnu-ev.de\/en\/wp-json\/wp\/v2\/posts\/1496\/revisions"}],"wp:attachment":[{"href":"https:\/\/www.vnu-ev.de\/en\/wp-json\/wp\/v2\/media?parent=1496"}],"wp:term":[{"taxonomy":"category","embeddable":true,"href":"https:\/\/www.vnu-ev.de\/en\/wp-json\/wp\/v2\/categories?post=1496"},{"taxonomy":"post_tag","embeddable":true,"href":"https:\/\/www.vnu-ev.de\/en\/wp-json\/wp\/v2\/tags?post=1496"}],"curies":[{"name":"wp","href":"https:\/\/api.w.org\/{rel}","templated":true}]}}