{"id":1521,"date":"2017-01-26T14:53:13","date_gmt":"2017-01-26T13:53:13","guid":{"rendered":"https:\/\/www.vnu-ev.de\/?p=1521"},"modified":"2017-01-26T14:53:13","modified_gmt":"2017-01-26T13:53:13","slug":"umwelt-manager-tag-2014","status":"publish","type":"post","link":"https:\/\/www.vnu-ev.de\/en\/veranstaltungen\/umwelt-manager-tag-2014","title":{"rendered":"Umwelt-Manager-Tag 2014"},"content":{"rendered":"<p>Ein erfolgreiches und nachhaltiges Ressourcenmanagement umfasst nicht nur die sparsame Nutzung, sondern auch die verl\u00e4ssliche Verf\u00fcgbarkeit aller Ressourcen im lokalen, gesellschaftlichen und politischen Umfeld einer globalisierten Weltwirtschaft. Eine Herausforderung, die es zu meistern gilt!<\/p>\n<p>Welche Rolle spielen die Akteure in der Lieferkette, wenn es um eine motivierte Umsetzung von Corporate Social Responsibility geht? Im direkten Umfeld haben Energieeffizienz und Energiemanagement bereits gro\u00dfe Bedeutung erlangt. Welche Ver\u00e4nderungen kommen im fachlichen und finanziellen Kontext noch auf uns zu? K\u00f6nnen sich Unternehmen mit Strategien und Handlungsalternativen gegen die Rohstoffverknappung wappnen? Welche konkreten Auswirkungen hat dies bei der Spezialglasherstellung? Was k\u00f6nnen wir von der Entwicklung des Arbeits- und Gesundheitsschutzmanagementsystems BS OHSAS 18001 zu einem ISO Standard 45001 erwarten?<\/p>\n<p>Mit den praktischen Erfahrungen und der Expertise der Referenten von der Universit\u00e4t W\u00fcrzburg \/ Robert Bosch GmbH, einer Managementberatung, der Schaeffler Technologies GmbH &amp; Co. KG, dem Instituts der deutschen Wirtschaft K\u00f6ln e.V., der Schott AG und der BG Nahrungsmittel und Gastst\u00e4tten bieten wir Ihnen ein vielf\u00e4ltiges Programm.<\/p>\n<p>Zum Download des Programms<\/p>\n<ul>\n<li>Dos and Don\u2019ts bei CSR im Supply Chain Management [ <a href=\"https:\/\/www.vnu-ev.de\/?s2member_file_download=\/access-s2member-level1\/Aufz\/2014\/140326_01_Krug.pdf\" target=\"_blank\" rel=\"noopener noreferrer\">Vortrag <\/a>]<br \/>\nMathias Krug, Universit\u00e4t W\u00fcrzburg \/ Robert Bosch GmbH<\/li>\n<li>EMAS und Energiemanagement nach ISO 50001<br \/>\nPeter Fischer, Peter Fischer Managementberatung, Schwanstetten [ <a href=\"https:\/\/www.vnu-ev.de\/?s2member_file_download=\/access-s2member-level1\/Aufz\/2014\/140326_02_Fischer.pdf\" target=\"_blank\" rel=\"noopener noreferrer\">Vortrag <\/a>]<br \/>\nRoland Kuhla, Schaeffler Technologies GmbH &amp; Co. KG, Herzogenaurach [ Vortrag ]<\/li>\n<li>Verknappung von Rohstoffen \u2013 Gegenstrategien und Alternativen [ <a href=\"https:\/\/www.vnu-ev.de\/?s2member_file_download=\/access-s2member-level1\/Aufz\/2014\/140326_04_Barth.pdf\" target=\"_blank\" rel=\"noopener noreferrer\">Vortrag <\/a>]<br \/>\nDr. Hubertus Bardt, Institut der deutschen Wirtschaft K\u00f6ln e.V., K\u00f6ln<\/li>\n<li>Rohstoffversorgung in der Spezialglasherstellung - ein Spannungsfeld [ <a href=\"https:\/\/www.vnu-ev.de\/?s2member_file_download=\/access-s2member-level1\/Aufz\/2014\/140326_05_Doering.pdf\" target=\"_blank\" rel=\"noopener noreferrer\">Vortrag <\/a>]<br \/>\nDr. Eckart D\u00f6ring, Schott AG, Mainz<\/li>\n<li>Arbeits- und Gesundheitsschutzmanagement Umsetzung und<br \/>\nPerspektiven der BS OHSAS 18001 \/ ISO 45001 [ <a href=\"https:\/\/www.vnu-ev.de\/?s2member_file_download=\/access-s2member-level1\/Aufz\/2014\/140326_06_Merdian.pdf\" target=\"_blank\" rel=\"noopener noreferrer\">Vortrag <\/a>]<br \/>\nJosef Merdian, BG Nahrungsmittel und Gastst\u00e4tten, Langensendelbach<\/li>\n<\/ul>\n","protected":false},"excerpt":{"rendered":"<p>Ein erfolgreiches und nachhaltiges Ressourcenmanagement umfasst nicht nur die sparsame Nutzung, sondern auch die verl\u00e4ssliche&#8230; <a class=\"read-more\" href=\"https:\/\/www.vnu-ev.de\/en\/veranstaltungen\/umwelt-manager-tag-2014\">More<\/a><\/p>\n","protected":false},"author":118,"featured_media":0,"comment_status":"closed","ping_status":"closed","sticky":false,"template":"","format":"standard","meta":{"_acf_changed":false,"footnotes":""},"categories":[240,226],"tags":[],"class_list":["post-1521","post","type-post","status-publish","format-standard","hentry","category-umwelt-und-nachhaltigkeitsmanagertag","category-veranstaltungen"],"acf":[],"_links":{"self":[{"href":"https:\/\/www.vnu-ev.de\/en\/wp-json\/wp\/v2\/posts\/1521","targetHints":{"allow":["GET"]}}],"collection":[{"href":"https:\/\/www.vnu-ev.de\/en\/wp-json\/wp\/v2\/posts"}],"about":[{"href":"https:\/\/www.vnu-ev.de\/en\/wp-json\/wp\/v2\/types\/post"}],"author":[{"embeddable":true,"href":"https:\/\/www.vnu-ev.de\/en\/wp-json\/wp\/v2\/users\/118"}],"replies":[{"embeddable":true,"href":"https:\/\/www.vnu-ev.de\/en\/wp-json\/wp\/v2\/comments?post=1521"}],"version-history":[{"count":0,"href":"https:\/\/www.vnu-ev.de\/en\/wp-json\/wp\/v2\/posts\/1521\/revisions"}],"wp:attachment":[{"href":"https:\/\/www.vnu-ev.de\/en\/wp-json\/wp\/v2\/media?parent=1521"}],"wp:term":[{"taxonomy":"category","embeddable":true,"href":"https:\/\/www.vnu-ev.de\/en\/wp-json\/wp\/v2\/categories?post=1521"},{"taxonomy":"post_tag","embeddable":true,"href":"https:\/\/www.vnu-ev.de\/en\/wp-json\/wp\/v2\/tags?post=1521"}],"curies":[{"name":"wp","href":"https:\/\/api.w.org\/{rel}","templated":true}]}}