{"id":1538,"date":"2017-01-27T19:49:32","date_gmt":"2017-01-27T18:49:32","guid":{"rendered":"https:\/\/www.vnu-ev.de\/?p=1538"},"modified":"2017-01-27T19:49:32","modified_gmt":"2017-01-27T18:49:32","slug":"umwelt-manager-tag-20100707","status":"publish","type":"post","link":"https:\/\/www.vnu-ev.de\/en\/veranstaltungen\/umwelt-manager-tag-20100707","title":{"rendered":"Umwelt-Manager-Tag 7. Juli 2010"},"content":{"rendered":"<p>Das Programm des Manager-Tags in Frankfurt fand gro\u00dfes Interesse und fand daher in M\u00fcnchen erneut statt. Thema war auch hier die Frage, ob Kunden das Engagement von Unternehmen f\u00fcr Nachhaltigkeit, Klima- und Umweltschutzes honorieren. Ab 13:00 Uhr bis etwa 17:30 Uhr Uhr waren dies die Themen der Vortr\u00e4ge und Gegenstand der Diskussionen.<\/p>\n<p>&nbsp;<\/p>\n<ul>\n<li>Herr Dr. Raimund Wildner (GfK Verein, N\u00fcrnberg ) [ <a href=\"https:\/\/www.vnu-ev.de\/?s2member_file_download=\/access-s2member-level1\/Aufz\/2010\/100707_1_Wildner.pdf\" target=\"_blank\" rel=\"noopener noreferrer\">Vortrag <\/a>]<br \/>\nK\u00f6nnen Unternehmen Ihren Absatz durch ein Engagement f\u00fcr Nachhaltigkeit, Klima- und Umweltschutz steigern?<\/li>\n<li>Herr Kilian Hochrhein (W. L. Gore &amp; Associates, Putzbrunn) [ <a href=\"https:\/\/www.vnu-ev.de\/?s2member_file_download=\/access-s2member-level1\/Aufz\/2010\/100707_2_Hochrein.pdf\" target=\"_blank\" rel=\"noopener noreferrer\">Vortrag <\/a>]<br \/>\n\"Wasserdichte\" Nachhaltigkeitsstrategien im Outdoor-Bereich<\/li>\n<li>Frau Elke Gehrke (Stiftung Warentest, Berlin) [ <a href=\"https:\/\/www.vnu-ev.de\/?s2member_file_download=\/access-s2member-level1\/Aufz\/2010\/100707_3_Gehrke.pdf\" target=\"_blank\" rel=\"noopener noreferrer\">Vortrag <\/a>]<br \/>\nUmweltrelevanz als Testkriterium bei der Stiftung Warentest?<\/li>\n<li>Herr Anton Lechner (Himolla Polsterm\u00f6bel GmbH, Taufkirchen \/ Vils) [ <a href=\"https:\/\/www.vnu-ev.de\/?s2member_file_download=\/access-s2member-level1\/Aufz\/2010\/100707_4_Lechner.pdf\" target=\"_blank\" rel=\"noopener noreferrer\">Vortrag <\/a>]<br \/>\nSind Umweltschutz und Nachhaltigkeit Aspekte beim Sofa-Kauf?<\/li>\n<li>Herr Karl Raue (Faber-Castell Aktiengesellschaft, Stein) [ <a href=\"https:\/\/www.vnu-ev.de\/?s2member_file_download=\/access-s2member-level1\/Aufz\/2010\/100707_5_Raue.pdf\" target=\"_blank\" rel=\"noopener noreferrer\">Vortrag <\/a>]<br \/>\nSchreiben und Design im Kontext einer Nachhaltigkeitsstrategie<\/li>\n<\/ul>\n","protected":false},"excerpt":{"rendered":"<p>Das Programm des Manager-Tags in Frankfurt fand gro\u00dfes Interesse und fand daher in M\u00fcnchen erneut&#8230; <a class=\"read-more\" href=\"https:\/\/www.vnu-ev.de\/en\/veranstaltungen\/umwelt-manager-tag-20100707\">More<\/a><\/p>\n","protected":false},"author":118,"featured_media":0,"comment_status":"closed","ping_status":"closed","sticky":false,"template":"","format":"standard","meta":{"_acf_changed":false,"footnotes":""},"categories":[252,226],"tags":[],"class_list":["post-1538","post","type-post","status-publish","format-standard","hentry","category-umweltmanagertag","category-veranstaltungen"],"acf":[],"_links":{"self":[{"href":"https:\/\/www.vnu-ev.de\/en\/wp-json\/wp\/v2\/posts\/1538","targetHints":{"allow":["GET"]}}],"collection":[{"href":"https:\/\/www.vnu-ev.de\/en\/wp-json\/wp\/v2\/posts"}],"about":[{"href":"https:\/\/www.vnu-ev.de\/en\/wp-json\/wp\/v2\/types\/post"}],"author":[{"embeddable":true,"href":"https:\/\/www.vnu-ev.de\/en\/wp-json\/wp\/v2\/users\/118"}],"replies":[{"embeddable":true,"href":"https:\/\/www.vnu-ev.de\/en\/wp-json\/wp\/v2\/comments?post=1538"}],"version-history":[{"count":0,"href":"https:\/\/www.vnu-ev.de\/en\/wp-json\/wp\/v2\/posts\/1538\/revisions"}],"wp:attachment":[{"href":"https:\/\/www.vnu-ev.de\/en\/wp-json\/wp\/v2\/media?parent=1538"}],"wp:term":[{"taxonomy":"category","embeddable":true,"href":"https:\/\/www.vnu-ev.de\/en\/wp-json\/wp\/v2\/categories?post=1538"},{"taxonomy":"post_tag","embeddable":true,"href":"https:\/\/www.vnu-ev.de\/en\/wp-json\/wp\/v2\/tags?post=1538"}],"curies":[{"name":"wp","href":"https:\/\/api.w.org\/{rel}","templated":true}]}}