{"id":1598,"date":"2017-01-30T20:41:03","date_gmt":"2017-01-30T19:41:03","guid":{"rendered":"https:\/\/www.vnu-ev.de\/?p=1598"},"modified":"2017-01-30T20:41:03","modified_gmt":"2017-01-30T19:41:03","slug":"umweltgutachtertag-2014","status":"publish","type":"post","link":"https:\/\/www.vnu-ev.de\/en\/veranstaltungen\/umweltgutachtertag-2014","title":{"rendered":"Umweltgutachtertag 2014"},"content":{"rendered":"<p>Historie trifft Moderne: Im wunderbaren Ambiente des Stra\u00dfenbahnmuseums der K\u00f6lner Verkehrs-Betriebe AG begr\u00fc\u00dfte Frau Marschall-Schmitz als Leiterin der Stabsstelle Umweltschutz und Arbeitssicherheit die G\u00e4ste und er\u00f6ffnete damit ein vielf\u00e4ltiges Programm und eine F\u00fchrung durch das Mauseum rundete den Tag ab.<\/p>\n<ul>\n<li>Kompetenz von Umweltgutachtern und Zertifizierern f\u00fcr die Nachhaltigkeitsberichterstattung<br \/>\nSusanne Moosmann, GUT Certifizierungsgesellschaft f\u00fcr Managementsysteme mbH, Berlin [ <a href=\"https:\/\/www.vnu-ev.de\/?s2member_file_download=\/access-s2member-level1\/Aufz\/2014\/140925_01_Moosmann.pdf\" target=\"_blank\" rel=\"noopener noreferrer\">Vortrag<\/a> ]<br \/>\nMatthias Friebel, Vorsitzender des VNU e. V., GW\u00d6 GmbH, Bad Soden [ <a href=\"https:\/\/www.vnu-ev.de\/?s2member_file_download=\/access-s2member-level1\/Aufz\/2014\/140925_01_Friebel.pdf\">Vortrag<\/a> ]<\/li>\n<li>Der Weg zum Nachhaltigkeitsbericht bei Werner &amp; Mertz [ <a href=\"https:\/\/www.vnu-ev.de\/?s2member_file_download=\/access-s2member-level1\/Aufz\/2014\/140925_02_Matz.pdf\">Vortrag<\/a> ]<br \/>\nDr. Detlef Matz, Werner &amp; Mertz GmbH, Mainz<\/li>\n<li>Revision der DIN EN ISO 14001 \u2013 Welche \u00c4nderungen kommen auf Sie zu? [ <a href=\"https:\/\/www.vnu-ev.de\/?s2member_file_download=\/access-s2member-level1\/Aufz\/2014\/140925_03_Schwager.pdf\" target=\"_blank\" rel=\"noopener noreferrer\">Vortrag<\/a> ]<br \/>\nBernhard Schwager, Leiter der Gesch\u00e4ftsstelle Nachhaltigkeit der Robert Bosch GmbH, Pr\u00e4sident des VBU e. V., Obmann des Ausschusses Umweltmanagementsystem \/ Umweltaudit im DIN, Stuttgart<\/li>\n<li>Zuk\u00fcnftige Anforderungen an K\u00e4lte- und Klimaanlagen im inter-\/nationalen Rechtsrahmen [ <a href=\"https:\/\/www.vnu-ev.de\/?s2member_file_download=\/access-s2member-level1\/Aufz\/2014\/140925_04_Paradies_Pflock.pdf\" target=\"_blank\" rel=\"noopener noreferrer\">Vortrag<\/a> ]<br \/>\nRoland Paradies, Zentrum f\u00fcr integrierten Umweltschutz e.V., Hofgeismar und Helmar Pflock, Volkswagen AG, Baunatal<\/li>\n<li>Vorarbeiten zu EMAS IV und Aktuelles aus dem UGA [ <a href=\"https:\/\/www.vnu-ev.de\/?s2member_file_download=\/access-s2member-level1\/Aufz\/2014\/140925_05_Moosmayer.pdf\" target=\"_blank\" rel=\"noopener noreferrer\">Vortrag<\/a> ]<br \/>\nVeit Moosmayer, Umweltgutachterausschuss, Berlin<\/li>\n<li>Neuigkeiten aus Zulassung und Aufsicht der Umweltgutachter\/-innen [ <a href=\"https:\/\/www.vnu-ev.de\/?s2member_file_download=\/access-s2member-level1\/Aufz\/2014\/140925_06_Racke.pdf\" target=\"_blank\" rel=\"noopener noreferrer\">Vortrag<\/a> ]<br \/>\nDr. Markus Racke, DAU GmbH, Bonn<\/li>\n<\/ul>\n","protected":false},"excerpt":{"rendered":"<p>Historie trifft Moderne: Im wunderbaren Ambiente des Stra\u00dfenbahnmuseums der K\u00f6lner Verkehrs-Betriebe AG begr\u00fc\u00dfte Frau Marschall-Schmitz&#8230; <a class=\"read-more\" href=\"https:\/\/www.vnu-ev.de\/en\/veranstaltungen\/umweltgutachtertag-2014\">More<\/a><\/p>\n","protected":false},"author":118,"featured_media":0,"comment_status":"closed","ping_status":"closed","sticky":false,"template":"","format":"standard","meta":{"_acf_changed":false,"footnotes":""},"categories":[229,226],"tags":[],"class_list":["post-1598","post","type-post","status-publish","format-standard","hentry","category-umweltgutachtertag","category-veranstaltungen"],"acf":[],"_links":{"self":[{"href":"https:\/\/www.vnu-ev.de\/en\/wp-json\/wp\/v2\/posts\/1598","targetHints":{"allow":["GET"]}}],"collection":[{"href":"https:\/\/www.vnu-ev.de\/en\/wp-json\/wp\/v2\/posts"}],"about":[{"href":"https:\/\/www.vnu-ev.de\/en\/wp-json\/wp\/v2\/types\/post"}],"author":[{"embeddable":true,"href":"https:\/\/www.vnu-ev.de\/en\/wp-json\/wp\/v2\/users\/118"}],"replies":[{"embeddable":true,"href":"https:\/\/www.vnu-ev.de\/en\/wp-json\/wp\/v2\/comments?post=1598"}],"version-history":[{"count":0,"href":"https:\/\/www.vnu-ev.de\/en\/wp-json\/wp\/v2\/posts\/1598\/revisions"}],"wp:attachment":[{"href":"https:\/\/www.vnu-ev.de\/en\/wp-json\/wp\/v2\/media?parent=1598"}],"wp:term":[{"taxonomy":"category","embeddable":true,"href":"https:\/\/www.vnu-ev.de\/en\/wp-json\/wp\/v2\/categories?post=1598"},{"taxonomy":"post_tag","embeddable":true,"href":"https:\/\/www.vnu-ev.de\/en\/wp-json\/wp\/v2\/tags?post=1598"}],"curies":[{"name":"wp","href":"https:\/\/api.w.org\/{rel}","templated":true}]}}