{"id":1602,"date":"2017-01-30T20:45:16","date_gmt":"2017-01-30T19:45:16","guid":{"rendered":"https:\/\/www.vnu-ev.de\/?p=1602"},"modified":"2017-01-30T20:45:16","modified_gmt":"2017-01-30T19:45:16","slug":"umweltgutachtertag-2013","status":"publish","type":"post","link":"https:\/\/www.vnu-ev.de\/en\/veranstaltungen\/umweltgutachtertag-2013","title":{"rendered":"Umweltgutachtertag 2013"},"content":{"rendered":"<p>Die IHK in D\u00fcsseldorf ist der Gastgeber f\u00fcr den Umwelt-Gutachter-Tag 2013. Sie erwarten ab 10:15 Uhr aktuelle Vortr\u00e4ge zum 'Fracking', dem neuesten GRI-Standard 4.0, der Revision ISO 14001, zur Integration von Biodiversit\u00e4t in ein EMAS-System oder zu EMAS global.<\/p>\n<p>Hier finden Sie das Programm.<\/p>\n<ul>\n<li>Wirtschaftlicher Erfolg und nachhaltige Entwicklung sind kein Widerspruch [ <a href=\"https:\/\/www.vnu-ev.de\/?s2member_file_download=\/access-s2member-level1\/Aufz\/2013\/130924_1_Wegener.pdf\" target=\"_blank\" rel=\"noopener noreferrer\">Vortrag<\/a> ]<br \/>\nSebastian Wegener, Nachhaltigkeitsmanagement, Miele &amp; Cie. KG, G\u00fctersloh<\/li>\n<li>Fracking - Fluch oder Segen der Energiewende? [ <a href=\"https:\/\/www.vnu-ev.de\/?s2member_file_download=\/access-s2member-level1\/Aufz\/2013\/130924_2_Peterwitz.pdf\" target=\"_blank\" rel=\"noopener noreferrer\">Vortrag<\/a> ]<br \/>\nUlrich Peterwitz, Gelsenwasser AG, Gelsenkirchen<\/li>\n<li>Global Reporting Initiative \u2013 Nachhaltigkeitsberichterstattung 4.0 [ <a href=\"https:\/\/www.vnu-ev.de\/?s2member_file_download=\/access-s2member-level1\/Aufz\/2013\/130924_3_130411_Koblun.pdf\" target=\"_blank\" rel=\"noopener noreferrer\">Vortrag<\/a> ]<br \/>\n(Christine Koblun, Network Relations Coordinator GRI, Amsterdam), Bettina Heimer<\/li>\n<li>Revision der ISO 14001 [ <a href=\"https:\/\/www.vnu-ev.de\/?s2member_file_download=\/access-s2member-level1\/Aufz\/2013\/130924_4_Fricke.pdf\">Vortrag<\/a> ]<br \/>\nCornelia Fricke, Liaison-Partner der ENEP im ISO\/TC 207, LRQA GmbH<\/li>\n<li>EMAS f\u00fcr Gewinner \u2013 Zertifizierung, Privilegierung, Revision EMAS IV [ <a href=\"https:\/\/www.vnu-ev.de\/?s2member_file_download=\/access-s2member-level1\/Aufz\/2013\/130924_5_Moosmayer.pdf\" target=\"_blank\" rel=\"noopener noreferrer\">Vortrag<\/a> ]<br \/>\nVeit Moosmayer, Gesch\u00e4ftsf\u00fchrer des Umweltgutachterausschusses, Berlin<\/li>\n<li>Neuigkeiten aus Zulassung und Aufsicht \/ EMAS Global [ <a href=\"https:\/\/www.vnu-ev.de\/?s2member_file_download=\/access-s2member-level1\/Aufz\/2013\/130924_6_Racke.pdf\" target=\"_blank\" rel=\"noopener noreferrer\">Vortrag<\/a> ]<br \/>\nDr. Markus Racke, DAU - Deutsche Akkreditierungs- und Zulassungsgesellschaft f\u00fcr Umweltgutachter mbH, Bonn<\/li>\n<li>Biodiversit\u00e4t und Umweltmanagement \u2013 Handlungshilfen f\u00fcr Unternehmen und Kommunen [ <a href=\"https:\/\/www.vnu-ev.de\/?s2member_file_download=\/access-s2member-level1\/Aufz\/2013\/130924_7_Hammerl.pdf\" target=\"_blank\" rel=\"noopener noreferrer\">Vortrag<\/a> ]<br \/>\nMarion Hammerl, Projektleitung Bodensee-Stiftung, Radolfzell<\/li>\n<\/ul>\n","protected":false},"excerpt":{"rendered":"<p>Die IHK in D\u00fcsseldorf ist der Gastgeber f\u00fcr den Umwelt-Gutachter-Tag 2013. Sie erwarten ab 10:15&#8230; <a class=\"read-more\" href=\"https:\/\/www.vnu-ev.de\/en\/veranstaltungen\/umweltgutachtertag-2013\">More<\/a><\/p>\n","protected":false},"author":118,"featured_media":0,"comment_status":"closed","ping_status":"closed","sticky":false,"template":"","format":"standard","meta":{"_acf_changed":false,"footnotes":""},"categories":[229,226],"tags":[],"class_list":["post-1602","post","type-post","status-publish","format-standard","hentry","category-umweltgutachtertag","category-veranstaltungen"],"acf":[],"_links":{"self":[{"href":"https:\/\/www.vnu-ev.de\/en\/wp-json\/wp\/v2\/posts\/1602","targetHints":{"allow":["GET"]}}],"collection":[{"href":"https:\/\/www.vnu-ev.de\/en\/wp-json\/wp\/v2\/posts"}],"about":[{"href":"https:\/\/www.vnu-ev.de\/en\/wp-json\/wp\/v2\/types\/post"}],"author":[{"embeddable":true,"href":"https:\/\/www.vnu-ev.de\/en\/wp-json\/wp\/v2\/users\/118"}],"replies":[{"embeddable":true,"href":"https:\/\/www.vnu-ev.de\/en\/wp-json\/wp\/v2\/comments?post=1602"}],"version-history":[{"count":0,"href":"https:\/\/www.vnu-ev.de\/en\/wp-json\/wp\/v2\/posts\/1602\/revisions"}],"wp:attachment":[{"href":"https:\/\/www.vnu-ev.de\/en\/wp-json\/wp\/v2\/media?parent=1602"}],"wp:term":[{"taxonomy":"category","embeddable":true,"href":"https:\/\/www.vnu-ev.de\/en\/wp-json\/wp\/v2\/categories?post=1602"},{"taxonomy":"post_tag","embeddable":true,"href":"https:\/\/www.vnu-ev.de\/en\/wp-json\/wp\/v2\/tags?post=1602"}],"curies":[{"name":"wp","href":"https:\/\/api.w.org\/{rel}","templated":true}]}}