{"id":1606,"date":"2017-01-30T20:49:49","date_gmt":"2017-01-30T19:49:49","guid":{"rendered":"https:\/\/www.vnu-ev.de\/?p=1606"},"modified":"2017-01-30T20:49:49","modified_gmt":"2017-01-30T19:49:49","slug":"umweltgutachtertag-2012","status":"publish","type":"post","link":"https:\/\/www.vnu-ev.de\/en\/veranstaltungen\/umweltgutachtertag-2012","title":{"rendered":"Umweltgutachtertag 2012"},"content":{"rendered":"<p>Die niederrheinische IHK in Duisburg ist der Gastgeber f\u00fcr den Umwelt-Gutachter-Tag 2012. Sie erwarten ab 10:00 Uhr aktuelle Themen, wie den \"water footprint\", das Energiemanagent im Kontext von EMAS und EEG, Praxisberichte von Anwendern und die neuesten Ergebnisse der ISO Jahrestagung zur Revision der ISO 14001.<\/p>\n<p>Hier finden Sie das [ Programm ] und die Vortr\u00e4ge.<\/p>\n<ul>\n<li>Water-Footprint, das Thema der Zukunft? [ <a href=\"https:\/\/www.vnu-ev.de\/?s2member_file_download=\/access-s2member-level1\/Aufz\/2012\/120904_UGT_1_Berger.pdf\" target=\"_blank\" rel=\"noopener noreferrer\">Vortrag<\/a> ]<br \/>\nM.Sc. Markus Berger, TU Berlin, Institut f. Technischen Umweltschutz, Fachgebiet Sustainable Engineering<\/li>\n<li>Environmental Footprinting und EMAS - Europ\u00e4ische Entwicklungen [ <a href=\"https:\/\/www.vnu-ev.de\/?s2member_file_download=\/access-s2member-level1\/Aufz\/2012\/120904_UGT_2_Hoeve.pdf\" target=\"_blank\" rel=\"noopener noreferrer\">Vortrag<\/a> ]<br \/>\nRolf-Jan Hoeve, EU Kommission - DG Environment - EMAS Team, Br\u00fcssel<\/li>\n<li>Energiecontrolling, ein Bestandteil des Energie-Managements [ <a href=\"https:\/\/www.vnu-ev.de\/?s2member_file_download=\/access-s2member-level1\/Aufz\/2012\/120904_UGT_3_Zens.pdf\" target=\"_blank\" rel=\"noopener noreferrer\">Vortrag<\/a> ]<br \/>\nMichael Zens, perpendo Energie- und Verfahrenstechnik GmbH, Aachen<\/li>\n<li>Energie-Management nach DIN EN ISO 50001 - eine Teamaufgabe?! [ <a href=\"https:\/\/www.vnu-ev.de\/?s2member_file_download=\/access-s2member-level1\/Aufz\/2012\/120904_UGT_4_Goedde.pdf\" target=\"_blank\" rel=\"noopener noreferrer\">Vortrag<\/a> ]<br \/>\nErfahrungsbericht eines zertifizierten Unternehmens<br \/>\nMichael G\u00f6dde, Kampffmeyer M\u00fchlen GmbH, Ellm\u00fchle K\u00f6ln-Deutz, K\u00f6ln<\/li>\n<li>EMAS erf\u00fcllt die ISO 50001 \u2013 (neue) Aufgaben f\u00fcr Umweltgutachter [ <a href=\"https:\/\/www.vnu-ev.de\/?s2member_file_download=\/access-s2member-level1\/Aufz\/2012\/120904_UGT_5_Racke.pdf\" target=\"_blank\" rel=\"noopener noreferrer\">Vortrag<\/a> ]<br \/>\nDr. Markus Racke, DAU - Deutsche Akkreditierungs- und Zulassungsgesellschaft f\u00fcr Umweltgutachter mbH, Bonn<\/li>\n<li>Erfahrungsbericht zur Umsetzung des EEG \/ NAWARO-Bonus [ <a href=\"https:\/\/www.vnu-ev.de\/?s2member_file_download=\/access-s2member-level1\/Aufz\/2012\/120904_UGT_6_Vassen.pdf\" target=\"_blank\" rel=\"noopener noreferrer\">Vortrag<\/a> ]<br \/>\nPeter Va\u00dfen, ERT e.V., Verband unabh\u00e4ngiger Experten f\u00fcr Erneuerbare Energien, Recht und Technik<br \/>\nLeiter des Arbeitskreises \u201eT\u00e4tigkeiten der Umweltgutachter nach EEG\u201c im VNU<\/li>\n<li>Revision der ISO 14001 \u2013 neueste Ergebnisse der ISO Jahrestagung 2012 [ <a href=\"https:\/\/www.vnu-ev.de\/?s2member_file_download=\/access-s2member-level1\/Aufz\/2012\/120904_UGT_7_Seifert_Wenke.pdf\" target=\"_blank\" rel=\"noopener noreferrer\">Vortrag<\/a> ]<br \/>\nProf. Dr. Eberhard K. Seifert, Deutscher Delegierter zum SC 1 (Environmental Management Systems) \/ ISO TC 207, Karlsruhe<\/li>\n<\/ul>\n","protected":false},"excerpt":{"rendered":"<p>Die niederrheinische IHK in Duisburg ist der Gastgeber f\u00fcr den Umwelt-Gutachter-Tag 2012. Sie erwarten ab&#8230; <a class=\"read-more\" href=\"https:\/\/www.vnu-ev.de\/en\/veranstaltungen\/umweltgutachtertag-2012\">More<\/a><\/p>\n","protected":false},"author":118,"featured_media":0,"comment_status":"closed","ping_status":"closed","sticky":false,"template":"","format":"standard","meta":{"_acf_changed":false,"footnotes":""},"categories":[229,226],"tags":[],"class_list":["post-1606","post","type-post","status-publish","format-standard","hentry","category-umweltgutachtertag","category-veranstaltungen"],"acf":[],"_links":{"self":[{"href":"https:\/\/www.vnu-ev.de\/en\/wp-json\/wp\/v2\/posts\/1606","targetHints":{"allow":["GET"]}}],"collection":[{"href":"https:\/\/www.vnu-ev.de\/en\/wp-json\/wp\/v2\/posts"}],"about":[{"href":"https:\/\/www.vnu-ev.de\/en\/wp-json\/wp\/v2\/types\/post"}],"author":[{"embeddable":true,"href":"https:\/\/www.vnu-ev.de\/en\/wp-json\/wp\/v2\/users\/118"}],"replies":[{"embeddable":true,"href":"https:\/\/www.vnu-ev.de\/en\/wp-json\/wp\/v2\/comments?post=1606"}],"version-history":[{"count":0,"href":"https:\/\/www.vnu-ev.de\/en\/wp-json\/wp\/v2\/posts\/1606\/revisions"}],"wp:attachment":[{"href":"https:\/\/www.vnu-ev.de\/en\/wp-json\/wp\/v2\/media?parent=1606"}],"wp:term":[{"taxonomy":"category","embeddable":true,"href":"https:\/\/www.vnu-ev.de\/en\/wp-json\/wp\/v2\/categories?post=1606"},{"taxonomy":"post_tag","embeddable":true,"href":"https:\/\/www.vnu-ev.de\/en\/wp-json\/wp\/v2\/tags?post=1606"}],"curies":[{"name":"wp","href":"https:\/\/api.w.org\/{rel}","templated":true}]}}