{"id":1610,"date":"2017-01-30T20:53:59","date_gmt":"2017-01-30T19:53:59","guid":{"rendered":"https:\/\/www.vnu-ev.de\/?p=1610"},"modified":"2017-01-30T20:53:59","modified_gmt":"2017-01-30T19:53:59","slug":"umweltgutachtertag-2011","status":"publish","type":"post","link":"https:\/\/www.vnu-ev.de\/en\/veranstaltungen\/umweltgutachtertag-2011","title":{"rendered":"Umweltgutachtertag 2011"},"content":{"rendered":"<p>Aktuelle Vorteile durch und mit EMAS, EMAS Global und die Umsetzung in Deutschland, die EMAS Referenzdokumente, Praxisbeispiele und der Zukunftsfaktor Ressourceneffizienz werden die Themen des Umwelt-Gutachter-Tags sein. Wir danken der IHK Berlin f\u00fcr die tatkr\u00e4ftige Unterst\u00fctzung und freuen uns insbesondere \u00fcber die Referenten-Zusage von zwei Vertretern der EU Kommission.<br \/>\nZum [ Programm ] und der [ Anmeldung ] ...<\/p>\n<ul>\n<li>Hr. Veit Moosmayer, Umweltgutachterausschuss - EMAS f\u00fcr Gewinner [ <a href=\"https:\/\/www.vnu-ev.de\/?s2member_file_download=\/access-s2member-level1\/Aufz\/2011\/110915_1_Moosmayer.pdf\" target=\"_blank\" rel=\"noopener noreferrer\">Vortrag<\/a> ]<\/li>\n<li>Hr. Rolf Jan Hoeve, EU Kommission, DG Env. EMAS Team [ <a href=\"https:\/\/www.vnu-ev.de\/?s2member_file_download=\/access-s2member-level1\/Aufz\/2011\/110915_2_Hoeve.pdf\" target=\"_blank\" rel=\"noopener noreferrer\">Vortrag<\/a> ] und<br \/>\nDr. Markus Racke, DAU GmbH [ <a href=\"https:\/\/www.vnu-ev.de\/?s2member_file_download=\/access-s2member-level1\/Aufz\/2011\/110915_3_Racke.pdf\" target=\"_blank\" rel=\"noopener noreferrer\">Vortrag<\/a> ] - EMAS Global und die nationale Umsetzung<\/li>\n<li>Hr. Dr. Harald Sch\u00f6nberger, Joint Research Centre \/ Institute f\u00fcr Prospective Technological Studies der EU Kommission - EMAS f\u00fcr Kenner - die Referenzdokumente [ <a href=\"https:\/\/www.vnu-ev.de\/?s2member_file_download=\/access-s2member-level1\/Aufz\/2011\/110915_4_Schoenberger.pdf\" target=\"_blank\" rel=\"noopener noreferrer\">Vortrag<\/a> ]<\/li>\n<li>Fr. Katja Pampel, M\u00e4rkisches Landbrot - EMAS in der Praxis bei einer Lieferb\u00e4ckerei [ <a href=\"https:\/\/www.vnu-ev.de\/?s2member_file_download=\/access-s2member-level1\/Aufz\/2011\/110915_5_Pampel.pdf\" target=\"_blank\" rel=\"noopener noreferrer\">Vortrag<\/a> ]<\/li>\n<li>2 parallele Diskussionsgruppen:\n<ul>\n<li>A - T\u00e4tigkeiten der Umweltgutachter - Impuls: Hr. Dr. Racke (DAU GmbH) - neues aus Zulassung und Aufsicht<\/li>\n<li>B - Zukunftsfaktor Ressourceneffizienz - Impuls: Dr. Andreas Berns (demea Deutsche Materialeffizienzagentur) - Strategien und Beratung f\u00fcr Unternehmen [ <a href=\"https:\/\/www.vnu-ev.de\/?s2member_file_download=\/access-s2member-level1\/Aufz\/2011\/110915_6_Berns.pdf\" target=\"_blank\" rel=\"noopener noreferrer\">Vortrag<\/a> ]<\/li>\n<\/ul>\n<\/li>\n<li>Teilnehmerliste [ <a href=\"https:\/\/www.vnu-ev.de\/?s2member_file_download=\/access-s2member-level1\/Aufz\/2011\/110915_Kontakte_UGT.pdf\" target=\"_blank\" rel=\"noopener noreferrer\">Link<\/a> ]<\/li>\n<\/ul>\n","protected":false},"excerpt":{"rendered":"<p>Aktuelle Vorteile durch und mit EMAS, EMAS Global und die Umsetzung in Deutschland, die EMAS&#8230; <a class=\"read-more\" href=\"https:\/\/www.vnu-ev.de\/en\/veranstaltungen\/umweltgutachtertag-2011\">More<\/a><\/p>\n","protected":false},"author":118,"featured_media":0,"comment_status":"closed","ping_status":"closed","sticky":false,"template":"","format":"standard","meta":{"_acf_changed":false,"footnotes":""},"categories":[229,226],"tags":[],"class_list":["post-1610","post","type-post","status-publish","format-standard","hentry","category-umweltgutachtertag","category-veranstaltungen"],"acf":[],"_links":{"self":[{"href":"https:\/\/www.vnu-ev.de\/en\/wp-json\/wp\/v2\/posts\/1610","targetHints":{"allow":["GET"]}}],"collection":[{"href":"https:\/\/www.vnu-ev.de\/en\/wp-json\/wp\/v2\/posts"}],"about":[{"href":"https:\/\/www.vnu-ev.de\/en\/wp-json\/wp\/v2\/types\/post"}],"author":[{"embeddable":true,"href":"https:\/\/www.vnu-ev.de\/en\/wp-json\/wp\/v2\/users\/118"}],"replies":[{"embeddable":true,"href":"https:\/\/www.vnu-ev.de\/en\/wp-json\/wp\/v2\/comments?post=1610"}],"version-history":[{"count":0,"href":"https:\/\/www.vnu-ev.de\/en\/wp-json\/wp\/v2\/posts\/1610\/revisions"}],"wp:attachment":[{"href":"https:\/\/www.vnu-ev.de\/en\/wp-json\/wp\/v2\/media?parent=1610"}],"wp:term":[{"taxonomy":"category","embeddable":true,"href":"https:\/\/www.vnu-ev.de\/en\/wp-json\/wp\/v2\/categories?post=1610"},{"taxonomy":"post_tag","embeddable":true,"href":"https:\/\/www.vnu-ev.de\/en\/wp-json\/wp\/v2\/tags?post=1610"}],"curies":[{"name":"wp","href":"https:\/\/api.w.org\/{rel}","templated":true}]}}