{"id":1669,"date":"2017-02-02T16:09:38","date_gmt":"2017-02-02T15:09:38","guid":{"rendered":"https:\/\/www.vnu-ev.de\/?p=1669"},"modified":"2020-09-28T16:13:06","modified_gmt":"2020-09-28T14:13:06","slug":"klaus-schuler","status":"publish","type":"post","link":"https:\/\/www.vnu-ev.de\/en\/members\/klaus-schuler","title":{"rendered":"Klaus Schuler"},"content":{"rendered":"<p>Die F\u00fchrungskr\u00e4fte haben gro\u00dfen Einfluss auf die drei Dimensionen der Nachhaltigkeit: Gesellschaft, Umwelt und Finanzen. Neudeutsch: People-Planet-Profit. In meiner beruflichen Aufgabe trainiere ich Manager und coache Executives, bessere F\u00fchrungskr\u00e4fte zu werden.\u00a0Eine grunds\u00e4tzliche Reflexion zu den beabsichtigten Zielen (pers\u00f6nlich und f\u00fcr das Unternehmen), eine ethische Reflexion der Positionierung des Unternehmens, eine Sicherstellung verantwortlichen Verhaltens und verantwortlicher Innovation hin zu nachhaltigen Unternehmensergebnissen sind fester Bestandteil dieser Arbeit in Strategieentwicklung, Umsetzung und Ergebnissicherung.<\/p>\n<p>Als Transferpartner des Weltethos-Institutes und Mitglied im dt. Netzwerk f\u00fcr Wirtschaftsethik, sowie als langj\u00e4hriger Rotarier habe ich einen regen Austausch zu wirtschafts-ethischen Fragestellungen f\u00fcr F\u00fchrungskr\u00e4fte und Unternehmen.\u00a0 Im Verband kann ich v.a. Impulse zu den eng verflochtenen Themenbereichen Wirtschaftsethik und F\u00fchrungskr\u00e4fte-Entwicklung anbieten.<\/p>\n<p>&nbsp;<\/p>\n","protected":false},"excerpt":{"rendered":"<p>Die F\u00fchrungskr\u00e4fte haben gro\u00dfen Einfluss auf die drei Dimensionen der Nachhaltigkeit: Gesellschaft, Umwelt und Finanzen&#8230;. <a class=\"read-more\" href=\"https:\/\/www.vnu-ev.de\/en\/members\/klaus-schuler\">More<\/a><\/p>\n","protected":false},"author":118,"featured_media":0,"comment_status":"closed","ping_status":"closed","sticky":false,"template":"","format":"standard","meta":{"_acf_changed":false,"footnotes":""},"categories":[2,271],"tags":[51,52,53,54,55,56,24,57,58,59,31],"class_list":["post-1669","post","type-post","status-publish","format-standard","hentry","category-members","category-mitglieder","tag-ethische-fuehrung","tag-ethische-reflexion","tag-fuehrungsehtik","tag-leadership","tag-leadership-development","tag-nachhaltiges-unternehmen","tag-nachhaltigkeit","tag-stakeholder-dialoge","tag-stakeholder-management","tag-verantworliches-fuehren","tag-wirtschaftsethik"],"acf":[],"_links":{"self":[{"href":"https:\/\/www.vnu-ev.de\/en\/wp-json\/wp\/v2\/posts\/1669","targetHints":{"allow":["GET"]}}],"collection":[{"href":"https:\/\/www.vnu-ev.de\/en\/wp-json\/wp\/v2\/posts"}],"about":[{"href":"https:\/\/www.vnu-ev.de\/en\/wp-json\/wp\/v2\/types\/post"}],"author":[{"embeddable":true,"href":"https:\/\/www.vnu-ev.de\/en\/wp-json\/wp\/v2\/users\/118"}],"replies":[{"embeddable":true,"href":"https:\/\/www.vnu-ev.de\/en\/wp-json\/wp\/v2\/comments?post=1669"}],"version-history":[{"count":2,"href":"https:\/\/www.vnu-ev.de\/en\/wp-json\/wp\/v2\/posts\/1669\/revisions"}],"predecessor-version":[{"id":5208,"href":"https:\/\/www.vnu-ev.de\/en\/wp-json\/wp\/v2\/posts\/1669\/revisions\/5208"}],"wp:attachment":[{"href":"https:\/\/www.vnu-ev.de\/en\/wp-json\/wp\/v2\/media?parent=1669"}],"wp:term":[{"taxonomy":"category","embeddable":true,"href":"https:\/\/www.vnu-ev.de\/en\/wp-json\/wp\/v2\/categories?post=1669"},{"taxonomy":"post_tag","embeddable":true,"href":"https:\/\/www.vnu-ev.de\/en\/wp-json\/wp\/v2\/tags?post=1669"}],"curies":[{"name":"wp","href":"https:\/\/api.w.org\/{rel}","templated":true}]}}