{"id":1787,"date":"2017-02-14T16:33:12","date_gmt":"2017-02-14T15:33:12","guid":{"rendered":"https:\/\/www.vnu-ev.de\/?p=1787"},"modified":"2025-01-29T11:01:51","modified_gmt":"2025-01-29T10:01:51","slug":"thorsten-grantner","status":"publish","type":"post","link":"https:\/\/www.vnu-ev.de\/en\/members\/thorsten-grantner","title":{"rendered":"Thorsten Grantner"},"content":{"rendered":"<p>Zusammen mit dem Team der durch ihn gegr\u00fcndeten OmniCert Umweltgutachter GmbH zertifiziert Thorsten Grantner j\u00e4hrlich rund 1.300 Kunden der Bioenergiebranche nach EEG und RED II \/BioSt-NachV. Hinzu kommen seine T\u00e4tigkeiten als bef\u00e4higte Person nach BetrSichV \u00a714\/15 sowie nach AwSV (Wasserrecht). Firmenkunden aus Industrie, Mittelstand und Verwaltung sowie Ministerien und NGOs zertifiziert oder ber\u00e4t Thorsten Grantner nach den ISO-Normen f\u00fcr Umwelt, Energie, Nachhaltigkeit und Qualit\u00e4t sowie EMAS.<\/p>\n<p>Die Basis seines Tuns legte Thorsten Grantner mit dem Studium an der Technischen Universit\u00e4t M\u00fcnchen und am Landwirtschaftlichen Bildungszentrum in Triesdorf der Fachhochschule Weihenstephan. Danach folgte die berufliche T\u00e4tigkeit als Energie- und Umweltingenieur bei der Siemens AG im Bereich Kraftwerksbau, in der Chemischen Industrie sowie in der Entwicklung und Finanzierung von Biogasprojekten bei der in-TRUST Projekt AG. Seine berufliche Laufbahn f\u00fchrte Herrn Grantner von Bayern aus nach Australien (Forschungsprojekte in Kohlekraftwerken bei CSIRO Energy Technology), Spanien (Inbetriebnahme eines Gas- und Dampfkraftwerkes mit 3 x 400 MW) sowie in alle deutschen Bundesl\u00e4nder.<\/p>\n<p>Herr Grantner ist seit 2009 als Umweltgutachter nach \u00a7 9 Umweltauditgesetz von der Deutschen Akkreditierungs- und Zulassungsgesellschaft f\u00fcr Umweltgutachter mbH \u2013 DAU \u2013 akkreditiert (DE-V-0284) und gr\u00fcndete die Umweltgutachterorganisation und Zertifizierungsstelle OmniCert Umweltgutachter GmbH in Bad Abbach. In seiner Funktion als Mitglied im Vorstand des Umweltgutachterausschuss des Bundesministeriums f\u00fcr Umwelt, Naturschutz, Bau und Reaktorsicherheit ist er ehrenamtlich f\u00fcr die Verbreitung des Umweltmanagementsystems EMAS sowie in der Erstellung von Standards f\u00fcr Umweltgutachter t\u00e4tig.<\/p>\n","protected":false},"excerpt":{"rendered":"<p>Zusammen mit dem Team der durch ihn gegr\u00fcndeten OmniCert Umweltgutachter GmbH zertifiziert Thorsten Grantner j\u00e4hrlich&#8230; <a class=\"read-more\" href=\"https:\/\/www.vnu-ev.de\/en\/members\/thorsten-grantner\">More<\/a><\/p>\n","protected":false},"author":118,"featured_media":0,"comment_status":"closed","ping_status":"closed","sticky":false,"template":"","format":"standard","meta":{"_acf_changed":false,"footnotes":""},"categories":[2,271],"tags":[70,12,13,334,63,16],"class_list":["post-1787","post","type-post","status-publish","format-standard","hentry","category-members","category-mitglieder","tag-arbeitsschutz","tag-emas","tag-energiemanagement","tag-klimabilanzierung","tag-produktbilanzierung","tag-umweltmanagement"],"acf":[],"_links":{"self":[{"href":"https:\/\/www.vnu-ev.de\/en\/wp-json\/wp\/v2\/posts\/1787","targetHints":{"allow":["GET"]}}],"collection":[{"href":"https:\/\/www.vnu-ev.de\/en\/wp-json\/wp\/v2\/posts"}],"about":[{"href":"https:\/\/www.vnu-ev.de\/en\/wp-json\/wp\/v2\/types\/post"}],"author":[{"embeddable":true,"href":"https:\/\/www.vnu-ev.de\/en\/wp-json\/wp\/v2\/users\/118"}],"replies":[{"embeddable":true,"href":"https:\/\/www.vnu-ev.de\/en\/wp-json\/wp\/v2\/comments?post=1787"}],"version-history":[{"count":7,"href":"https:\/\/www.vnu-ev.de\/en\/wp-json\/wp\/v2\/posts\/1787\/revisions"}],"predecessor-version":[{"id":6121,"href":"https:\/\/www.vnu-ev.de\/en\/wp-json\/wp\/v2\/posts\/1787\/revisions\/6121"}],"wp:attachment":[{"href":"https:\/\/www.vnu-ev.de\/en\/wp-json\/wp\/v2\/media?parent=1787"}],"wp:term":[{"taxonomy":"category","embeddable":true,"href":"https:\/\/www.vnu-ev.de\/en\/wp-json\/wp\/v2\/categories?post=1787"},{"taxonomy":"post_tag","embeddable":true,"href":"https:\/\/www.vnu-ev.de\/en\/wp-json\/wp\/v2\/tags?post=1787"}],"curies":[{"name":"wp","href":"https:\/\/api.w.org\/{rel}","templated":true}]}}