{"id":2130,"date":"2017-06-01T10:08:08","date_gmt":"2017-06-01T08:08:08","guid":{"rendered":"https:\/\/www.vnu-ev.de\/?p=2130"},"modified":"2020-09-28T16:15:02","modified_gmt":"2020-09-28T14:15:02","slug":"jan-uwe-lieback","status":"publish","type":"post","link":"https:\/\/www.vnu-ev.de\/en\/members\/jan-uwe-lieback","title":{"rendered":"Jan Uwe Lieback"},"content":{"rendered":"<p>Als Umweltgutachter und Gesch\u00e4ftsf\u00fchrer einer Umweltgutachterorganisation ist es selbstverst\u00e4ndlich, Mitglied im VNU zu sein. In \"unserem\" Verband \u00fcbernehme ich selbst Aufgaben (bspw. im Gutachterausschuss) und binde andere Kolleginnen und Kollegen der GUTcert GmbH ein.<\/p>\n<h3>Berufserfahrung<\/h3>\n<p>Prof. Lieback studierte und promovierte an der TU Berlin am Institut f\u00fcr technischen Umweltschutz. Er war Mitarbeiter der Stabsstelle Umweltschutz im Bereich Kraftwerke der BEWAG und gr\u00fcndete 1986 eine Beratungsgesellschaft f\u00fcr Betriebsorganisation und Umweltschutz.<\/p>\n<p>Seit 1997 widmet er sich ausschlie\u00dflich dem Zertifizierungsgesch\u00e4ft und qualifizierte sich\u00a0 zum Umweltgutacher und Auditor f\u00fcr QM, UM, Energiemanagement, Arbeitssicherheit, Nachhaltige Biomasse, Emissionshandel und weitere Bereiche. Er ist Professor f\u00fcr Nachhaltige Entwicklung an der ESCP Paris, Campus Berlin.<\/p>\n<h3>Branchenkenntnisse<\/h3>\n<ul>\n<li>Automobilindustrie<\/li>\n<li>Metallerzeugung und -verarbeitung<\/li>\n<li>Energieerzeugung und -versorgung, erneuerbare Energien<\/li>\n<li>Elektroindustrie<\/li>\n<li>Umweltplanung \/ Umweltanalytik<\/li>\n<li>Gesundheitswesen<\/li>\n<li>Pharmaindustrie<\/li>\n<li>Banken und Versicherungen<\/li>\n<\/ul>\n<h3>Referenzen<\/h3>\n<ul>\n<li>Seit 2010 Umweltpr\u00fcfer der ECB Bank<\/li>\n<li>Mitglied des Umwelt- und Energieausschusses der IHK Berlin<\/li>\n<li>Mitglied im Pr\u00fcfungsausschuss der Deutschen Akkreditierungs- und Zulassungsgesellschaft f\u00fcr Umweltgutachter mbH (DAU)<\/li>\n<li>Mitglied und zeitweise stellvertretender Vorsitzender des Umweltgutachterausschusses<\/li>\n<li>Mitglied des Beirates im Fachbereich\u00a06 der DAkks<\/li>\n<li>Stellvertretender Vorsitzender des Vorstandes des VDI-Bezirksvereins Berlin-Brandenburg<\/li>\n<li>Beratender Ingenieur der Ingenieurkammer Brandenburg<\/li>\n<li>Ausbildung der internen Auditoren eines Umweltmanagementsystems der DG Environment, der DG Admin und dem Secretary General der EU in Br\u00fcssel<\/li>\n<\/ul>\n","protected":false},"excerpt":{"rendered":"<p>Als Umweltgutachter und Gesch\u00e4ftsf\u00fchrer einer Umweltgutachterorganisation ist es selbstverst\u00e4ndlich, Mitglied im VNU zu sein. In&#8230; <a class=\"read-more\" href=\"https:\/\/www.vnu-ev.de\/en\/members\/jan-uwe-lieback\">More<\/a><\/p>\n","protected":false},"author":118,"featured_media":0,"comment_status":"closed","ping_status":"closed","sticky":false,"template":"","format":"standard","meta":{"_acf_changed":false,"footnotes":""},"categories":[2,271],"tags":[12,13,24,85],"class_list":["post-2130","post","type-post","status-publish","format-standard","hentry","category-members","category-mitglieder","tag-emas","tag-energiemanagement","tag-nachhaltigkeit","tag-umweltgutachter"],"acf":[],"_links":{"self":[{"href":"https:\/\/www.vnu-ev.de\/en\/wp-json\/wp\/v2\/posts\/2130","targetHints":{"allow":["GET"]}}],"collection":[{"href":"https:\/\/www.vnu-ev.de\/en\/wp-json\/wp\/v2\/posts"}],"about":[{"href":"https:\/\/www.vnu-ev.de\/en\/wp-json\/wp\/v2\/types\/post"}],"author":[{"embeddable":true,"href":"https:\/\/www.vnu-ev.de\/en\/wp-json\/wp\/v2\/users\/118"}],"replies":[{"embeddable":true,"href":"https:\/\/www.vnu-ev.de\/en\/wp-json\/wp\/v2\/comments?post=2130"}],"version-history":[{"count":4,"href":"https:\/\/www.vnu-ev.de\/en\/wp-json\/wp\/v2\/posts\/2130\/revisions"}],"predecessor-version":[{"id":5214,"href":"https:\/\/www.vnu-ev.de\/en\/wp-json\/wp\/v2\/posts\/2130\/revisions\/5214"}],"wp:attachment":[{"href":"https:\/\/www.vnu-ev.de\/en\/wp-json\/wp\/v2\/media?parent=2130"}],"wp:term":[{"taxonomy":"category","embeddable":true,"href":"https:\/\/www.vnu-ev.de\/en\/wp-json\/wp\/v2\/categories?post=2130"},{"taxonomy":"post_tag","embeddable":true,"href":"https:\/\/www.vnu-ev.de\/en\/wp-json\/wp\/v2\/tags?post=2130"}],"curies":[{"name":"wp","href":"https:\/\/api.w.org\/{rel}","templated":true}]}}