{"id":2473,"date":"2017-07-08T07:36:43","date_gmt":"2017-07-08T05:36:43","guid":{"rendered":"https:\/\/www.vnu-ev.de\/?p=2473"},"modified":"2020-09-28T16:16:36","modified_gmt":"2020-09-28T14:16:36","slug":"theresa-steyrer","status":"publish","type":"post","link":"https:\/\/www.vnu-ev.de\/en\/members\/theresa-steyrer","title":{"rendered":"Theresa Steyrer"},"content":{"rendered":"<p>Die Schnittstelle zwischen Unternehmens-, Politikberatung und Forschung ist \u2013 nach mehreren Jahren in der klassischen Beratung im Bereich Umweltmanagement\u00a0\u2013\u00a0mein Haupt-T\u00e4tigkeitsfeld. Dabei befasse ich mich u.a. damit, wie politische Ma\u00dfnahmen nachhaltiges Wirtschaften in Unternehmen f\u00f6rdern und wie entsprechende \u00f6konomische, gesetzliche und sonstige Anreize aussehen k\u00f6nnen.\u00a0 Der VNU ist in diesem Zusammenhang eine wichtige Plattform f\u00fcr mich, da aktuelle Nachhaltigkeitsthemen gemeinsam mit Akteuren aus Wirtschaft, Wissenschaft, Verb\u00e4nden und Politik aufgegriffen und praxisnah diskutiert werden.<\/p>\n","protected":false},"excerpt":{"rendered":"<p>Die Schnittstelle zwischen Unternehmens-, Politikberatung und Forschung ist \u2013 nach mehreren Jahren in der klassischen&#8230; <a class=\"read-more\" href=\"https:\/\/www.vnu-ev.de\/en\/members\/theresa-steyrer\">More<\/a><\/p>\n","protected":false},"author":118,"featured_media":0,"comment_status":"closed","ping_status":"closed","sticky":false,"template":"","format":"standard","meta":{"_acf_changed":false,"footnotes":""},"categories":[2,271],"tags":[32,28,12,108,67,91,109],"class_list":["post-2473","post","type-post","status-publish","format-standard","hentry","category-members","category-mitglieder","tag-auditierungen","tag-csr","tag-emas","tag-kmu","tag-nachhaltigkeitsmanagement","tag-schulungen","tag-ums"],"acf":[],"_links":{"self":[{"href":"https:\/\/www.vnu-ev.de\/en\/wp-json\/wp\/v2\/posts\/2473","targetHints":{"allow":["GET"]}}],"collection":[{"href":"https:\/\/www.vnu-ev.de\/en\/wp-json\/wp\/v2\/posts"}],"about":[{"href":"https:\/\/www.vnu-ev.de\/en\/wp-json\/wp\/v2\/types\/post"}],"author":[{"embeddable":true,"href":"https:\/\/www.vnu-ev.de\/en\/wp-json\/wp\/v2\/users\/118"}],"replies":[{"embeddable":true,"href":"https:\/\/www.vnu-ev.de\/en\/wp-json\/wp\/v2\/comments?post=2473"}],"version-history":[{"count":3,"href":"https:\/\/www.vnu-ev.de\/en\/wp-json\/wp\/v2\/posts\/2473\/revisions"}],"predecessor-version":[{"id":5219,"href":"https:\/\/www.vnu-ev.de\/en\/wp-json\/wp\/v2\/posts\/2473\/revisions\/5219"}],"wp:attachment":[{"href":"https:\/\/www.vnu-ev.de\/en\/wp-json\/wp\/v2\/media?parent=2473"}],"wp:term":[{"taxonomy":"category","embeddable":true,"href":"https:\/\/www.vnu-ev.de\/en\/wp-json\/wp\/v2\/categories?post=2473"},{"taxonomy":"post_tag","embeddable":true,"href":"https:\/\/www.vnu-ev.de\/en\/wp-json\/wp\/v2\/tags?post=2473"}],"curies":[{"name":"wp","href":"https:\/\/api.w.org\/{rel}","templated":true}]}}