{"id":2730,"date":"2017-10-20T18:17:10","date_gmt":"2017-10-20T16:17:10","guid":{"rendered":"https:\/\/www.vnu-ev.de\/?p=2730"},"modified":"2017-10-20T18:17:10","modified_gmt":"2017-10-20T16:17:10","slug":"umweltgutachtertag-2018","status":"publish","type":"post","link":"https:\/\/www.vnu-ev.de\/en\/top-event\/umweltgutachtertag-2018","title":{"rendered":"Umweltgutachtertag 2018"},"content":{"rendered":"<h3><img loading=\"lazy\" decoding=\"async\" class=\"alignnone wp-image-916\" src=\"https:\/\/www.vnu-ev.de\/wp-content\/uploads\/2016\/10\/VNU_Logo_300_px_gro\u00df-e1493302837619.jpg\" alt=\"VNU e.V.\" width=\"259\" height=\"180\" \/><\/h3>\n<h2><span style=\"color: #112299\"><strong>Umweltmanagementsysteme im Wandel <\/strong><\/span><\/h2>\n<h3><span style=\"color: #112299\"><strong>Eine Veranstaltung f\u00fcr Umweltgutachter, Zertifizierer und Anwender<\/strong><\/span><\/h3>\n<p>Wie l\u00e4sst sich EMAS mit dem Deutschen Nachhaltigkeitskodex verbinden? Dies ist das Thema einer Studie, die der VNU im Auftrag des Umweltgutachterausschusses durchf\u00fchrte. Die Ergebnisse pr\u00e4sentieren wir Ihnen beim diesj\u00e4hrigen Umweltgutachtertag und beleuchten damit eine Verbindung eines Umweltmanagementsystems mit der Nachhaltigkeitsberichterstattung. Die Ergebnisse der Studie werden durch das Umweltbundesamt und den Umweltgutachterausschuss mindestens in Form einer Brosch\u00fcre ver\u00f6ffentlicht.<\/p>\n<p>In diesem Zusammenhang gewinnt die Glaubw\u00fcrdigkeit von Managementsystemen und Unternehmensberichten weiter an Bedeutung und wirft die Frage auf, wie umfangreich eine Validierung \/ Zertifizierung sein sollte, um ein gutes und belastbares, inhaltliches Ergebnis zu erlangen. Im Rahmen einer moderierten Podiumsdiskussion tauschen Umweltgutachter, Auditoren, Zulassungsstellen und Anwender Ihre Erfahrungen dazu aus.<\/p>\n<p>Welche Neuigkeiten gibt es aus dem Umweltrecht? Hierzu sind zwei Beitr\u00e4ge geplant, die die beispielsweise die Auswirkungen neuer Regelungen im Wasserrecht betreffen.<\/p>\n<p>Den Abschluss des Tages wird ein Erfahrungsaustausch bilden, bei dem wir durch Impulsvortr\u00e4ge die Themen \u201eF\u00fchrungsverantwortung\u201c und \u201eKontext der Organisation\u201c pr\u00e4sentieren und mit den Anwesenden \u00fcber deren Erfahrungen diskutieren.<\/p>\n<p>Der Gesch\u00e4ftsf\u00fchrer der DAU GmbH wird dar\u00fcber hinaus zur Beantwortung offener Fragen rund um EMAS den Gutachtern zur Verf\u00fcgung stehen. <strong>Sie k\u00f6nnen Ihre Fragen vorab einreichen<\/strong>.<\/p>\n<h3><span style=\"color: #112299\"><strong>Programm<\/strong><\/span><\/h3>\n<ol>\n<li><strong>Begr\u00fc\u00dfung<\/strong><br \/>\nPeter Driessen, Hauptgesch\u00e4ftsf\u00fchrer der IHK M\u00fcnchen und Oberbayern<br \/>\nBettina Heimer, Vorstand des VNU e. V.<\/li>\n<li><strong>Schnittstelle zwischen dem Deutschen Nachhaltigkeitskodex und EMAS<br \/>\nStudie im Auftrag des Umweltgutachterausschusses\u00a0<\/strong><br \/>\nEsther Zippel, Gesch\u00e4ftsf\u00fchrung des Umweltgutachterausschusses<strong>\u00a0\u00a0[\u00a0<a href=\"https:\/\/www.vnu-ev.de\/?s2member_file_download=\/access-s2member-level1\/Aufz\/2018\/180920_UGT_EMAS_DNK_a_Zippel.pdf\" target=\"_blank\" rel=\"noopener noreferrer\">Vortrag zum Download<\/a>\u00a0]<\/strong><br \/>\nBettina Heimer, Projektleitung der Studie des VNU e. V.<strong>\u00a0\u00a0[\u00a0<a href=\"https:\/\/www.vnu-ev.de\/?s2member_file_download=\/access-s2member-level1\/Aufz\/2018\/180920_UGT_EMAS_DNK_b_Heimer.pdf\" target=\"_blank\" rel=\"noopener noreferrer\">Vortrag zum Download<\/a>\u00a0]<\/strong><\/li>\n<li><strong>Podiumsdiskussion<br \/>\nValidierung und Zertifizierung \u2013 welche Pr\u00fcfungsdauer ist angemessen?\u00a0[\u00a0<a href=\"https:\/\/www.vnu-ev.de\/?s2member_file_download=\/access-s2member-level1\/Aufz\/2018\/180920_UGT_Podiumsdiskussion_Ermittlung-v_Auditzeiten.pdf\">PDF\u00a0zum Download<\/a>\u00a0]<br \/>\n<\/strong>Ulrich Wegener, Leiter der Zertifizierungsstelle, T\u00dcV S\u00dcD Management Service GmbH<br \/>\nThorsten Grantner, Leiter der AG ZPA im UGA, OmniCert Umweltgutachter GmbH<br \/>\nAxel Bitzer, Interstuhl B\u00fcrom\u00f6bel GmbH &amp;\u00a0Co.KG<br \/>\nDr. Heinz Herzog, CWS Powder Coatings GmbH<br \/>\nDr. Markus Racke, DAU GmbH<\/li>\n<li><strong>Aktuelle Rechtsprechung zu den Bewirtschaftungszielen der EU-Wasserrahmenrichtlinie<br \/>\n<\/strong><strong>Folgen f\u00fcr Industrieanlagen\u00a0[\u00a0<a href=\"https:\/\/www.vnu-ev.de\/?s2member_file_download=\/access-s2member-level1\/Aufz\/2018\/180920_UGT_EU-Wasserrahmenrichtlinie_Dr-Dohmen.pdf\" target=\"_blank\" rel=\"noopener noreferrer\">Vortrag zum Download<\/a>\u00a0]<\/strong><br \/>\nDr. Alexander Dohmen, KOPP-ASSENMACHER &amp; NUSSER, Partnerschaft von Rechtsanw\u00e4lten mbB<strong>\u00a0<\/strong><\/li>\n<li><strong>Revision der TA Luft\u00a0[\u00a0<a href=\"https:\/\/www.vnu-ev.de\/?s2member_file_download=\/access-s2member-level1\/Aufz\/2018\/180920_UGT_TA-Luft-Novelle_StMUV_Dr-Wolf.pdf\" target=\"_blank\" rel=\"noopener noreferrer\">Vortrag zum Download<\/a>\u00a0]<br \/>\n<\/strong>Dr. Anita Wolf, Bayerisches Staatsministerium f\u00fcr Umwelt- und Verbraucherschutz<\/li>\n<li><strong>Erfahrungsaustausch<\/strong><br \/>\nF\u00fchrungsverantwortung, Kontext der Organisation und offene Fragen an die DAU GmbH und den UGA<br \/>\nImpulsvortr\u00e4ge zum jeweiligen Schwerpunkt und Diskussion mit den Anwesenden<\/li>\n<li style=\"list-style-type: none\"><\/li>\n<li style=\"list-style-type: none\"><a href=\"https:\/\/www.vnu-ev.de\/wp-content\/uploads\/2018\/09\/180920_UGT_Programm.pdf\">Programm<\/a><\/li>\n<\/ol>\n","protected":false},"excerpt":{"rendered":"<p>Umweltmanagementsysteme im Wandel Eine Veranstaltung f\u00fcr Umweltgutachter, Zertifizierer und Anwender Wie l\u00e4sst sich EMAS mit&#8230; <a class=\"read-more\" href=\"https:\/\/www.vnu-ev.de\/en\/top-event\/umweltgutachtertag-2018\">More<\/a><\/p>\n","protected":false},"author":118,"featured_media":0,"comment_status":"closed","ping_status":"closed","sticky":false,"template":"","format":"standard","meta":{"_acf_changed":false,"footnotes":""},"categories":[9,229,226],"tags":[],"class_list":["post-2730","post","type-post","status-publish","format-standard","hentry","category-top-event","category-umweltgutachtertag","category-veranstaltungen"],"acf":[],"_links":{"self":[{"href":"https:\/\/www.vnu-ev.de\/en\/wp-json\/wp\/v2\/posts\/2730","targetHints":{"allow":["GET"]}}],"collection":[{"href":"https:\/\/www.vnu-ev.de\/en\/wp-json\/wp\/v2\/posts"}],"about":[{"href":"https:\/\/www.vnu-ev.de\/en\/wp-json\/wp\/v2\/types\/post"}],"author":[{"embeddable":true,"href":"https:\/\/www.vnu-ev.de\/en\/wp-json\/wp\/v2\/users\/118"}],"replies":[{"embeddable":true,"href":"https:\/\/www.vnu-ev.de\/en\/wp-json\/wp\/v2\/comments?post=2730"}],"version-history":[{"count":0,"href":"https:\/\/www.vnu-ev.de\/en\/wp-json\/wp\/v2\/posts\/2730\/revisions"}],"wp:attachment":[{"href":"https:\/\/www.vnu-ev.de\/en\/wp-json\/wp\/v2\/media?parent=2730"}],"wp:term":[{"taxonomy":"category","embeddable":true,"href":"https:\/\/www.vnu-ev.de\/en\/wp-json\/wp\/v2\/categories?post=2730"},{"taxonomy":"post_tag","embeddable":true,"href":"https:\/\/www.vnu-ev.de\/en\/wp-json\/wp\/v2\/tags?post=2730"}],"curies":[{"name":"wp","href":"https:\/\/api.w.org\/{rel}","templated":true}]}}