{"id":2904,"date":"2018-01-11T12:30:16","date_gmt":"2018-01-11T11:30:16","guid":{"rendered":"https:\/\/www.vnu-ev.de\/?p=2904"},"modified":"2018-01-11T12:30:16","modified_gmt":"2018-01-11T11:30:16","slug":"3-environmental-manager-day","status":"publish","type":"post","link":"https:\/\/www.vnu-ev.de\/en\/veranstaltungen\/3-environmental-manager-day","title":{"rendered":"3. VNU Environmental Manager Day"},"content":{"rendered":"<h3><strong><img loading=\"lazy\" decoding=\"async\" class=\"alignnone wp-image-2338\" src=\"https:\/\/www.vnu-ev.de\/wp-content\/uploads\/2017\/06\/VNU_Logo_96_quer-300x300.gif\" alt=\"\" width=\"157\" height=\"157\" srcset=\"https:\/\/www.vnu-ev.de\/en\/wp-content\/uploads\/2017\/06\/VNU_Logo_96_quer-300x300.gif 300w, https:\/\/www.vnu-ev.de\/en\/wp-content\/uploads\/2017\/06\/VNU_Logo_96_quer-150x150.gif 150w, https:\/\/www.vnu-ev.de\/en\/wp-content\/uploads\/2017\/06\/VNU_Logo_96_quer-500x500.gif 500w, https:\/\/www.vnu-ev.de\/en\/wp-content\/uploads\/2017\/06\/VNU_Logo_96_quer-400x400.gif 400w\" sizes=\"auto, (max-width: 157px) 100vw, 157px\" \/>\u00a0\u00a0\u00a0<\/strong><\/h3>\n<h3><strong>3. VNU-Environmental Manager Day S\u00fcdosteuropa<\/strong><\/h3>\n<p>Betriebsbeauftragte diskutierten \u00fcber Nachhaltigkeit und Wettbewerbsvorteile durch effektiven Umweltschutz auf dem 3. EMD in Sofia<\/p>\n<p>F\u00fcr bulgarische Unternehmen werden Umweltmanagement und Nachhaltigkeit zunehmend zu Wettbewerbsfaktoren. Die immer st\u00e4rkere Einbindung der Unternehmen in europaweite Zuliefer- und Produktionsstrukturen weitet auch den Blick f\u00fcr die damit verbundenen Herausforderungen an das betriebliche Umweltmanagement, wie Heiko Schmidt von INNO-CON in seiner Er\u00f6ffnung feststellen konnte.<\/p>\n<p>Zum 3. Environmental Manager Day hatte das Ingenieurb\u00fcro INNO-CON in Zusammenarbeit mit dem Verband f\u00fcr nachhaltiges Umweltmanagement e. V. (VNU) und der Firma Ecomax als Hauptsponsor eingeladen. Das bulgarische Ministerium f\u00fcr Umweltschutz und Wasser \u00fcbernahm die Schirmherrschaft der Tagesveranstaltung, zu der F\u00fchrungskr\u00e4fte, Umweltmanager und Wissenschaftler aus Bulgarien, Mazedonien, \u00d6sterreich und Deutschland gekommen waren.<\/p>\n","protected":false},"excerpt":{"rendered":"<p>\u00a0\u00a0\u00a0 3. VNU-Environmental Manager Day S\u00fcdosteuropa Betriebsbeauftragte diskutierten \u00fcber Nachhaltigkeit und Wettbewerbsvorteile durch effektiven Umweltschutz&#8230; <a class=\"read-more\" href=\"https:\/\/www.vnu-ev.de\/en\/veranstaltungen\/3-environmental-manager-day\">More<\/a><\/p>\n","protected":false},"author":118,"featured_media":0,"comment_status":"closed","ping_status":"closed","sticky":false,"template":"","format":"standard","meta":{"_acf_changed":false,"footnotes":""},"categories":[242,226],"tags":[],"class_list":["post-2904","post","type-post","status-publish","format-standard","hentry","category-ressort","category-veranstaltungen"],"acf":[],"_links":{"self":[{"href":"https:\/\/www.vnu-ev.de\/en\/wp-json\/wp\/v2\/posts\/2904","targetHints":{"allow":["GET"]}}],"collection":[{"href":"https:\/\/www.vnu-ev.de\/en\/wp-json\/wp\/v2\/posts"}],"about":[{"href":"https:\/\/www.vnu-ev.de\/en\/wp-json\/wp\/v2\/types\/post"}],"author":[{"embeddable":true,"href":"https:\/\/www.vnu-ev.de\/en\/wp-json\/wp\/v2\/users\/118"}],"replies":[{"embeddable":true,"href":"https:\/\/www.vnu-ev.de\/en\/wp-json\/wp\/v2\/comments?post=2904"}],"version-history":[{"count":0,"href":"https:\/\/www.vnu-ev.de\/en\/wp-json\/wp\/v2\/posts\/2904\/revisions"}],"wp:attachment":[{"href":"https:\/\/www.vnu-ev.de\/en\/wp-json\/wp\/v2\/media?parent=2904"}],"wp:term":[{"taxonomy":"category","embeddable":true,"href":"https:\/\/www.vnu-ev.de\/en\/wp-json\/wp\/v2\/categories?post=2904"},{"taxonomy":"post_tag","embeddable":true,"href":"https:\/\/www.vnu-ev.de\/en\/wp-json\/wp\/v2\/tags?post=2904"}],"curies":[{"name":"wp","href":"https:\/\/api.w.org\/{rel}","templated":true}]}}