{"id":2910,"date":"2018-01-11T12:40:29","date_gmt":"2018-01-11T11:40:29","guid":{"rendered":"https:\/\/www.vnu-ev.de\/?p=2910"},"modified":"2020-03-12T15:03:19","modified_gmt":"2020-03-12T14:03:19","slug":"2-environmental-manager-day","status":"publish","type":"post","link":"https:\/\/www.vnu-ev.de\/en\/events\/2-environmental-manager-day","title":{"rendered":"2. VNU Environmental Manager Day"},"content":{"rendered":"<h3><strong><img loading=\"lazy\" decoding=\"async\" class=\"alignnone wp-image-2338\" src=\"https:\/\/www.vnu-ev.de\/wp-content\/uploads\/2017\/06\/VNU_Logo_96_quer-300x300.gif\" alt=\"\" width=\"157\" height=\"157\" srcset=\"https:\/\/www.vnu-ev.de\/en\/wp-content\/uploads\/2017\/06\/VNU_Logo_96_quer-300x300.gif 300w, https:\/\/www.vnu-ev.de\/en\/wp-content\/uploads\/2017\/06\/VNU_Logo_96_quer-150x150.gif 150w, https:\/\/www.vnu-ev.de\/en\/wp-content\/uploads\/2017\/06\/VNU_Logo_96_quer-500x500.gif 500w, https:\/\/www.vnu-ev.de\/en\/wp-content\/uploads\/2017\/06\/VNU_Logo_96_quer-400x400.gif 400w\" sizes=\"auto, (max-width: 157px) 100vw, 157px\" \/>\u00a0\u00a0\u00a0<\/strong><\/h3>\n<h3><strong>2. VNU Environmental Manager Day S\u00fcdosteuropa<\/strong><\/h3>\n<p>Der VNU organisierte in Zusammenarbeit mit INNO-CON und der Schaeffler\u00a0Gruppe den 2. Umweltmanagertag S\u00fcdosteuropa.<\/p>\n<p>Der VNU veranstaltete am 3. November 2010 den zweiten Umweltmanagertag f\u00fcr S\u00fcdosteuropa. Kompetente Teilnehmer aus Beh\u00f6rden und Unternehmen trafen sich in den R\u00e4umlichkeiten der Schaeffler Gruppe in Cristian\/Brasov (Rum\u00e4nien). VNU-Vorstand Heiko Schmidt stellte den Verband mit seinen Mitgliedern, seinen Zielen, den Gremien, seinen Veranstaltungen und dem Internet-Auftritt vor. Er betonte den Nutzen, der sich aus dem Netzwerk der Umweltexperten ergibt und lud dazu ein, in diesem Fachverband mitzuarbeiten.<\/p>\n<p>Felicia Ioana vom Umweltministerium in Bukarest sprach umfassend \u00fcber den hohen Anspruch von EMAS. Dabei hob sie unter anderem die Qualifikation der Umweltgutachter hervor. In Rum\u00e4nien gibt es bisher 3 EMAS-Organisationen, wovon Schaeffler der einzige Industriebetrieb ist.\u00a0Veit Moosmayer, Gesch\u00e4ftsf\u00fchrer des Umweltgutachterausschusses (UGA) erl\u00e4uterte die mit EMAS in Deutschland verbundenen Strukturen und Gremien. Er stellte Beispiele vor, wie EMAS seitens der Beh\u00f6rden in Deutschland und anderen Mitgliedsstaaten gef\u00f6rdert wird und wies auf die Chancen f\u00fcr die Beh\u00f6rden hin, mit EMAS ihre Arbeit zu optimieren.<\/p>\n<p>Lennart Schleicher, VNU-Vorstand und Umweltmanager der Schaeffler Gruppe, stellte die weltweiten Aktivit\u00e4ten\u00a0von Schaeffler\u00a0vor, die Reka Nagy, Umweltbeauftragte im Werk Brasov, mit konkreten Beispielen erg\u00e4nzte. Schaeffler hat seit 10 Jahren alle Standorte weltweit Pr\u00fcfungen nach EMAS unterzogen. Mit einem Werksrundgang und einer Diskussion zur Zukunft von EMAS endete die nach Ansicht der Teilnehmer \u00e4u\u00dferst erfolgreiche Tagung.<\/p>\n","protected":false},"excerpt":{"rendered":"<p>\u00a0\u00a0\u00a0 2. VNU Environmental Manager Day S\u00fcdosteuropa Der VNU organisierte in Zusammenarbeit mit INNO-CON und&#8230; <a class=\"read-more\" href=\"https:\/\/www.vnu-ev.de\/en\/events\/2-environmental-manager-day\">More<\/a><\/p>\n","protected":false},"author":118,"featured_media":0,"comment_status":"closed","ping_status":"closed","sticky":false,"template":"","format":"standard","meta":{"_acf_changed":false,"footnotes":""},"categories":[242,1,226],"tags":[],"class_list":["post-2910","post","type-post","status-publish","format-standard","hentry","category-ressort","category-events","category-veranstaltungen"],"acf":[],"_links":{"self":[{"href":"https:\/\/www.vnu-ev.de\/en\/wp-json\/wp\/v2\/posts\/2910","targetHints":{"allow":["GET"]}}],"collection":[{"href":"https:\/\/www.vnu-ev.de\/en\/wp-json\/wp\/v2\/posts"}],"about":[{"href":"https:\/\/www.vnu-ev.de\/en\/wp-json\/wp\/v2\/types\/post"}],"author":[{"embeddable":true,"href":"https:\/\/www.vnu-ev.de\/en\/wp-json\/wp\/v2\/users\/118"}],"replies":[{"embeddable":true,"href":"https:\/\/www.vnu-ev.de\/en\/wp-json\/wp\/v2\/comments?post=2910"}],"version-history":[{"count":1,"href":"https:\/\/www.vnu-ev.de\/en\/wp-json\/wp\/v2\/posts\/2910\/revisions"}],"predecessor-version":[{"id":5014,"href":"https:\/\/www.vnu-ev.de\/en\/wp-json\/wp\/v2\/posts\/2910\/revisions\/5014"}],"wp:attachment":[{"href":"https:\/\/www.vnu-ev.de\/en\/wp-json\/wp\/v2\/media?parent=2910"}],"wp:term":[{"taxonomy":"category","embeddable":true,"href":"https:\/\/www.vnu-ev.de\/en\/wp-json\/wp\/v2\/categories?post=2910"},{"taxonomy":"post_tag","embeddable":true,"href":"https:\/\/www.vnu-ev.de\/en\/wp-json\/wp\/v2\/tags?post=2910"}],"curies":[{"name":"wp","href":"https:\/\/api.w.org\/{rel}","templated":true}]}}