{"id":3058,"date":"2018-02-09T20:43:07","date_gmt":"2018-02-09T19:43:07","guid":{"rendered":"https:\/\/www.vnu-ev.de\/?p=3058"},"modified":"2018-02-09T20:43:07","modified_gmt":"2018-02-09T19:43:07","slug":"easp-webinar-022018","status":"publish","type":"post","link":"https:\/\/www.vnu-ev.de\/en\/veranstaltungen\/easp-webinar-022018","title":{"rendered":"EASP Webinar 02\/2018"},"content":{"rendered":"<p><img loading=\"lazy\" decoding=\"async\" class=\"wp-image-2709 size-medium\" src=\"https:\/\/www.vnu-ev.de\/wp-content\/uploads\/2017\/10\/Logo_EASP_Quadrat-300x300.png\" alt=\"European Association of Sustainability Professionals\" width=\"300\" height=\"300\" srcset=\"https:\/\/www.vnu-ev.de\/en\/wp-content\/uploads\/2017\/10\/Logo_EASP_Quadrat-300x300.png 300w, https:\/\/www.vnu-ev.de\/en\/wp-content\/uploads\/2017\/10\/Logo_EASP_Quadrat-150x150.png 150w, https:\/\/www.vnu-ev.de\/en\/wp-content\/uploads\/2017\/10\/Logo_EASP_Quadrat-500x500.png 500w, https:\/\/www.vnu-ev.de\/en\/wp-content\/uploads\/2017\/10\/Logo_EASP_Quadrat-400x400.png 400w, https:\/\/www.vnu-ev.de\/en\/wp-content\/uploads\/2017\/10\/Logo_EASP_Quadrat.png 1009w\" sizes=\"auto, (max-width: 300px) 100vw, 300px\" \/><\/p>\n<h2>Webinar<\/h2>\n<h3>What is being cooked in Europe<\/h3>\n<p>Ein Angebot des spanischenEASP-Mitglieds\u00a0DIRSE. Das Webinar wird in englischer Sprache durchgef\u00fchrt.<\/p>\n<p>Die Teilnahme ist kostenlos. Bitte registrieren Sie\u00a0<a href=\"https:\/\/docs.google.com\/forms\/d\/e\/1FAIpQLSekKzJ819y7GYVvlZTDWIvRuQa-gBs0UgvmiTpP3mJdGRd7fg\/viewform\">hier<\/a>.<\/p>\n<h2>Termin<\/h2>\n<p>21. Februar 2018<br \/>\n10:30 - 11:45 Uhr\u00a0(MEZ)<\/p>\n<h2>Inhalt<\/h2>\n<p>In der Pr\u00e4sentation wird zu den k\u00fcrzlich ver\u00f6ffentlichten Empfehlungen der High-Level Expert Group on Sustainable Finance informiert. Bei diesem handelt es sich um Eckdaten auf dem Weg zur nachhaltigen Finanzierung. Die EU-Kommission hat bereits erkl\u00e4rt, dass diese Empfehlungen in die zuk\u00fcnftige Roadmap zu nachhaltiger Finanzierung und Klimama\u00dfnahmen einflie\u00dfen.<\/p>\n<p>Referent: Pedro Ortun, Special Advisor of the EC and former Director DG Enterprise and Industry<\/p>\n<h2>\u00dcber EASP<\/h2>\n<p>EASP (European Association of Sustainability Professionals)\u00a0ist eine 2016 vom italienischen CSR Manager Network gestartete Initiative, die das Ziel hat, den Mitgliedern europ\u00e4ischer Verb\u00e4nde im Bereich Nachhaltigkeit eine gemeinsame Plattform zum Austausch von Wissen und Erfahrungen zu bieten. VNU ist der Initiative 2016 beigetreten.<br \/>\n<a href=\"https:\/\/www.vnu-ev.de\/easp\">Weitere Informationen<\/a><\/p>\n","protected":false},"excerpt":{"rendered":"<p>Webinar What is being cooked in Europe Ein Angebot des spanischenEASP-Mitglieds\u00a0DIRSE. Das Webinar wird in&#8230; <a class=\"read-more\" href=\"https:\/\/www.vnu-ev.de\/en\/veranstaltungen\/easp-webinar-022018\">More<\/a><\/p>\n","protected":false},"author":118,"featured_media":0,"comment_status":"closed","ping_status":"closed","sticky":false,"template":"","format":"standard","meta":{"_acf_changed":false,"footnotes":""},"categories":[242,226,258],"tags":[],"class_list":["post-3058","post","type-post","status-publish","format-standard","hentry","category-ressort","category-veranstaltungen","category-webinar"],"acf":[],"_links":{"self":[{"href":"https:\/\/www.vnu-ev.de\/en\/wp-json\/wp\/v2\/posts\/3058","targetHints":{"allow":["GET"]}}],"collection":[{"href":"https:\/\/www.vnu-ev.de\/en\/wp-json\/wp\/v2\/posts"}],"about":[{"href":"https:\/\/www.vnu-ev.de\/en\/wp-json\/wp\/v2\/types\/post"}],"author":[{"embeddable":true,"href":"https:\/\/www.vnu-ev.de\/en\/wp-json\/wp\/v2\/users\/118"}],"replies":[{"embeddable":true,"href":"https:\/\/www.vnu-ev.de\/en\/wp-json\/wp\/v2\/comments?post=3058"}],"version-history":[{"count":0,"href":"https:\/\/www.vnu-ev.de\/en\/wp-json\/wp\/v2\/posts\/3058\/revisions"}],"wp:attachment":[{"href":"https:\/\/www.vnu-ev.de\/en\/wp-json\/wp\/v2\/media?parent=3058"}],"wp:term":[{"taxonomy":"category","embeddable":true,"href":"https:\/\/www.vnu-ev.de\/en\/wp-json\/wp\/v2\/categories?post=3058"},{"taxonomy":"post_tag","embeddable":true,"href":"https:\/\/www.vnu-ev.de\/en\/wp-json\/wp\/v2\/tags?post=3058"}],"curies":[{"name":"wp","href":"https:\/\/api.w.org\/{rel}","templated":true}]}}