{"id":3061,"date":"2018-02-09T22:36:37","date_gmt":"2018-02-09T21:36:37","guid":{"rendered":"https:\/\/www.vnu-ev.de\/?p=3061"},"modified":"2018-02-09T22:36:37","modified_gmt":"2018-02-09T21:36:37","slug":"emas-club-region-rhein-main-180911","status":"publish","type":"post","link":"https:\/\/www.vnu-ev.de\/en\/emas-club-europe\/emas-club-region-rhein-main-180911","title":{"rendered":"EMAS Club Region Rhein-Main"},"content":{"rendered":"<h2>Aus der Praxis f\u00fcr die Praxis:<\/h2>\n<p>Diskutieren Sie \u00fcber alle Themen einer\/eines Umwelt(management)beauftragten! Fragen Sie Ihre Kolleginnen und Kollegen, den VNU und den Umweltgutachter!<br \/>\nAlle Organisationen mit einer anstehenden oder bestehenden EMAS-Registrierung sind herzlich eingeladen.<\/p>\n<h2>Ort<\/h2>\n<p>Ernst &amp; Young\u00a0GmbH<br \/>\nMergenthalerallee 3 - 5<br \/>\n65760 Eschborn (bei Frankfurt)<\/p>\n<h2>Programm<\/h2>\n<p>Bei kleinen und mittleren Unternehmen bestehen im Vergleich zu gro\u00dfen Konzernen oftmals deutlich geringere M\u00f6glichkeiten, sich dem Thema \u201enachhaltiges Lieferkettenmanagement\u201c zu widmen. Aus diesem Grund wurde in einem F\u00f6rdervorhaben des Bundesumweltministeriums von adelphi und Systain ein <a href=\"https:\/\/www.exportinitiative-umweltschutz.de\/de\/service\/publikationen\/umweltatlas-lieferketten-umweltwirkungen-und-hot-spots-in-der-lieferkette\"><em>Umweltatlas Lieferketten<\/em><\/a> erarbeitet, der f\u00fcr acht ausgew\u00e4hlte Branchen Deutschlands Umweltwirkungen entlang der Wertsch\u00f6pfungskette analysiert und darstellt.<\/p>\n<p>Es zeigt sich bei allen acht Branchen, dass die Umweltwirkungen in der Lieferkette mindestens genauso hoch sind wie die Umweltwirkungen an den eigenen Standorten, oftmals sogar um ein Mehrfaches h\u00f6her. Der Atlas verdeutlicht die hohe Relevanz des Themas \u201eLieferkette\u201c f\u00fcr Unternehmen, die ihre \u00f6kologischen (und sozialen) Auswirkungen im Rahmen ihres Umwelt- oder Nachhaltigkeitsmanagementsystems verringern wollen. Dazu passt, dass EMAS (\u00fcber die ISO 14001:2015) von Unternehmen fordert, dass sich diese systematisch mit ihrem strategischen Umfeld, also auch der Lieferkette, auseinandersetzen.<\/p>\n<p>Bei der Fortsetzung des F\u00f6rdervorhabens soll nun im Rahmen von Workshops gemeinsam mit (EMAS-registrierten) Unternehmen erarbeitet werden, wie diese Nachhaltigkeitspraktiken in der Lieferkette mithilfe des betrieblichen Umweltmanagements etablieren werden k\u00f6nnen.<\/p>\n<p>Weitere Informationen sowie eine Vorbereitung zum Workshop erhalten Sie <a href=\"https:\/\/www.vnu-ev.de\/wp-content\/uploads\/2018\/06\/180911_EMAS-Club-Workshop_Umweltatlas-nachhaltige_Lieferketten_gestalten.pdf\">hier<\/a>.<\/p>\n<h3><strong>Workshop<br \/>\n<\/strong><strong>\"Mit betrieblichem Umweltmanagement nachhaltige Lieferketten gestalten\"<\/strong><\/h3>\n<ul>\n<li><strong>Praktische Einf\u00fchrung in das nachhaltige Lieferkettenmanagement<\/strong><br \/>\n\u00dcberblick \u00fcber Rahmenbedingungen, Herangehensweise und Handlungsfelder<\/li>\n<li><strong>Auf das Wesentliche konzentrieren \u2013 aber wie?<\/strong><br \/>\nGruppenarbeit zur Bestimmung wesentlicher Nachhaltigkeitsthemen in der Lieferkette<\/li>\n<li><strong>Instrumente und Handlungsans\u00e4tze (im Rahmen des betrieblichen Umweltmanagements)<\/strong><br \/>\nIdentifizierung von Schwerpunktfeldern, Einf\u00fchrung in geeignete L\u00f6sungsans\u00e4tze und Ma\u00dfnahmen, Beispiele und Lernerfahrungen aus anderen Unternehmen, Umsetzung im eigenen Unternehmen<\/li>\n<li><strong>Erste Schritte zum nachhaltigen Lieferkettenmanagement<\/strong><br \/>\nVorgehen zur Etablierung von Umweltma\u00dfnahmen in der Lieferkette, Entwicklung eines Fahrplans f\u00fcr das eigene Unternehmen<\/li>\n<\/ul>\n<h2>Download der Vortr\u00e4ge<\/h2>\n<ul>\n<li>Workshop Nachhaltiges Lieferkettenmanagement\u00a0[\u00a0<a href=\"https:\/\/www.vnu-ev.de\/?s2member_file_download=\/access-s2member-level1\/Aufz\/2018\/180911_ECE_Rhein-Main_Workshop_Umweltatlas-nachhaltige-Lieferketten-gestalten_EY_Praesentation_Vormittag.pdf\">PDF zum Download<\/a><a href=\"https:\/\/www.vnu-ev.de\/?s2member_file_download=\/access-s2member-level1\/Aufz\/2017\/170407_VNU_AK_Nachhaltigkeit_Kurzprotokoll.pdf\" target=\"_blank\" rel=\"noopener noreferrer\">\u00a0<\/a>]<\/li>\n<li>Handlungsfelder und Instrumente [\u00a0<a href=\"https:\/\/www.vnu-ev.de\/?s2member_file_download=\/access-s2member-level1\/Aufz\/2018\/180911_ECE_Rhein-Main_Workshop_Umweltatlas-nachhaltige-Lieferketten-gestalten_EY_Praesentation_Nachmittag.pdf\">PDF zum Download<\/a><a href=\"https:\/\/www.vnu-ev.de\/?s2member_file_download=\/access-s2member-level1\/Aufz\/2017\/170407_VNU_AK_Nachhaltigkeit_Kurzprotokoll.pdf\" target=\"_blank\" rel=\"noopener noreferrer\">\u00a0<\/a>]<\/li>\n<\/ul>\n<h2>\u00dcber dieses Angebot<\/h2>\n<p>Die Teilnehmer erhalten nach dem Regionaltreffen die freigegebenen Vortr\u00e4ge.<br \/>\nVNU-Mitglieder k\u00f6nnen die freigegebenen Vortr\u00e4ge von der VNU Homepage downloaden.<\/p>\n<p>Mehr \u00fcber den EMAS Club Europe finden sie hier:\u00a0<a href=\"https:\/\/www.vnu-ev.de\/emas-club-europe\" target=\"_blank\" rel=\"noopener noreferrer\">EMAS Club Europe<br \/>\n<\/a>Mehr \u00fcber eine VNU Mitgliedschaft finden Sie hier:\u00a0<a href=\"https:\/\/www.vnu-ev.de\/ueber-uns\/mitglied-werden\" target=\"_blank\" rel=\"noopener noreferrer\">Mitglied werden<\/a><\/p>\n","protected":false},"excerpt":{"rendered":"<p>Aus der Praxis f\u00fcr die Praxis: Diskutieren Sie \u00fcber alle Themen einer\/eines Umwelt(management)beauftragten! Fragen Sie&#8230; <a class=\"read-more\" href=\"https:\/\/www.vnu-ev.de\/en\/emas-club-europe\/emas-club-region-rhein-main-180911\">More<\/a><\/p>\n","protected":false},"author":118,"featured_media":0,"comment_status":"closed","ping_status":"closed","sticky":false,"template":"","format":"standard","meta":{"_acf_changed":false,"footnotes":""},"categories":[10,226],"tags":[],"class_list":["post-3061","post","type-post","status-publish","format-standard","hentry","category-emas-club-europe","category-veranstaltungen"],"acf":[],"_links":{"self":[{"href":"https:\/\/www.vnu-ev.de\/en\/wp-json\/wp\/v2\/posts\/3061","targetHints":{"allow":["GET"]}}],"collection":[{"href":"https:\/\/www.vnu-ev.de\/en\/wp-json\/wp\/v2\/posts"}],"about":[{"href":"https:\/\/www.vnu-ev.de\/en\/wp-json\/wp\/v2\/types\/post"}],"author":[{"embeddable":true,"href":"https:\/\/www.vnu-ev.de\/en\/wp-json\/wp\/v2\/users\/118"}],"replies":[{"embeddable":true,"href":"https:\/\/www.vnu-ev.de\/en\/wp-json\/wp\/v2\/comments?post=3061"}],"version-history":[{"count":0,"href":"https:\/\/www.vnu-ev.de\/en\/wp-json\/wp\/v2\/posts\/3061\/revisions"}],"wp:attachment":[{"href":"https:\/\/www.vnu-ev.de\/en\/wp-json\/wp\/v2\/media?parent=3061"}],"wp:term":[{"taxonomy":"category","embeddable":true,"href":"https:\/\/www.vnu-ev.de\/en\/wp-json\/wp\/v2\/categories?post=3061"},{"taxonomy":"post_tag","embeddable":true,"href":"https:\/\/www.vnu-ev.de\/en\/wp-json\/wp\/v2\/tags?post=3061"}],"curies":[{"name":"wp","href":"https:\/\/api.w.org\/{rel}","templated":true}]}}