{"id":3085,"date":"2018-02-22T11:39:22","date_gmt":"2018-02-22T10:39:22","guid":{"rendered":"https:\/\/www.vnu-ev.de\/?p=3085"},"modified":"2020-03-12T15:03:19","modified_gmt":"2020-03-12T14:03:19","slug":"mitgliederversammlung-2018","status":"publish","type":"post","link":"https:\/\/www.vnu-ev.de\/en\/events\/mitgliederversammlung-2018","title":{"rendered":"Mitgliederversammlung 2018"},"content":{"rendered":"<p style=\"text-align: left\">Die Mitgliederversammlung findet im Konferenzsaal der IHK Frankfurt am Main statt und geht 'traditionell' nach der Mittagspause in den <a href=\"https:\/\/www.vnu-ev.de\/veranstaltungen\/umwelt-und-nachhaltigkeitsmanagertag-2018\" target=\"_blank\" rel=\"noopener noreferrer\">Umwelt- und Nachhaltigkeitsmanagertag<\/a> \u00fcber. Das [ <a href=\"https:\/\/www.vnu-ev.de\/?s2member_file_download=\/access-s2member-level1\/Aufz\/2018\/180320_T00_Einladung.pdf\">Einladungsschreiben<\/a> ] sowie die Tagesordnung sind per Post am 20. Februar 2018 an alle Mitglieder verschickt worden. Falls Sie nicht pers\u00f6nlich an der Mitgliederversammlung teilnehmen k\u00f6nnen, haben Sie die M\u00f6glichkeit Ihr Stimmrecht zu \u00fcbertragen. Nutzen Sie hierzu bitte das Formular [ <a href=\"https:\/\/www.vnu-ev.de\/?s2member_file_download=\/access-s2member-level1\/Aufz\/2018\/180320_T00_Uebertragung_Stimmrecht.pdf\">\u00dcbertragung Stimmrecht <\/a>]<\/p>\n<p style=\"text-align: left\">Folgende Beratungs-Unterlagen stehen derzeit zur Verf\u00fcgung (laufende Aktualisierung).<br \/>\nHierzu ist Ihr Log-In erforderlich.<\/p>\n<ol>\n<li style=\"text-align: left\">Begr\u00fc\u00dfung, Wahl des\/der Protokollf\u00fchrers\/in (M. Friebel)<\/li>\n<li style=\"text-align: left\">Genehmigung des [ <a href=\"https:\/\/www.vnu-ev.de\/?s2member_file_download=\/access-s2member-level1\/Aufz\/2018\/180320_T02_Protokoll_170323.pdf\" target=\"_blank\" rel=\"noopener noreferrer\">Protokoll\u00a0<\/a>] der Mitgliederversammlung 2017 (M. Friebel)<\/li>\n<li style=\"text-align: left\">Genehmigung der [ <a href=\"https:\/\/www.vnu-ev.de\/?s2member_file_download=\/access-s2member-level1\/Aufz\/2018\/180320_T03_Tagesordnung.pdf\" target=\"_blank\" rel=\"noopener noreferrer\">Tagesordnung <\/a>] f\u00fcr den 20. M\u00e4rz 2018 (M. Friebel)<\/li>\n<li style=\"text-align: left\">Rechenschaftsberichte von\u00a0Matthias Friebel [\u00a0<a href=\"https:\/\/www.vnu-ev.de\/?s2member_file_download=\/access-s2member-level1\/Aufz\/2018\/180320_T04_a_Friebel_Bericht.pdf\" target=\"_blank\" rel=\"noopener noreferrer\">Bericht<\/a>\u00a0]\u00a0und\u00a0Bettina Heimer [ <a href=\"https:\/\/www.vnu-ev.de\/?s2member_file_download=\/access-s2member-level1\/Aufz\/2018\/180320_T04_b_Heimer_Bericht.pdf\" target=\"_blank\" rel=\"noopener noreferrer\">Bericht<\/a> ]<\/li>\n<li style=\"text-align: left\">[\u00a0<a href=\"https:\/\/www.vnu-ev.de\/?s2member_file_download=\/access-s2member-level1\/Aufz\/2018\/180320_T05_Bericht_EMAS_Club.pdf\" target=\"_blank\" rel=\"noopener noreferrer\">Bericht<\/a>\u00a0] \u00fcber den EMAS Club Europe (L. Schleicher)<\/li>\n<li style=\"text-align: left\">[ <a href=\"https:\/\/www.vnu-ev.de\/?s2member_file_download=\/access-s2member-level1\/Aufz\/2018\/180320_T06_Bericht_Ressorts_Ueberblick.pdf\" target=\"_blank\" rel=\"noopener noreferrer\">Bericht<\/a> ] aus den Ressorts (H. Pflock)<br \/>\n[ <a href=\"https:\/\/www.vnu-ev.de\/?s2member_file_download=\/access-s2member-level1\/Aufz\/2018\/180320_T06_Bericht_Ressort_Energiemanagement.pdf\">Sonderbericht<\/a> des Ressorts Energiemanagement\u00a0]<br \/>\n[ <a href=\"https:\/\/www.vnu-ev.de\/?s2member_file_download=\/access-s2member-level1\/Aufz\/2018\/180320_T06_Bericht_Ressort_Klimaschutz.pdf\">Sonderbericht<\/a> des Ressorts Klimaschutz\u00a0]<br \/>\n[ <a href=\"https:\/\/www.vnu-ev.de\/?s2member_file_download=\/access-s2member-level1\/Aufz\/2018\/180320_T06_Bericht_Ressort_Umweltmanagement.pdf\">Sonderbericht<\/a> des Ressorts Umweltmanagement\u00a0]<br \/>\n[ <a href=\"https:\/\/www.vnu-ev.de\/?s2member_file_download=\/access-s2member-level1\/Aufz\/2018\/180320_T06_Bericht_Ressort_Wirtschaftsethik.pdf\">Sonderbericht<\/a> des Ressorts\u00a0Wirtschaftsethik ]<br \/>\n[ <a href=\"https:\/\/www.vnu-ev.de\/?s2member_file_download=\/access-s2member-level1\/Aufz\/2018\/180320_T06_Bericht_Sektion_Bulgarien.pdf\">Sonderbericht<\/a> der Sektion Bulgarien ]<\/li>\n<li style=\"text-align: left\">[ <a href=\"https:\/\/www.vnu-ev.de\/?s2member_file_download=\/access-s2member-level1\/Aufz\/2018\/180320_T07_Bericht_Beirat.pdf\" target=\"_blank\" rel=\"noopener noreferrer\">Bericht<\/a> ] des Beirats (Prof. Dr. E. K. Seifert)<\/li>\n<li style=\"text-align: left\">Jahresabschluss 2017 [ <a href=\"https:\/\/www.vnu-ev.de\/?s2member_file_download=\/access-s2member-level1\/Aufz\/2018\/180320_T08_Finanzen_2017.pdf\" target=\"_blank\" rel=\"noopener noreferrer\">Abschluss<\/a>\u00a0] \/ [ <a href=\"https:\/\/www.vnu-ev.de\/?s2member_file_download=\/access-s2member-level1\/Aufz\/2018\/180320_T08_Finanzbericht_2017_2018.pdf\" target=\"_blank\" rel=\"noopener noreferrer\">Finanzbericht<\/a>\u00a0] (B. Heimer)<\/li>\n<li style=\"text-align: left\">[ <a href=\"https:\/\/www.vnu-ev.de\/?s2member_file_download=\/access-s2member-level1\/Aufz\/2018\/180320_T09_Bericht_Kassenpruefer.pdf\" target=\"_blank\" rel=\"noopener noreferrer\">Bericht<\/a> ] der Kassenpr\u00fcfer (M. Schneider, M. Knief)<\/li>\n<li style=\"text-align: left\">Entlastung des Vorstands<\/li>\n<li style=\"text-align: left\">Wahlen des Vorstands [ <a href=\"https:\/\/www.vnu-ev.de\/?s2member_file_download=\/access-s2member-level1\/Aufz\/2018\/180320_T11_a_Abschied_Friebel.pdf\" target=\"_blank\" rel=\"noopener noreferrer\">M. Friebel<\/a>, <a href=\"https:\/\/www.vnu-ev.de\/?s2member_file_download=\/access-s2member-level1\/Aufz\/2018\/180320_T11_b_Schleicher_Vorstellung.pdf\" target=\"_blank\" rel=\"noopener noreferrer\">L. Schleicher<\/a>, <a href=\"https:\/\/www.vnu-ev.de\/?s2member_file_download=\/access-s2member-level1\/Aufz\/2018\/180320_T11_c_Prox_Vorstellung.pdf\" target=\"_blank\" rel=\"noopener noreferrer\">M. Prox<\/a>, <a href=\"https:\/\/www.vnu-ev.de\/?s2member_file_download=\/access-s2member-level1\/Aufz\/2018\/180320_T11_d_Neumann_Opitz_Vorstellung.pdf\" target=\"_blank\" rel=\"noopener noreferrer\">Dr. P. Neumann-Opitz <\/a>]<\/li>\n<li style=\"text-align: left\">Wahl der Kassenpr\u00fcfer (M. Schneider, Dr. G. Vogl)<\/li>\n<li style=\"text-align: left\">Haushaltsplan 2018\u00a0\u00a0[ <a href=\"https:\/\/www.vnu-ev.de\/?s2member_file_download=\/access-s2member-level1\/Aufz\/2018\/180320_T13_Haushaltsplan_2018.pdf\" target=\"_blank\" rel=\"noopener noreferrer\">Haushaltsplan<\/a>\u00a0] (B. Heimer)<\/li>\n<li style=\"text-align: left\">Verschiedenes<\/li>\n<\/ol>\n<p style=\"text-align: left\">Bitte nutzen Sie die\u00a0<a href=\"https:\/\/www.vnu-ev.de\/wp-content\/uploads\/2018\/02\/180320_UNT-MV_Anmeldung.pdf\" target=\"_blank\" rel=\"noopener noreferrer\">Anmeldeformular<\/a> auch wenn Sie nicht kommen k\u00f6nnen, aber z. B. ge\u00e4nderte Kontaktdaten mitteilen m\u00f6chten.\u00a0 Vielen Dank!<\/p>\n<p style=\"text-align: left\">Am Nachmittag schlie\u00dft sich der <a href=\"https:\/\/www.vnu-ev.de\/veranstaltungen\/umwelt-und-nachhaltigkeitsmanagertag-2018\" target=\"_blank\" rel=\"noopener noreferrer\">Umwelt- und Nachhaltigkeitsmanagertag<\/a> an, zu dem wir alle Interessierten herzlich einladen. Es erwarten Sie Vortr\u00e4ge und Diskussionen rund um das Thema \"Nachhaltigkeit und Mensch\". Wir freuen uns auf Ihre Teilnahme und w\u00fcnschen Ihnen eine gute Anreise.<\/p>\n","protected":false},"excerpt":{"rendered":"<p>Die Mitgliederversammlung findet im Konferenzsaal der IHK Frankfurt am Main statt und geht &#8216;traditionell&#8217; nach&#8230; <a class=\"read-more\" href=\"https:\/\/www.vnu-ev.de\/en\/events\/mitgliederversammlung-2018\">More<\/a><\/p>\n","protected":false},"author":118,"featured_media":1066,"comment_status":"closed","ping_status":"closed","sticky":false,"template":"","format":"standard","meta":{"_acf_changed":false,"footnotes":""},"categories":[238,9,1,226],"tags":[],"class_list":["post-3085","post","type-post","status-publish","format-standard","has-post-thumbnail","hentry","category-mitgliederversammlung","category-top-event","category-events","category-veranstaltungen"],"acf":[],"_links":{"self":[{"href":"https:\/\/www.vnu-ev.de\/en\/wp-json\/wp\/v2\/posts\/3085","targetHints":{"allow":["GET"]}}],"collection":[{"href":"https:\/\/www.vnu-ev.de\/en\/wp-json\/wp\/v2\/posts"}],"about":[{"href":"https:\/\/www.vnu-ev.de\/en\/wp-json\/wp\/v2\/types\/post"}],"author":[{"embeddable":true,"href":"https:\/\/www.vnu-ev.de\/en\/wp-json\/wp\/v2\/users\/118"}],"replies":[{"embeddable":true,"href":"https:\/\/www.vnu-ev.de\/en\/wp-json\/wp\/v2\/comments?post=3085"}],"version-history":[{"count":1,"href":"https:\/\/www.vnu-ev.de\/en\/wp-json\/wp\/v2\/posts\/3085\/revisions"}],"predecessor-version":[{"id":5012,"href":"https:\/\/www.vnu-ev.de\/en\/wp-json\/wp\/v2\/posts\/3085\/revisions\/5012"}],"wp:featuredmedia":[{"embeddable":true,"href":"https:\/\/www.vnu-ev.de\/en\/wp-json\/"}],"wp:attachment":[{"href":"https:\/\/www.vnu-ev.de\/en\/wp-json\/wp\/v2\/media?parent=3085"}],"wp:term":[{"taxonomy":"category","embeddable":true,"href":"https:\/\/www.vnu-ev.de\/en\/wp-json\/wp\/v2\/categories?post=3085"},{"taxonomy":"post_tag","embeddable":true,"href":"https:\/\/www.vnu-ev.de\/en\/wp-json\/wp\/v2\/tags?post=3085"}],"curies":[{"name":"wp","href":"https:\/\/api.w.org\/{rel}","templated":true}]}}