{"id":3194,"date":"2018-04-12T19:27:05","date_gmt":"2018-04-12T17:27:05","guid":{"rendered":"https:\/\/www.vnu-ev.de\/?p=3194"},"modified":"2018-04-12T19:27:05","modified_gmt":"2018-04-12T17:27:05","slug":"symposium-nachhaltigkeitsmanagement-2018","status":"publish","type":"post","link":"https:\/\/www.vnu-ev.de\/en\/veranstaltungen\/symposium-nachhaltigkeitsmanagement-2018","title":{"rendered":"Symposium Nachhaltigkeitsmanagement 2018 &#8211; abgesagt"},"content":{"rendered":"<p><img loading=\"lazy\" decoding=\"async\" class=\"alignleft wp-image-916 size-full\" src=\"https:\/\/www.vnu-ev.de\/wp-content\/uploads\/2016\/10\/VNU_Logo_300_px_gro\u00df-e1493302837619.jpg\" alt=\"VNU e.V.\" width=\"288\" height=\"200\" \/><\/p>\n<h3><strong>VNU Symposium Nachhaltigkeitsmanagement 2018<\/strong><\/h3>\n<p>Der VNU l\u00e4dt am 28. Juni dieses Jahres nach Hamburg zum Symposium Nachhaltigkeitsmanagement ein. Gastgeber ist die Hamburg Port Authority A\u00f6R.\u00a0Die Veranstaltung befasst sich mit dem aktuellen Thema der Nachhaltigkeit bei \u00f6ffentlichen Institutionen.<\/p>\n<p><span style=\"color: #ff0000\">Diese Veranstaltung muss leider entfallen und wird zu einem sp\u00e4teren Zeitpunkt erneut angeboten.<\/span><\/p>\n<h3><strong>Programm<\/strong><\/h3>\n<p>Umwelt- und soziale Standards werden von St\u00e4dten, Kommunen und \u00f6ffentlichen Institutionen ma\u00dfgeblich gepr\u00e4gt und vorangetrieben. Neue Mobilit\u00e4tskonzepte sind eines der gro\u00dfen Themen, das B\u00fcrgermeister, Verkehrsplaner,\u00a0\u00a0\u00d6PNV-Anbieter, Flug-\/Hafenbetreiber oder Logistikunternehmen besch\u00e4ftigt.<\/p>\n<p>Eine gesicherte, reibungslose Bef\u00f6rderung von Personen und G\u00fctern muss mit den Bed\u00fcrfnissen und M\u00f6glichkeiten von Wirtschaft, Gesellschaft und Umwelt in Einklang gebracht werden - eine spannende Herausforderung.<\/p>\n<p>Das Symposium greift diese Themen auf und wird durch Vortr\u00e4ge und eine Podiumsdiskussion Informationen vermitteln und praktische Beispiele geben.<\/p>\n<h3>Programm<\/h3>\n<ol>\n<li><strong>Umsetzung einer nachhaltigen Entwicklung auf kommunaler Ebene <\/strong><br \/>\n<strong>im Kontext der Sustainable Development Goals <\/strong><br \/>\nDr. Klaus Reuter<br \/>\nGesch\u00e4ftsf\u00fchrer der\u00a0Landesarbeitsgemeinschaft Agenda 21 NRW e.V., Dortmund<\/li>\n<li><strong>Nachhaltigkeit in der Mobilit\u00e4t -\u00a0<\/strong> <strong>Podiumsdiskussion <\/strong><br \/>\nModeration: Gisbert Braun, VNU Vorstand<br \/>\nHapag-Lloyd AG \u2013 J\u00f6rg-P. Erdmann, Senior Director Sustainability Management<br \/>\nFraport AG \u2013 Dr. Patrick Neumann-Opitz, Umweltmanagementbeauftragter<br \/>\nHamburg Port Authority A\u00f6R \u2013 Dr. Phanthian Zuesongdham, Head of smartPORT Programme Management<br \/>\nWuppertal Institut f\u00fcr Klima, Umwelt, Energie gGmbH \u2013 Ulrich Jansen, Energie-, Verkehrs- und Klimapolitik<br \/>\nDeutscher Nachhaltigkeitspreis 2017 (St\u00e4dte mittlerer Gr\u00f6\u00dfe) \u2013 Thorsten Kr\u00fcger, B\u00fcrgermeister von Geestland<\/li>\n<li><strong>Enkelkindtauglich \u2013 das neue \u201enachhaltig\u201c in Geestland<\/strong><br \/>\nThorsten Kr\u00fcger, B\u00fcrgermeister der Stadt Geestland<br \/>\nDeutscher Nachhaltigkeitspreis 2017 (Sieger der Kategorie nachhaltige St\u00e4dte mittlerer Gr\u00f6\u00dfe)<\/li>\n<li><strong>Mit gutem Beispiel voran gehen \u2013 die Flotte wird nachhaltig<br \/>\n<\/strong>Karsten Sch\u00f6newald, Gesch\u00e4ftsf\u00fchrung der Flotte Hamburg GmbH &amp; Co. KG, Hamburg<\/li>\n<li><strong>Nachhaltig in der Bauwirtschaft Wohn-Module \u201eWoodie\u201c f\u00fcr Studierende in Wilhelmsburg<\/strong><br \/>\nTorsten Rieckmann, PRIME site development GmbH, Hamburg<\/li>\n<\/ol>\n","protected":false},"excerpt":{"rendered":"<p>VNU Symposium Nachhaltigkeitsmanagement 2018 Der VNU l\u00e4dt am 28. Juni dieses Jahres nach Hamburg zum&#8230; <a class=\"read-more\" href=\"https:\/\/www.vnu-ev.de\/en\/veranstaltungen\/symposium-nachhaltigkeitsmanagement-2018\">More<\/a><\/p>\n","protected":false},"author":118,"featured_media":0,"comment_status":"closed","ping_status":"closed","sticky":false,"template":"","format":"standard","meta":{"_acf_changed":false,"footnotes":""},"categories":[228,226],"tags":[],"class_list":["post-3194","post","type-post","status-publish","format-standard","hentry","category-symposium-nachhaltigkeitsmanagement","category-veranstaltungen"],"acf":[],"_links":{"self":[{"href":"https:\/\/www.vnu-ev.de\/en\/wp-json\/wp\/v2\/posts\/3194","targetHints":{"allow":["GET"]}}],"collection":[{"href":"https:\/\/www.vnu-ev.de\/en\/wp-json\/wp\/v2\/posts"}],"about":[{"href":"https:\/\/www.vnu-ev.de\/en\/wp-json\/wp\/v2\/types\/post"}],"author":[{"embeddable":true,"href":"https:\/\/www.vnu-ev.de\/en\/wp-json\/wp\/v2\/users\/118"}],"replies":[{"embeddable":true,"href":"https:\/\/www.vnu-ev.de\/en\/wp-json\/wp\/v2\/comments?post=3194"}],"version-history":[{"count":0,"href":"https:\/\/www.vnu-ev.de\/en\/wp-json\/wp\/v2\/posts\/3194\/revisions"}],"wp:attachment":[{"href":"https:\/\/www.vnu-ev.de\/en\/wp-json\/wp\/v2\/media?parent=3194"}],"wp:term":[{"taxonomy":"category","embeddable":true,"href":"https:\/\/www.vnu-ev.de\/en\/wp-json\/wp\/v2\/categories?post=3194"},{"taxonomy":"post_tag","embeddable":true,"href":"https:\/\/www.vnu-ev.de\/en\/wp-json\/wp\/v2\/tags?post=3194"}],"curies":[{"name":"wp","href":"https:\/\/api.w.org\/{rel}","templated":true}]}}