{"id":3399,"date":"2018-08-07T18:24:30","date_gmt":"2018-08-07T16:24:30","guid":{"rendered":"https:\/\/www.vnu-ev.de\/?p=3399"},"modified":"2018-08-07T18:24:30","modified_gmt":"2018-08-07T16:24:30","slug":"weka-umwelt-kongress-2018","status":"publish","type":"post","link":"https:\/\/www.vnu-ev.de\/en\/top-event\/weka-umwelt-kongress-2018","title":{"rendered":"WEKA Umwelt-Kongress 2018"},"content":{"rendered":"<h3><img loading=\"lazy\" decoding=\"async\" class=\"alignnone\" src=\"https:\/\/www.vnu-ev.de\/wp-content\/uploads\/2018\/08\/ASI_Logo-1.jpg\" alt=\"\" width=\"150\" height=\"150\" \/><img loading=\"lazy\" decoding=\"async\" class=\"alignnone\" src=\"https:\/\/www.vnu-ev.de\/wp-content\/uploads\/2018\/08\/WEKA_Ak_Logo-1.jpg\" alt=\"\" width=\"150\" height=\"150\" \/><img loading=\"lazy\" decoding=\"async\" class=\"alignnone\" src=\"https:\/\/www.vnu-ev.de\/wp-content\/uploads\/2018\/08\/VNU_Logo.jpg\" alt=\"\" width=\"150\" height=\"150\" \/><\/h3>\n<h2><\/h2>\n<h2>VNU ist Partner des Deutschen Umwelt-Kongresses<\/h2>\n<p>&nbsp;<\/p>\n<p>Der VNU ist erstmals Partner des j\u00e4hrlich stattfindenden Deutschen Umwelt-Kongresses der WEKA Akademie und des ASI (<span class=\"st\">Akademie f\u00fcr Sicherheit<\/span>) und wird mit einem Beitrag sowie einem Messetisch in Bad Nauheim den VNU e. V. vorstellen.<\/p>\n<p><strong>Globalisierung, Digitalisierung, Nachhaltigkeit \u2013 was kommt auf uns zu?<\/strong><\/p>\n<div>\n<p>Das sind die Themen, die <strong>Prof. Dr. Dr. Dr. h.c. Franz-Josef Radermacher<\/strong>, Vorstand des Forschungsinstituts f\u00fcr anwendungsorientierte Wissensverarbeitung\/n (FAW\/n) zum Auftakt der Veranstaltung als Special-Keynote beleuchten wird.Lassen Sie sich diesen Beitrag nicht entgehen, bei dem Prof. Radermacher vorstellt, ob es zuk\u00fcnftig um Bev\u00f6lkerungsexplosion, Ressourcenkonflikte, zunehmende Umweltbelastungen, Industrie 4.0, k\u00fcnstliche Intelligenz, Plattform-Kapitalismus, Kollaps, \u00d6kodiktatur\/Brasilianisierung oder eine weltweite \u00d6kosoziale Marktwirtschaft gehen k\u00f6nnte.<\/p>\n<p><img loading=\"lazy\" decoding=\"async\" class=\"alignnone size-medium wp-image-3761\" src=\"https:\/\/www.vnu-ev.de\/wp-content\/uploads\/2019\/02\/180913_Weka_Radermacher-300x300.jpg\" alt=\"\" width=\"300\" height=\"300\" \/><\/p>\n<p>Anschlie\u00dfend beginnen <strong>vier parallele Fachforen<\/strong> zu den Themen:<\/p>\n<ol>\n<li>Abfallrecht und Kreislaufwirtschaft<\/li>\n<li>Immissionsschutz und Genehmigung<\/li>\n<li>Anlagensicherheit und Gew\u00e4sserschutz<\/li>\n<li>CSR und Nachhaltigkeit<\/li>\n<\/ol>\n<p>Der Beitrag des VNU (Bettina Heimer, Samuil Simeonov) findet im Fachforum \"CSR und Nachhaltigkeit\" um <strong>13:30 Uhr<\/strong> statt und besch\u00e4ftigt sich mit der Frage, welche Wege von einem Umwelt- zu einem Nachhaltigkeitsmanagement m\u00f6glich sind.<\/p>\n<p>Mit der Studie zeigt der VNU auf, welche Voraussetzungen EMAS bietet, um die Anforderungen des Deutschen Nachhaltigkeitskodex zu erm\u00f6glichen. Damit bietet sie Ans\u00e4tze, um die Bekanntheit von EMAS und DNK zu erh\u00f6hen und \u00f6ffnet den Blick auf verschiedene Nachhaltigkeitsinstrumente, die von der Unterzeichnung einer Leitlinine bis zum ausgereiften Managementsystem mit Berichtsfunktion und externer Pr\u00fcfung reichen.<\/p>\n<p>Zielgruppe sind Unternehmen, die \u00fcber ihr Engagement zum nachhaltigen Wirtschaften sowie zur Energie- und Ressourceneffizienz berichten m\u00f6chten oder m\u00fcssen (CSR-Berichtspflicht). Ebenso diejenigen, die eine DNK-Entsprechenserkl\u00e4rung abgegeben haben und nun mit EMAS ein transparentes Managementsystem zur kontinuierlichen Verbesserung nutzen wollen.<\/p>\n<p><img loading=\"lazy\" decoding=\"async\" class=\"alignnone size-medium wp-image-3764\" src=\"https:\/\/www.vnu-ev.de\/wp-content\/uploads\/2019\/02\/180913_Simeonov-300x300.jpg\" alt=\"\" width=\"300\" height=\"300\" \/> <img loading=\"lazy\" decoding=\"async\" class=\"alignnone size-medium wp-image-3763\" src=\"https:\/\/www.vnu-ev.de\/wp-content\/uploads\/2019\/02\/180913_Heimer-300x300.jpg\" alt=\"\" width=\"300\" height=\"300\" \/><\/p>\n<p>An einem Messe-Tisch bzw. bei der Abendveranstaltung stehen die beiden Vortragenden f\u00fcr Sie als Ansprechpartner zur Verf\u00fcgung. Wir erwarten weitere Mitglieder des VNU, die ebenfalls gerne mit Ihnen ins Gespr\u00e4ch kommen.<\/p>\n<p><img loading=\"lazy\" decoding=\"async\" class=\"alignnone size-medium wp-image-3762\" src=\"https:\/\/www.vnu-ev.de\/wp-content\/uploads\/2019\/02\/180913_WEKA_VNU_Stand-300x300.jpg\" alt=\"\" width=\"300\" height=\"300\" \/><\/p>\n<p>Das gesamte <a href=\"https:\/\/www.vnu-ev.de\/wp-content\/uploads\/2018\/08\/WEKA_2018_Programm_Anmeldung_VNU.pdf\">Programm des Umwelt-Kongresses<\/a> finden Sie \u00fcber den Link.<\/p>\n<p>Bei Fragen wenden Sie sich bitte an <a href=\"mailto:Ch.Geiger@vnu-ev.de\">Christina Geiger<\/a> in der <a href=\"https:\/\/www.vnu-ev.de\/kontakt\">Gesch\u00e4ftsstelle <\/a>des VNU.<\/p>\n<\/div>\n","protected":false},"excerpt":{"rendered":"<p>VNU ist Partner des Deutschen Umwelt-Kongresses &nbsp; Der VNU ist erstmals Partner des j\u00e4hrlich stattfindenden&#8230; <a class=\"read-more\" href=\"https:\/\/www.vnu-ev.de\/en\/top-event\/weka-umwelt-kongress-2018\">More<\/a><\/p>\n","protected":false},"author":118,"featured_media":0,"comment_status":"closed","ping_status":"closed","sticky":false,"template":"","format":"standard","meta":{"_acf_changed":false,"footnotes":""},"categories":[9,226],"tags":[138,65,12,259,260,88,261,262,263,264,16,265],"class_list":["post-3399","post","type-post","status-publish","format-standard","hentry","category-top-event","category-veranstaltungen","tag-betrieblicher-umweltschutz","tag-dnk","tag-emas","tag-heimer","tag-nachhaltig","tag-nachhaltigkeitsberichterstattung","tag-simeonov","tag-uba","tag-umwelt","tag-umweltgutachterausschuss","tag-umweltmanagement","tag-weka"],"acf":[],"_links":{"self":[{"href":"https:\/\/www.vnu-ev.de\/en\/wp-json\/wp\/v2\/posts\/3399","targetHints":{"allow":["GET"]}}],"collection":[{"href":"https:\/\/www.vnu-ev.de\/en\/wp-json\/wp\/v2\/posts"}],"about":[{"href":"https:\/\/www.vnu-ev.de\/en\/wp-json\/wp\/v2\/types\/post"}],"author":[{"embeddable":true,"href":"https:\/\/www.vnu-ev.de\/en\/wp-json\/wp\/v2\/users\/118"}],"replies":[{"embeddable":true,"href":"https:\/\/www.vnu-ev.de\/en\/wp-json\/wp\/v2\/comments?post=3399"}],"version-history":[{"count":0,"href":"https:\/\/www.vnu-ev.de\/en\/wp-json\/wp\/v2\/posts\/3399\/revisions"}],"wp:attachment":[{"href":"https:\/\/www.vnu-ev.de\/en\/wp-json\/wp\/v2\/media?parent=3399"}],"wp:term":[{"taxonomy":"category","embeddable":true,"href":"https:\/\/www.vnu-ev.de\/en\/wp-json\/wp\/v2\/categories?post=3399"},{"taxonomy":"post_tag","embeddable":true,"href":"https:\/\/www.vnu-ev.de\/en\/wp-json\/wp\/v2\/tags?post=3399"}],"curies":[{"name":"wp","href":"https:\/\/api.w.org\/{rel}","templated":true}]}}