{"id":3475,"date":"2018-09-14T12:16:38","date_gmt":"2018-09-14T10:16:38","guid":{"rendered":"https:\/\/www.vnu-ev.de\/?p=3475"},"modified":"2018-09-14T12:16:38","modified_gmt":"2018-09-14T10:16:38","slug":"environmental-manager-day-southeast-europe","status":"publish","type":"post","link":"https:\/\/www.vnu-ev.de\/en\/veranstaltungen\/environmental-manager-day-southeast-europe","title":{"rendered":"Environmental Manager Day Southeast Europe"},"content":{"rendered":"<h2>Eine Veranstaltung des VNU f\u00fcr Umweltexperten aus Industrie und Verwaltung<\/h2>\n<p><strong>Aus der Praxis f\u00fcr die Praxis:<\/strong><br \/>\nBeim diesj\u00e4hrigen 6. EMD des VNU f\u00fcr S\u00fcdosteuropa am 11. Oktober 2018 in Sofia (Bulgarien), 9:30 bis 17:00 Uhr, erwarten Sie wieder internationale Referenten mit Vortr\u00e4gen zu Abfallmanagement und Luftqualit\u00e4t. Die Veranstaltung richtet sich an die Umweltmanager aus der Industrie und die Vertreter der Umweltbeh\u00f6rden. Gerade der informelle und kollegiale Erfahrungsaustausch kann die Akzeptanz und die Umsetzung betrieblicher Umweltschutzma\u00dfnahmen verbessern helfen.<\/p>\n<h2>Termin<\/h2>\n<p>11. Oktober 2018<br \/>\n9:30 - 17:00 Uhr<\/p>\n<h2>Ort<\/h2>\n<p>Grand Hotel Sofia<br \/>\n1, Gurko Str.<br \/>\n1000 Sofia<br \/>\nBulgarien<\/p>\n<h2>Themen<\/h2>\n<ul>\n<li><strong>Panel 1: Abfallmanagement<br \/>\n<\/strong>- Europ\u00e4ischer Rechtsrahmen f\u00fcr Kreislaufwirtschaft<br \/>\n- Priorit\u00e4t Verwertung vor Beseitigung bei Vorhandensein entsprechender technischer M\u00f6glichkeiten<br \/>\n- Kontrollsystem bei grenz\u00fcberschreitenden AbfalltransportenDas sind die Themen, die Mag. Gernot Lorenz, \u00d6sterr. Bundesministerium f\u00fcr Land- und Forstwirtschaft, Umwelt und Wasserwirtschaft (BMLFUW) zum Auftakt der Diskussion als Special-Keynote Speaker beleuchten wird. Frau Patarchanova (angefragt), MoEW, tritt als Co-Referentin auf.<\/li>\n<li><strong>Panel 2:\u00a0Luftqualit\u00e4t<br \/>\n<\/strong>- Investitionen in Technik zur Verminderung der Luftemissionen<br \/>\n- Ermittlung von Emissionsquellen bei B\u00fcrgerbeschwerden durch mobile Messtechnik<br \/>\n-\u00a0Darstellung der Ausbreitung mittels aktueller SoftwareDer VNU hat als Key-note-Speaker Herr Michael Brison, Vice-President der Montupet-Group (Frankreich\/Bulgarien\/Gro\u00dfbritannien) angefragt. Ausgewiesene internationale Praktiker aus der Messtechnik und Feldmessungen erg\u00e4nzen das Programm.<\/li>\n<li><strong>Erfahrungsaustausch<br \/>\n<\/strong>An einem <em>Farewell drink<\/em> stehen die beiden Vortragenden f\u00fcr Sie als Ansprechpartner zur Verf\u00fcgung. Wir erwarten weitere Mitglieder des VNU, die ebenfalls gerne mit Ihnen ins Gespr\u00e4ch kommen.<\/li>\n<\/ul>\n<h2>Anmeldeinformationen<\/h2>\n<p>Die Teilnahme ist kostenlos.<br \/>\nUm sich Ihre pers\u00f6nliche Einladung zu sichern, senden Sie eine formlose E-Mail an <a href=\"mailto:office@inno-con.de\">office@inno-con.de<\/a> mit dem Betreff \u201e6. EMD\u201c und Ihren Kontaktdaten. Aus organisatorischen Gr\u00fcnden bitten wir um Ihre Anmeldung bis sp\u00e4testens zum <strong>21. September\u00a02018<\/strong>.<\/p>\n<h2>\u00dcber dieses Angebot<\/h2>\n<p>Eine Veranstaltung\u00a0der <a href=\"https:\/\/www.vnu-ev.de\/bulgaria\">Sektion Bulgarien<\/a> des VNU mit der Unterst\u00fctzung von INNO-CON und ECOMAX.<br \/>\nMehr \u00fcber eine VNU Mitgliedschaft finden Sie hier:\u00a0<a href=\"https:\/\/www.vnu-ev.de\/ueber-uns\/mitglied-werden\" target=\"_blank\" rel=\"noopener noreferrer\">Mitglied werden<\/a><\/p>\n","protected":false},"excerpt":{"rendered":"<p>Eine Veranstaltung des VNU f\u00fcr Umweltexperten aus Industrie und Verwaltung Aus der Praxis f\u00fcr die&#8230; <a class=\"read-more\" href=\"https:\/\/www.vnu-ev.de\/en\/veranstaltungen\/environmental-manager-day-southeast-europe\">More<\/a><\/p>\n","protected":false},"author":118,"featured_media":0,"comment_status":"closed","ping_status":"closed","sticky":false,"template":"","format":"standard","meta":{"_acf_changed":false,"footnotes":""},"categories":[226],"tags":[],"class_list":["post-3475","post","type-post","status-publish","format-standard","hentry","category-veranstaltungen"],"acf":[],"_links":{"self":[{"href":"https:\/\/www.vnu-ev.de\/en\/wp-json\/wp\/v2\/posts\/3475","targetHints":{"allow":["GET"]}}],"collection":[{"href":"https:\/\/www.vnu-ev.de\/en\/wp-json\/wp\/v2\/posts"}],"about":[{"href":"https:\/\/www.vnu-ev.de\/en\/wp-json\/wp\/v2\/types\/post"}],"author":[{"embeddable":true,"href":"https:\/\/www.vnu-ev.de\/en\/wp-json\/wp\/v2\/users\/118"}],"replies":[{"embeddable":true,"href":"https:\/\/www.vnu-ev.de\/en\/wp-json\/wp\/v2\/comments?post=3475"}],"version-history":[{"count":0,"href":"https:\/\/www.vnu-ev.de\/en\/wp-json\/wp\/v2\/posts\/3475\/revisions"}],"wp:attachment":[{"href":"https:\/\/www.vnu-ev.de\/en\/wp-json\/wp\/v2\/media?parent=3475"}],"wp:term":[{"taxonomy":"category","embeddable":true,"href":"https:\/\/www.vnu-ev.de\/en\/wp-json\/wp\/v2\/categories?post=3475"},{"taxonomy":"post_tag","embeddable":true,"href":"https:\/\/www.vnu-ev.de\/en\/wp-json\/wp\/v2\/tags?post=3475"}],"curies":[{"name":"wp","href":"https:\/\/api.w.org\/{rel}","templated":true}]}}