{"id":3583,"date":"2018-11-16T09:10:10","date_gmt":"2018-11-16T08:10:10","guid":{"rendered":"https:\/\/www.vnu-ev.de\/?p=3583"},"modified":"2018-11-16T09:10:10","modified_gmt":"2018-11-16T08:10:10","slug":"emas-club-region-suedwest","status":"publish","type":"post","link":"https:\/\/www.vnu-ev.de\/en\/emas-club-europe\/emas-club-region-suedwest","title":{"rendered":"EMAS Club Region S\u00fcdwest"},"content":{"rendered":"<h2>Aus der Praxis f\u00fcr die Praxis:<\/h2>\n<p>Diskutieren Sie \u00fcber alle Themen einer\/eines Umwelt(management)beauftragten! Fragen Sie Ihre Kolleginnen und Kollegen, den VNU und den Umweltgutachter!<\/p>\n<h2>Termin<\/h2>\n<p>13. Februar 2019<br \/>\n10:30 - 15:30 Uhr<\/p>\n<h2>Ort<\/h2>\n<p>Innovation Group AG<br \/>\nRoteb\u00fchlstra\u00dfe 121<br \/>\n70178 Stuttgart<\/p>\n<h2>Themen<\/h2>\n<ul>\n<li>Was ist bei der Gewerbeabfallverordnung zu beachten?\u00a0<strong>\u00a0[\u00a0<a href=\"https:\/\/www.vnu-ev.de\/?s2member_file_download=\/access-s2member-level1\/Aufz\/2019\/190213_ECE_SW_GewAbfV_Fischer.pdf\" target=\"_blank\" rel=\"noopener noreferrer\">Vortrag <\/a>]<\/strong><br \/>\n<em>Fortf\u00fchrung der Gespr\u00e4che<\/em><\/li>\n<li>EMAS: Umsetzung des neuen Anhangs IV<strong>\u00a0[\u00a0<a href=\"https:\/\/www.vnu-ev.de\/?s2member_file_download=\/access-s2member-level1\/Aufz\/2019\/190213_ECE_SW_EMAS-VO-Anh4_Kermann.pdf\" target=\"_blank\" rel=\"noopener noreferrer\">Vortrag <\/a>]<\/strong><br \/>\n<em>Vorgaben f\u00fcr die Umwelterkl\u00e4rung<\/em><\/li>\n<li>Wie k\u00f6nnen EMAS-Unternehmen die neuen M\u00f6glichkeiten f\u00fcr Kernindikatoren nutzen?<\/li>\n<li>\u00dcberarbeitete <a href=\"https:\/\/www.emas.de\/fileadmin\/user_upload\/06_service\/PDF-Dateien\/Aufgabenleitlinie-Umweltgutachter.pdf\">Aufgabenleitlinie<\/a> des Umweltgutachterausschusses (UGA)<\/li>\n<li>Energieeffizienz: Warum es sich lohnt, sich nach F\u00f6rderprogrammen umzusehen <a href=\"https:\/\/www.bafa.de\/DE\/Energie\/Energieeffizienz\/Energieeffizienz_und_Prozesswaerme\/Energieeffizienz_und_Prozesswaerme_node.html\">Programme des BAFA<\/a><\/li>\n<li>Weitere aktuelle Themen und Fragen der Teilnehmer \u2013 Bringen Sie<br \/>\neinfach Ihre Fragen zu Umweltmanagement, EMAS und sonstigen Themen mit.<\/li>\n<\/ul>\n<h2>Moderator<\/h2>\n<p>Peter Fischer, Peter Fischer Managementberatung, Leiter der Regionalgruppe S\u00fcdwest des EMAS Club Europe sowie stellvertretender Vorsitzender im UGA und Leiter der AG Marketing, Kommunikation und F\u00f6rderung im UGA<\/p>\n<h2>\u00dcber dieses Angebot<\/h2>\n<p>Die Teilnehmer erhalten nach dem Regionaltreffen die freigegebenen Vortr\u00e4ge.<br \/>\nVNU-Mitglieder k\u00f6nnen die freigegebenen Vortr\u00e4ge von der VNU Homepage downloaden.<\/p>\n<p>Mehr \u00fcber den EMAS Club Europe finden sie hier:\u00a0<a href=\"https:\/\/www.vnu-ev.de\/emas-club-europe\" target=\"_blank\" rel=\"noopener noreferrer\">EMAS Club Europe<br \/>\n<\/a>Mehr \u00fcber eine VNU Mitgliedschaft finden Sie hier:\u00a0<a href=\"https:\/\/www.vnu-ev.de\/ueber-uns\/mitglied-werden\" target=\"_blank\" rel=\"noopener noreferrer\">Mitglied werden<\/a><\/p>\n","protected":false},"excerpt":{"rendered":"<p>Aus der Praxis f\u00fcr die Praxis: Diskutieren Sie \u00fcber alle Themen einer\/eines Umwelt(management)beauftragten! Fragen Sie&#8230; <a class=\"read-more\" href=\"https:\/\/www.vnu-ev.de\/en\/emas-club-europe\/emas-club-region-suedwest\">More<\/a><\/p>\n","protected":false},"author":118,"featured_media":0,"comment_status":"closed","ping_status":"closed","sticky":false,"template":"","format":"standard","meta":{"_acf_changed":false,"footnotes":""},"categories":[10,226],"tags":[],"class_list":["post-3583","post","type-post","status-publish","format-standard","hentry","category-emas-club-europe","category-veranstaltungen"],"acf":[],"_links":{"self":[{"href":"https:\/\/www.vnu-ev.de\/en\/wp-json\/wp\/v2\/posts\/3583","targetHints":{"allow":["GET"]}}],"collection":[{"href":"https:\/\/www.vnu-ev.de\/en\/wp-json\/wp\/v2\/posts"}],"about":[{"href":"https:\/\/www.vnu-ev.de\/en\/wp-json\/wp\/v2\/types\/post"}],"author":[{"embeddable":true,"href":"https:\/\/www.vnu-ev.de\/en\/wp-json\/wp\/v2\/users\/118"}],"replies":[{"embeddable":true,"href":"https:\/\/www.vnu-ev.de\/en\/wp-json\/wp\/v2\/comments?post=3583"}],"version-history":[{"count":0,"href":"https:\/\/www.vnu-ev.de\/en\/wp-json\/wp\/v2\/posts\/3583\/revisions"}],"wp:attachment":[{"href":"https:\/\/www.vnu-ev.de\/en\/wp-json\/wp\/v2\/media?parent=3583"}],"wp:term":[{"taxonomy":"category","embeddable":true,"href":"https:\/\/www.vnu-ev.de\/en\/wp-json\/wp\/v2\/categories?post=3583"},{"taxonomy":"post_tag","embeddable":true,"href":"https:\/\/www.vnu-ev.de\/en\/wp-json\/wp\/v2\/tags?post=3583"}],"curies":[{"name":"wp","href":"https:\/\/api.w.org\/{rel}","templated":true}]}}