{"id":3596,"date":"2018-11-16T17:25:57","date_gmt":"2018-11-16T16:25:57","guid":{"rendered":"https:\/\/www.vnu-ev.de\/?p=3596"},"modified":"2020-03-12T15:03:18","modified_gmt":"2020-03-12T14:03:18","slug":"umwelt-und-nachhaltigkeitsmanagertag-2019","status":"publish","type":"post","link":"https:\/\/www.vnu-ev.de\/en\/events\/umwelt-und-nachhaltigkeitsmanagertag-2019","title":{"rendered":"Umwelt- und Nachhaltigkeitsmanagertag 2019"},"content":{"rendered":"<h2><img loading=\"lazy\" decoding=\"async\" class=\"alignnone size-medium wp-image-2971\" src=\"https:\/\/www.vnu-ev.de\/wp-content\/uploads\/2018\/01\/IHK-268x300.jpg\" alt=\"\" width=\"268\" height=\"300\" srcset=\"https:\/\/www.vnu-ev.de\/en\/wp-content\/uploads\/2018\/01\/IHK-268x300.jpg 268w, https:\/\/www.vnu-ev.de\/en\/wp-content\/uploads\/2018\/01\/IHK-134x150.jpg 134w, https:\/\/www.vnu-ev.de\/en\/wp-content\/uploads\/2018\/01\/IHK-916x1024.jpg 916w, https:\/\/www.vnu-ev.de\/en\/wp-content\/uploads\/2018\/01\/IHK.jpg 1014w\" sizes=\"auto, (max-width: 268px) 100vw, 268px\" \/><\/h2>\n<h2>Trends und Tools f\u00fcr die nachhaltige Unternehmensentwicklung<\/h2>\n<p>Das ist das Motto des Umwelt- und Nachhaltigkeitsmanagertags, zu dem wir Sie am 27. M\u00e4rz 2019 in die IHK Frankfurt am Main herzlich einladen. Nach der internen Mitgliederversammlung des Verbands am Vormittag erwarten Sie ab 13:00 Uhr mehrere Fachbeitr\u00e4ge mit Diskussionen.<\/p>\n<p>Die Vortr\u00e4ge werden die Umsetzung der globalen Nachhaltigkeitsziele (SDGs) aus der Sicht von Unternehmen beleuchten und wir stellen Ihnen anschlie\u00dfend vor, welche Synergien zwischen EMAS und dem Deutschen Nachhaltigkeitskodex im Familienunternehmen Hipp bestehen. Au\u00dferdem diskutieren Vertreter\/innen von Akkreditierungs- und Zertifizierungsstellen, Unternehmen und aktive Auditor\/innen \u00fcber die Vor- und Nachteile verschiedener Auditmethoden. Letztlich besch\u00e4ftigen wir uns mit der Digitalisierung, die auch in der Nachhaltigkeit ihren Platz haben wird und geben einen praxisbezogenen \u00dcberblick zu den aktuellen Entwicklungen.<\/p>\n<h3><strong>Programm<\/strong><\/h3>\n<ol>\n<li><strong>Begr\u00fc\u00dfung<\/strong><br \/>\nLuise Riedel, IHK Frankfurt \/ Main<br \/>\n<a href=\"https:\/\/www.vnu-ev.de\/mitglieder\/bettina-heimer\">Bettina Heimer<\/a>, Vorstand des VNU e. V.<\/li>\n<li><strong>Sustainable Development Goals und deren praktische Umsetzung [\u00a0<a href=\"https:\/\/www.vnu-ev.de\/?s2member_file_download=\/access-s2member-level1\/Aufz\/2019\/Ritter_Nachhaltigkeitsbericht_2018_DE.pdf\" target=\"_blank\" rel=\"noopener noreferrer\">Ritter Nachhaltigkeitsbericht 2018 <\/a>]<\/strong><br \/>\nGeorg Hoffmann, Nachhaltigkeitsmanager, Alfred Ritter GmbH &amp; Co. KG<strong>\u00a0<\/strong><\/li>\n<li><strong>Umweltmanagement EMAS und die DNK Entsprechenserkl\u00e4rung [\u00a0<a href=\"https:\/\/www.vnu-ev.de\/?s2member_file_download=\/access-s2member-level1\/Aufz\/2019\/190327_UNT_EMAS-DNK_Weichenrieder.pdf\" target=\"_blank\" rel=\"noopener noreferrer\">Vortrag <\/a>]<br \/>\n<\/strong>Evi Weichenrieder, Nachhaltigkeitskommunikation, HiPP-Werk Georg Hipp OHG<strong><br \/>\n<\/strong><\/li>\n<li><strong>Podiumsdiskussion zur Zukunft des Auditierens<br \/>\n<\/strong>Einf\u00fchrung und Moderation: <a href=\"https:\/\/www.vnu-ev.de\/mitglieder\/lennart-schleicher\">Lennart Schleicher<\/a><br \/>\nGeorg Hartmann, KPMG Cert GmbH Umweltgutachterorganisation<br \/>\nGeorg Hoffmann, Alfred Ritter GmbH &amp; Co. KG<br \/>\nBernhard F. Pilz, PILZ-ABE Managementsystem.Analyse<br \/>\nDr. Markus Racke, DAU GmbH<br \/>\nThomas Votsmeier, DGQ e.V., ISO TC 207, DAkkS AKB FB 5<\/li>\n<li><strong>Megatrend Digitalisierung - Chancen f\u00fcr die nachhaltige Unternehmensentwicklung [\u00a0<a href=\"https:\/\/www.vnu-ev.de\/?s2member_file_download=\/access-s2member-level1\/Aufz\/2019\/190327_UNT_Megatrend_Digitalisierung_Prox.pdf\" target=\"_blank\" rel=\"noopener noreferrer\">Vortrag <\/a>]<br \/>\n<\/strong><a href=\"https:\/\/www.vnu-ev.de\/mitglieder\/martina-prox\">Martina Prox<\/a>, ifu Hamburg GmbH - member of the iPoint Group<\/li>\n<\/ol>\n<h3><strong>Abendveranstaltung ... im Gespr\u00e4ch und Schnack beim Snack<br \/>\n<\/strong><\/h3>\n<p>Gegen 17:30 Uhr folgt unsere Abendveranstaltung, bei der Sie in diesem Jahr ein Gespr\u00e4ch von <a href=\"https:\/\/www.vnu-ev.de\/mitglieder\/matthias-friebel\">Matthias Friebel<\/a> (Vorsitzender des VNU von 2000-2018, Ehrenmitglied) mit <strong>apl. Prof. Dr. Niko Paech (Universit\u00e4t Siegen)<\/strong> zum Thema '<strong>Schneller, h\u00f6her, weiter... besser? Wie werden wir in Zukunft leben?<\/strong>' erwartet.<\/p>\n<p>Anschlie\u00dfend laden wir Sie herzlich zum Get-together mit Bewirtung ein, bei dem Sie die sicher anregenden Diskussionen weiter f\u00fchren, den Abend gesellig ausklingen lassen und Gelegenheit zur Netzwerkpflege haben.<\/p>\n<h3><strong>Anmeldeinformationen<br \/>\n<\/strong><\/h3>\n<p>Wir freuen uns \u00fcber Ihr Interesse an unserer Veranstaltung und bitten Sie, f\u00fcr Ihre Teilnahme das Anmeldeformular an die VNU Gesch\u00e4ftsstelle (<a href=\"mailto:vnu@vnu-ev.de\">vnu@vnu-ev.de<\/a>) zu senden.<\/p>\n<p><strong>Bei einer Anmeldung bis zum 27. Februar 2019 erhalten Sie dabei einen Fr\u00fchbucher-Rabatt. Mitglieder des VNU nehmen zus\u00e4tzlich verg\u00fcnstigt an dieser Veranstaltung teil.<\/strong><\/p>\n<p>Eine Mitgliedschaft ist als Einzelperson oder f\u00fcr Unternehmen m\u00f6glich. Beide Formen der Mitgliedschaft k\u00f6nnen Sie in Form einer Schnupper-Mitgliedschaft \u00fcber 12 Monate mit allen Vorz\u00fcgen und Leistungen des Verbands testen. Neue Mitglieder profitieren sofort von den verg\u00fcnstigten Teilnahmegeb\u00fchren.<\/p>\n<p><a href=\"https:\/\/www.vnu-ev.de\/wp-content\/uploads\/2019\/02\/190327_UNT_Programm.pdf\"><strong>Programm<\/strong><\/a><\/p>\n<p><a href=\"https:\/\/www.vnu-ev.de\/wp-content\/uploads\/2019\/01\/190327_UNT-MV_Anmeldung.pdf\"><strong>Anmeldung<\/strong><\/a><\/p>\n","protected":false},"excerpt":{"rendered":"<p>Trends und Tools f\u00fcr die nachhaltige Unternehmensentwicklung Das ist das Motto des Umwelt- und Nachhaltigkeitsmanagertags,&#8230; <a class=\"read-more\" href=\"https:\/\/www.vnu-ev.de\/en\/events\/umwelt-und-nachhaltigkeitsmanagertag-2019\">More<\/a><\/p>\n","protected":false},"author":118,"featured_media":0,"comment_status":"closed","ping_status":"closed","sticky":false,"template":"","format":"standard","meta":{"_acf_changed":false,"footnotes":""},"categories":[9,240,1,226],"tags":[266,189,267],"class_list":["post-3596","post","type-post","status-publish","format-standard","hentry","category-top-event","category-umwelt-und-nachhaltigkeitsmanagertag","category-events","category-veranstaltungen","tag-nachhaltigkeitsmanager","tag-umweltmanager","tag-veranstaltung"],"acf":[],"_links":{"self":[{"href":"https:\/\/www.vnu-ev.de\/en\/wp-json\/wp\/v2\/posts\/3596","targetHints":{"allow":["GET"]}}],"collection":[{"href":"https:\/\/www.vnu-ev.de\/en\/wp-json\/wp\/v2\/posts"}],"about":[{"href":"https:\/\/www.vnu-ev.de\/en\/wp-json\/wp\/v2\/types\/post"}],"author":[{"embeddable":true,"href":"https:\/\/www.vnu-ev.de\/en\/wp-json\/wp\/v2\/users\/118"}],"replies":[{"embeddable":true,"href":"https:\/\/www.vnu-ev.de\/en\/wp-json\/wp\/v2\/comments?post=3596"}],"version-history":[{"count":1,"href":"https:\/\/www.vnu-ev.de\/en\/wp-json\/wp\/v2\/posts\/3596\/revisions"}],"predecessor-version":[{"id":5006,"href":"https:\/\/www.vnu-ev.de\/en\/wp-json\/wp\/v2\/posts\/3596\/revisions\/5006"}],"wp:attachment":[{"href":"https:\/\/www.vnu-ev.de\/en\/wp-json\/wp\/v2\/media?parent=3596"}],"wp:term":[{"taxonomy":"category","embeddable":true,"href":"https:\/\/www.vnu-ev.de\/en\/wp-json\/wp\/v2\/categories?post=3596"},{"taxonomy":"post_tag","embeddable":true,"href":"https:\/\/www.vnu-ev.de\/en\/wp-json\/wp\/v2\/tags?post=3596"}],"curies":[{"name":"wp","href":"https:\/\/api.w.org\/{rel}","templated":true}]}}