{"id":3656,"date":"2018-12-17T13:36:21","date_gmt":"2018-12-17T12:36:21","guid":{"rendered":"https:\/\/www.vnu-ev.de\/?p=3656"},"modified":"2018-12-17T13:36:21","modified_gmt":"2018-12-17T12:36:21","slug":"ressort-wirtschaftsethik","status":"publish","type":"post","link":"https:\/\/www.vnu-ev.de\/en\/veranstaltungen\/ressort-wirtschaftsethik","title":{"rendered":"Ressort Wirtschaftsethik"},"content":{"rendered":"<h2><strong>Diskutieren Sie \u00fcber aktuelle Themen im Bereich Wirtschaftsethik!<\/strong><\/h2>\n<p>Im Ressort Wirtschaftsethik stehen Einstellung und Verhalten von F\u00fchrungskr\u00e4ften als Determinanten im Vordergrund. Dabei will das Ressort Theorie mit Praxis in den Dialog bringen. Als Informations- und Austauschplattform rund um das Themengebiet Wirtschaftsethik werden in den regelm\u00e4\u00dfigen Anwendertreffen des Ressorts Interessierte aus Unternehmen angesprochen.<\/p>\n<h2>Termin<\/h2>\n<p>14. M\u00e4rz 2019<br \/>\n13:00 - 17:45\u00a0Uhr<\/p>\n<h2>Ort<\/h2>\n<p>Weltethos-Institut<br \/>\nHintere Grabenstra\u00dfe 26<br \/>\n72070 T\u00fcbingen<\/p>\n<h2><strong>Schwerpunkte des Anwendertreffens<\/strong><\/h2>\n<p><strong>Wirtschaftsethik: Orientierung und Umsetzung<\/strong><br \/>\nDas VNU Wirtschaftsethik-Anwendertreffen bietet die M\u00f6glichkeit der Vertiefung des eigenen Wissens, der \u00dcberpr\u00fcfung des eigenen Mindsets sowie des Kennenlernens konkreter Modelle und Instrumente zur Umsetzung von Wirtschaftsethik im Unternehmen.<\/p>\n<p>F\u00fchrungskr\u00e4fte, HR-Mitarbeiter und Executive-Developer reflektieren ihre Haltung und erfahren, wie ethische Leitlinien praktisch in einem Unternehmen umgesetzt werden k\u00f6nnen. Wir freuen uns dieses Mal auf regen Austausch beim Gastgeber Weltethos-Institut T\u00fcbingen. Geplant sind weitere Anwendertreffen unter anderem in Freiburg und Hamburg mit entsprechenden Instituten.<\/p>\n<h2>Moderator<\/h2>\n<p><a href=\"https:\/\/www.vnu-ev.de\/mitglieder\/klaus-schuler\">Klaus J. Schuler<\/a>\u00a0ist im VNU der Ansprechpartner f\u00fcr das Ressort Wirtschaftsethik und die Themenbereiche rund um Verantwortliches F\u00fchren.<br \/>\nMehr \u00fcber\u00a0das Ressort Wirtschaftsethik\u00a0finden sie hier: <a href=\"https:\/\/www.vnu-ev.de\/ressorts\/ressort-wirtschaftsethik\">Wirtschaftsethik im VNU<\/a><\/p>\n<h2>Download<\/h2>\n<p>Der Download der Vortragsdokumentation ist f\u00fcr VNU-Mitglieder hier erh\u00e4ltlich: [ <a href=\"https:\/\/www.vnu-ev.de\/?s2member_file_download=\/access-s2member-level1\/Aufz\/2019\/190314_Ressort_Wirtschaftsethik_Anwendertreffen_Gesamtpraesentation.pdf\" target=\"_blank\" rel=\"noopener noreferrer\">Vortrag<\/a>\u00a0]<a href=\"https:\/\/www.vnu-ev.de\/emas-club-europe\" target=\"_blank\" rel=\"noopener noreferrer\"><br \/>\n<\/a><\/p>\n","protected":false},"excerpt":{"rendered":"<p>Diskutieren Sie \u00fcber aktuelle Themen im Bereich Wirtschaftsethik! Im Ressort Wirtschaftsethik stehen Einstellung und Verhalten&#8230; <a class=\"read-more\" href=\"https:\/\/www.vnu-ev.de\/en\/veranstaltungen\/ressort-wirtschaftsethik\">More<\/a><\/p>\n","protected":false},"author":118,"featured_media":0,"comment_status":"closed","ping_status":"closed","sticky":false,"template":"","format":"standard","meta":{"_acf_changed":false,"footnotes":""},"categories":[242,226],"tags":[],"class_list":["post-3656","post","type-post","status-publish","format-standard","hentry","category-ressort","category-veranstaltungen"],"acf":[],"_links":{"self":[{"href":"https:\/\/www.vnu-ev.de\/en\/wp-json\/wp\/v2\/posts\/3656","targetHints":{"allow":["GET"]}}],"collection":[{"href":"https:\/\/www.vnu-ev.de\/en\/wp-json\/wp\/v2\/posts"}],"about":[{"href":"https:\/\/www.vnu-ev.de\/en\/wp-json\/wp\/v2\/types\/post"}],"author":[{"embeddable":true,"href":"https:\/\/www.vnu-ev.de\/en\/wp-json\/wp\/v2\/users\/118"}],"replies":[{"embeddable":true,"href":"https:\/\/www.vnu-ev.de\/en\/wp-json\/wp\/v2\/comments?post=3656"}],"version-history":[{"count":0,"href":"https:\/\/www.vnu-ev.de\/en\/wp-json\/wp\/v2\/posts\/3656\/revisions"}],"wp:attachment":[{"href":"https:\/\/www.vnu-ev.de\/en\/wp-json\/wp\/v2\/media?parent=3656"}],"wp:term":[{"taxonomy":"category","embeddable":true,"href":"https:\/\/www.vnu-ev.de\/en\/wp-json\/wp\/v2\/categories?post=3656"},{"taxonomy":"post_tag","embeddable":true,"href":"https:\/\/www.vnu-ev.de\/en\/wp-json\/wp\/v2\/tags?post=3656"}],"curies":[{"name":"wp","href":"https:\/\/api.w.org\/{rel}","templated":true}]}}