{"id":3815,"date":"2019-03-18T15:29:58","date_gmt":"2019-03-18T14:29:58","guid":{"rendered":"https:\/\/www.vnu-ev.de\/?p=3815"},"modified":"2019-03-18T15:29:58","modified_gmt":"2019-03-18T14:29:58","slug":"emas-club-region-rhein-main-191021","status":"publish","type":"post","link":"https:\/\/www.vnu-ev.de\/en\/emas-club-europe\/emas-club-region-rhein-main-191021","title":{"rendered":"EMAS Club Region Rhein-Main"},"content":{"rendered":"<h2>Aus der Praxis f\u00fcr die Praxis:<\/h2>\n<p>Diskutieren Sie \u00fcber alle Themen einer\/eines Umwelt(management)beauftragten! Fragen Sie Ihre Kolleginnen und Kollegen, den VNU und den Umweltgutachter!<\/p>\n<h2>Termin<\/h2>\n<p>21. Oktober 2019<br \/>\n10:30 - 15:30 Uhr<\/p>\n<h2>Ort<\/h2>\n<p>Odenwald-Chemie GmbH<br \/>\n69239 Neckarsteinach<\/p>\n<h2>Themen<\/h2>\n<ul>\n<li>Die Themen des Regionaltreffens werden demn\u00e4chst bekanntgegeben.<\/li>\n<\/ul>\n<p>Haben Sie dar\u00fcber hinaus Fragen aus dem Praxisalltag sowie zu aktuellen Themen rund um EMAS und m\u00f6chten hierzu bei einem der n\u00e4chsten Regionaltreffen Informationen erhalten oder mit anderen EMAS-Anwendern diskutieren?<br \/>\nWenden Sie sich daf\u00fcr bitte an die VNU Gesch\u00e4ftsstelle (<u><a href=\"mailto:vnu@vnu-ev.de\">vnu@vnu-ev.de<\/a><\/u>).<\/p>\n<h2>Moderator<\/h2>\n<p>Andreas von Saldern, ESolutions GmbH, Leiter der Regionalgruppe Rhein-Main des EMAS Club Europe, VNU-Mitglied<\/p>\n<h2>Anmeldeinformationen<\/h2>\n<p><strong>Voraussetzung f\u00fcr die Teilnahme\u00a0an den Regionaltreffen des EMAS Club Europe\u00a0ist eine bestehende oder anstehende EMAS-Registrierung des repr\u00e4sentierten Unternehmens.<br \/>\n<\/strong>Aus organisatorischen Gr\u00fcnden bitten wir um Ihre Anmeldung bis sp\u00e4testens zum\u00a0<strong>14. Oktober 2019<\/strong>\u00a0per E-Mail an die\u00a0VNU Gesch\u00e4ftsstelle (<a href=\"mailto:vnu@vnu-ev.de\">vnu@vnu-e v.de<\/a>)<\/p>\n<p>VNU-Mitglieder, die ein EMAS-validiertes Unternehmen repr\u00e4sentieren, k\u00f6nnen sich formlos in der VNU Gesch\u00e4ftsstelle (<a href=\"mailto:vnu@vnu-ev.de\">vnu@vnu-ev.de<\/a>) anmelden.<br \/>\nNicht-VNU-Mitglieder werden gebeten, das Anmeldeformular auszuf\u00fcllen und an die VNU Gesch\u00e4ftsstelle (<a href=\"mailto:vnu@vnu-ev.de\">vnu@vnu-ev.de<\/a>) zu senden.<\/p>\n<p><strong><a href=\"https:\/\/www.vnu-ev.de\/wp-content\/uploads\/2019\/03\/191021_ECE_Rhein-Main_Anmeldeformular.pdf\">Anmeldeformular<\/a><\/strong><\/p>\n<h2>\u00dcber dieses Angebot<\/h2>\n<p>Die Teilnehmer erhalten nach dem Regionaltreffen die freigegebenen Vortr\u00e4ge.<br \/>\nVNU-Mitglieder k\u00f6nnen die freigegebenen Vortr\u00e4ge von der VNU Homepage downloaden.<\/p>\n<p>Haben Sie W\u00fcnsche zu aktuellen Themen und Fragen zu EMAS und zum Umweltmanagement, die bei\u00a0einem Treffen der Regionalgruppe Rhein-Main angesprochen werden sollten? Wenden Sie sich bitte an die VNU Gesch\u00e4ftsstelle (<a href=\"mailto:vnu@vnu-ev.de\">vnu@vnu-ev.de<\/a>).<\/p>\n<p>Mehr \u00fcber den EMAS Club Europe finden sie hier:\u00a0<a href=\"https:\/\/www.vnu-ev.de\/emas-club-europe\" target=\"_blank\" rel=\"noopener noreferrer\">EMAS Club Europe<br \/>\n<\/a>Mehr \u00fcber eine VNU Mitgliedschaft finden Sie hier:\u00a0<a href=\"https:\/\/www.vnu-ev.de\/ueber-uns\/mitglied-werden\" target=\"_blank\" rel=\"noopener noreferrer\">Mitglied werden<\/a><\/p>\n","protected":false},"excerpt":{"rendered":"<p>Aus der Praxis f\u00fcr die Praxis: Diskutieren Sie \u00fcber alle Themen einer\/eines Umwelt(management)beauftragten! Fragen Sie&#8230; <a class=\"read-more\" href=\"https:\/\/www.vnu-ev.de\/en\/emas-club-europe\/emas-club-region-rhein-main-191021\">More<\/a><\/p>\n","protected":false},"author":118,"featured_media":0,"comment_status":"closed","ping_status":"closed","sticky":false,"template":"","format":"standard","meta":{"_acf_changed":false,"footnotes":""},"categories":[10,226],"tags":[],"class_list":["post-3815","post","type-post","status-publish","format-standard","hentry","category-emas-club-europe","category-veranstaltungen"],"acf":[],"_links":{"self":[{"href":"https:\/\/www.vnu-ev.de\/en\/wp-json\/wp\/v2\/posts\/3815","targetHints":{"allow":["GET"]}}],"collection":[{"href":"https:\/\/www.vnu-ev.de\/en\/wp-json\/wp\/v2\/posts"}],"about":[{"href":"https:\/\/www.vnu-ev.de\/en\/wp-json\/wp\/v2\/types\/post"}],"author":[{"embeddable":true,"href":"https:\/\/www.vnu-ev.de\/en\/wp-json\/wp\/v2\/users\/118"}],"replies":[{"embeddable":true,"href":"https:\/\/www.vnu-ev.de\/en\/wp-json\/wp\/v2\/comments?post=3815"}],"version-history":[{"count":0,"href":"https:\/\/www.vnu-ev.de\/en\/wp-json\/wp\/v2\/posts\/3815\/revisions"}],"wp:attachment":[{"href":"https:\/\/www.vnu-ev.de\/en\/wp-json\/wp\/v2\/media?parent=3815"}],"wp:term":[{"taxonomy":"category","embeddable":true,"href":"https:\/\/www.vnu-ev.de\/en\/wp-json\/wp\/v2\/categories?post=3815"},{"taxonomy":"post_tag","embeddable":true,"href":"https:\/\/www.vnu-ev.de\/en\/wp-json\/wp\/v2\/tags?post=3815"}],"curies":[{"name":"wp","href":"https:\/\/api.w.org\/{rel}","templated":true}]}}