{"id":3819,"date":"2019-03-18T16:36:32","date_gmt":"2019-03-18T15:36:32","guid":{"rendered":"https:\/\/www.vnu-ev.de\/?p=3819"},"modified":"2019-03-18T16:36:32","modified_gmt":"2019-03-18T15:36:32","slug":"emas-club-region-suedost-190522","status":"publish","type":"post","link":"https:\/\/www.vnu-ev.de\/en\/emas-club-europe\/emas-club-region-suedost-190522","title":{"rendered":"EMAS Club Region S\u00fcdost"},"content":{"rendered":"<h2>Aus der Praxis f\u00fcr die Praxis:<\/h2>\n<p>Diskutieren Sie \u00fcber alle Themen einer\/eines Umwelt(management)beauftragten! Fragen Sie Ihre Kolleginnen und Kollegen, den VNU und den Umweltgutachter!<br \/>\nAlle Organisationen mit einer anstehenden oder bestehenden EMAS-Registrierung sind herzlich eingeladen.<\/p>\n<h2>Termin<\/h2>\n<p>22.05.2019<br \/>\n10:00 - 16:00 Uhr<\/p>\n<h2>Ort<\/h2>\n<p>Landratsamt M\u00fcnchen<br \/>\n81539 M\u00fcnchen<\/p>\n<h2>Themen<\/h2>\n<ul>\n<li>Mobilit\u00e4tsplanung im Landkreis M\u00fcnchen und betriebliches Mobilit\u00e4tsmanagement im Landratsamt M\u00fcnchen<strong><br \/>\n[ Vortr\u00e4ge zum Download: <a href=\"https:\/\/www.vnu-ev.de\/?s2member_file_download=\/access-s2member-level1\/Aufz\/2019\/190522_ECE-Suedost_Mobilitaet_LKM_Hendrichs_Renz.pdf\">Mobilit\u00e4tsplanung im Landratsamt M\u00fcnchen<\/a><br \/>\n<a href=\"https:\/\/www.vnu-ev.de\/?s2member_file_download=\/access-s2member-level1\/Aufz\/2019\/190522_ECE-Suedost_Fuhrpark_LRA-Muenchen_Kasper.pdf\">Fuhrpark Landratsamt M\u00fcnchen<\/a>\u00a0 <a href=\"https:\/\/www.vnu-ev.de\/?s2member_file_download=\/access-s2member-level1\/Aufz\/2019\/190522_ECE-Suedost_E-Mobilitaet_Wiesenberger.pdf\">Umstieg auf E-Mobilit\u00e4t<\/a> ]\u00a0<\/strong><\/li>\n<li>Rundgang zum Fuhrpark des Landratsamtes M\u00fcnchen<\/li>\n<li>\u201eEMAS von null auf 100 \u2013 Durchstarter vs. lang Erfahrene\"<strong><br \/>\n[\u00a0<a href=\"https:\/\/www.vnu-ev.de\/?s2member_file_download=\/access-s2member-level1\/Aufz\/2019\/190522_ECE_Suedost_von0auf100_Winkler_ausderSchmitten.pdf\" target=\"_blank\" rel=\"noopener noreferrer\">Vortrag zum Download<\/a>\u00a0]<\/strong><\/li>\n<li>Gewerbeabfallverordnung<strong><br \/>\n[\u00a0<a href=\"https:\/\/www.vnu-ev.de\/?s2member_file_download=\/access-s2member-level1\/Aufz\/2019\/190522_ECE-Suedost_GewAbfV_Schleicher.pdf\" target=\"_blank\" rel=\"noopener noreferrer\">Vortrag zum Download<\/a>\u00a0]<\/strong><\/li>\n<li>EMAS: Umsetzung des neuen Anhangs IV<strong><br \/>\n[\u00a0<a href=\"https:\/\/www.vnu-ev.de\/?s2member_file_download=\/access-s2member-level1\/Aufz\/2019\/190522_ECE-Suedost_EMAS-VO-AnhIV_Zippel.pdf\" target=\"_blank\" rel=\"noopener noreferrer\">Vortrag zum Download<\/a>\u00a0]<\/strong><\/li>\n<\/ul>\n<h2>Moderator<\/h2>\n<p>Lennart Schleicher, Vorstandsvorsitzender des VNU, Leiter der Regionalgruppe S\u00fcdost des EMAS Club Europe<\/p>\n<h2>\u00dcber dieses Angebot<\/h2>\n<p>Die Teilnehmer erhalten nach dem Regionaltreffen die freigegebenen Vortr\u00e4ge.<br \/>\nVNU-Mitglieder k\u00f6nnen die freigegebenen Vortr\u00e4ge von der VNU Homepage downloaden.<\/p>\n<p>Haben Sie W\u00fcnsche zu aktuellen Themen und Fragen zu EMAS und zum Umweltmanagement, die bei\u00a0einem Treffen der Regionalgruppe S\u00fcdost angesprochen werden sollten? Wenden Sie sich bitte an die VNU Gesch\u00e4ftsstelle (<a href=\"mailto:vnu@vnu-ev.de\">vnu@vnu-ev.de<\/a>).<\/p>\n<p>Mehr \u00fcber den EMAS Club Europe finden sie hier:\u00a0<a href=\"https:\/\/www.vnu-ev.de\/emas-club-europe\" target=\"_blank\" rel=\"noopener noreferrer\">EMAS Club Europe<br \/>\n<\/a>Mehr \u00fcber eine VNU Mitgliedschaft finden Sie hier:\u00a0<a href=\"https:\/\/www.vnu-ev.de\/ueber-uns\/mitglied-werden\" target=\"_blank\" rel=\"noopener noreferrer\">Mitglied werden<\/a><\/p>\n<div id=\"attachment_4082\" style=\"width: 310px\" class=\"wp-caption alignnone\"><img aria-describedby=\"caption-attachment-4082\" loading=\"lazy\" decoding=\"async\" class=\"size-medium wp-image-4082\" src=\"https:\/\/www.vnu-ev.de\/wp-content\/uploads\/2019\/06\/190522_ECE_Suedost_Teilnehmer-300x300.png\" alt=\"\" width=\"300\" height=\"300\" srcset=\"https:\/\/www.vnu-ev.de\/en\/wp-content\/uploads\/2019\/06\/190522_ECE_Suedost_Teilnehmer-300x300.png 300w, https:\/\/www.vnu-ev.de\/en\/wp-content\/uploads\/2019\/06\/190522_ECE_Suedost_Teilnehmer-150x150.png 150w, https:\/\/www.vnu-ev.de\/en\/wp-content\/uploads\/2019\/06\/190522_ECE_Suedost_Teilnehmer.png 347w\" sizes=\"auto, (max-width: 300px) 100vw, 300px\" \/><p id=\"caption-attachment-4082\" class=\"wp-caption-text\">EMAS Club Teilnehmer der Region S\u00fcdost im Landratsamt M\u00fcnchen<\/p><\/div>\n","protected":false},"excerpt":{"rendered":"<p>Aus der Praxis f\u00fcr die Praxis: Diskutieren Sie \u00fcber alle Themen einer\/eines Umwelt(management)beauftragten! Fragen Sie&#8230; <a class=\"read-more\" href=\"https:\/\/www.vnu-ev.de\/en\/emas-club-europe\/emas-club-region-suedost-190522\">More<\/a><\/p>\n","protected":false},"author":118,"featured_media":0,"comment_status":"closed","ping_status":"closed","sticky":false,"template":"","format":"standard","meta":{"_acf_changed":false,"footnotes":""},"categories":[10,226],"tags":[],"class_list":["post-3819","post","type-post","status-publish","format-standard","hentry","category-emas-club-europe","category-veranstaltungen"],"acf":[],"_links":{"self":[{"href":"https:\/\/www.vnu-ev.de\/en\/wp-json\/wp\/v2\/posts\/3819","targetHints":{"allow":["GET"]}}],"collection":[{"href":"https:\/\/www.vnu-ev.de\/en\/wp-json\/wp\/v2\/posts"}],"about":[{"href":"https:\/\/www.vnu-ev.de\/en\/wp-json\/wp\/v2\/types\/post"}],"author":[{"embeddable":true,"href":"https:\/\/www.vnu-ev.de\/en\/wp-json\/wp\/v2\/users\/118"}],"replies":[{"embeddable":true,"href":"https:\/\/www.vnu-ev.de\/en\/wp-json\/wp\/v2\/comments?post=3819"}],"version-history":[{"count":0,"href":"https:\/\/www.vnu-ev.de\/en\/wp-json\/wp\/v2\/posts\/3819\/revisions"}],"wp:attachment":[{"href":"https:\/\/www.vnu-ev.de\/en\/wp-json\/wp\/v2\/media?parent=3819"}],"wp:term":[{"taxonomy":"category","embeddable":true,"href":"https:\/\/www.vnu-ev.de\/en\/wp-json\/wp\/v2\/categories?post=3819"},{"taxonomy":"post_tag","embeddable":true,"href":"https:\/\/www.vnu-ev.de\/en\/wp-json\/wp\/v2\/tags?post=3819"}],"curies":[{"name":"wp","href":"https:\/\/api.w.org\/{rel}","templated":true}]}}