{"id":3837,"date":"2019-03-20T23:58:16","date_gmt":"2019-03-20T22:58:16","guid":{"rendered":"https:\/\/www.vnu-ev.de\/?p=3837"},"modified":"2020-03-12T15:03:19","modified_gmt":"2020-03-12T14:03:19","slug":"mitgliederversammlung-2019","status":"publish","type":"post","link":"https:\/\/www.vnu-ev.de\/en\/events\/mitgliederversammlung-2019","title":{"rendered":"Mitgliederversammlung 2019"},"content":{"rendered":"<p style=\"text-align: left\">Die Mitgliederversammlung findet im Konferenzsaal der IHK Frankfurt am Main statt und geht 'traditionell' nach der Mittagspause in den <a href=\"https:\/\/www.vnu-ev.de\/veranstaltungen\/umwelt-und-nachhaltigkeitsmanagertag-2019\" target=\"_blank\" rel=\"noopener noreferrer\">Umwelt- und Nachhaltigkeitsmanagertag<\/a> \u00fcber. Das [ <a href=\"https:\/\/www.vnu-ev.de\/?s2member_file_download=\/access-s2member-level1\/Aufz\/2019\/190327_T00_Einladung.pdf\">Einladungsschreiben<\/a> ] sowie die Tagesordnung sind per Post am 25. Februar 2019 an alle Mitglieder verschickt worden. Falls Sie nicht pers\u00f6nlich an der Mitgliederversammlung teilnehmen k\u00f6nnen, haben Sie die M\u00f6glichkeit Ihr Stimmrecht zu \u00fcbertragen. Nutzen Sie hierzu bitte das Formular [ <a href=\"https:\/\/www.vnu-ev.de\/?s2member_file_download=\/access-s2member-level1\/Aufz\/2019\/VNU_MV_Uebertragung_Stimmrecht.pdf\">\u00dcbertragung Stimmrecht <\/a>]<\/p>\n<p style=\"text-align: left\">Folgende Beratungs-Unterlagen stehen derzeit zur Verf\u00fcgung (laufende Aktualisierung).<br \/>\nHierzu ist Ihr Log-In erforderlich.<\/p>\n<ol>\n<li style=\"text-align: left\">Begr\u00fc\u00dfung, Wahl des\/der Protokollf\u00fchrers\/in (L. Schleicher)<\/li>\n<li style=\"text-align: left\">Genehmigung des [ <a href=\"https:\/\/www.vnu-ev.de\/?s2member_file_download=\/access-s2member-level1\/Aufz\/2019\/190327_T02_Protokoll_Mitgliederversammlung_2018.pdf\" target=\"_blank\" rel=\"noopener noreferrer\">Protokoll\u00a0<\/a>] der Mitgliederversammlung 2018 (L. Schleicher)<\/li>\n<li style=\"text-align: left\">Genehmigung der [ <a href=\"https:\/\/www.vnu-ev.de\/?s2member_file_download=\/access-s2member-level1\/Aufz\/2019\/190327_T03_Tagesordnung.pdf\" target=\"_blank\" rel=\"noopener noreferrer\">Tagesordnung <\/a>] f\u00fcr den 27. M\u00e4rz 2019 (L. Schleicher)<\/li>\n<li style=\"text-align: left\">Rechenschaftsberichte von\u00a0Lennart Schleicher\u00a0[ <a href=\"https:\/\/www.vnu-ev.de\/?s2member_file_download=\/access-s2member-level1\/Aufz\/2019\/190327_T04_a_Bericht_Schleicher.pdf\">Bericht<\/a> ] und\u00a0Bettina Heimer [\u00a0<a href=\"https:\/\/www.vnu-ev.de\/?s2member_file_download=\/access-s2member-level1\/Aufz\/2019\/190327_T04_b_Bericht_Heimer.pdf\">Bericht\u00a0<\/a>]<\/li>\n<li style=\"text-align: left\">[\u00a0<a href=\"https:\/\/www.vnu-ev.de\/?s2member_file_download=\/access-s2member-level1\/Aufz\/2019\/190327_T05_Strategiepapier.pdf\">Strategiepapier<\/a> ] des VNU (L. Schleicher)<\/li>\n<li style=\"text-align: left\">\u00c4nderung der\u00a0[ <a href=\"https:\/\/www.vnu-ev.de\/?s2member_file_download=\/access-s2member-level1\/Aufz\/2019\/190327_T06_VNU_Beitragsordnung.pdf\" target=\"_blank\" rel=\"noopener noreferrer\">Beitragsordnung ]<\/a>\u00a0(L. Schleicher)<\/li>\n<li style=\"text-align: left\">[\u00a0<a href=\"https:\/\/www.vnu-ev.de\/?s2member_file_download=\/access-s2member-level1\/Aufz\/2019\/190327_T07_Bericht_EMAS_Club.pdf\">Bericht\u00a0<\/a>] \u00fcber den EMAS Club Europe (L. Schleicher)<\/li>\n<li style=\"text-align: left\">[ <a href=\"https:\/\/www.vnu-ev.de\/?s2member_file_download=\/access-s2member-level1\/Aufz\/2019\/190327_T08_Bericht_Ressorts.pdf\">Bericht<\/a> ] aus den Ressorts (H. Pflock)<br \/>\n[ <a href=\"https:\/\/www.vnu-ev.de\/?s2member_file_download=\/access-s2member-level1\/Aufz\/2019\/190327_T08_Bericht_Ressort_Energiemanagement.pdf\">Sonderbericht<\/a> ] aus dem Ressort Energiemanagement<br \/>\n[ <a href=\"https:\/\/www.vnu-ev.de\/?s2member_file_download=\/access-s2member-level1\/Aufz\/2019\/190327_T08_Bericht_Ressort_Klimaschutz.pdf\">Sonderbericht<\/a> ] aus dem Ressort Klimaschutz<br \/>\n[ <a href=\"https:\/\/www.vnu-ev.de\/?s2member_file_download=\/access-s2member-level1\/Aufz\/2019\/190327_T08_Bericht_Ressort_Wirtschaftsethik.pdf\">Sonderbericht<\/a> ] aus dem Ressort Wirtschaftsethik<br \/>\n[ <a href=\"https:\/\/www.vnu-ev.de\/?s2member_file_download=\/access-s2member-level1\/Aufz\/2019\/190327_T08_Bericht_Ressort_Product_Life_Cyle_Management.pdf\">Sonderbericht\u00a0]<\/a>\u00a0aus dem Ressort Product Life Cycle Management<br \/>\n[ <a href=\"https:\/\/www.vnu-ev.de\/?s2member_file_download=\/access-s2member-level1\/Aufz\/2019\/190327_T08_Bericht_Ressort_Sektion_Bulgarien.pdf\">Sonderbericht<\/a> ] aus dem Ressort Sektion Bulgarien<\/li>\n<li style=\"text-align: left\">[ <a href=\"https:\/\/www.vnu-ev.de\/?s2member_file_download=\/access-s2member-level1\/Aufz\/2019\/190327_T09_Bericht_Beirat.pdf\">Bericht<\/a> ] des Beirats (Prof. Dr. E. K. Seifert)<\/li>\n<li style=\"text-align: left\">Jahresabschluss 2018 [ <a href=\"https:\/\/www.vnu-ev.de\/?s2member_file_download=\/access-s2member-level1\/Aufz\/2019\/190327_T10_Jahresabschluss_2018.pdf\">Abschluss\u00a0<\/a>] \/ [ <a href=\"https:\/\/www.vnu-ev.de\/?s2member_file_download=\/access-s2member-level1\/Aufz\/2019\/190327_T10_Finanzbericht_2018.pdf\">Finanzbericht\u00a0<\/a>] (B. Heimer)<\/li>\n<li style=\"text-align: left\">[ <a href=\"https:\/\/www.vnu-ev.de\/?s2member_file_download=\/access-s2member-level1\/Aufz\/2019\/190327_T11_Bericht_Kassenpruefer.pdf\">Bericht<\/a> ] der Kassenpr\u00fcfer (M. Schneider, Dr. Georg Vogl)<\/li>\n<li style=\"text-align: left\">Entlastung des Vorstands<\/li>\n<li>Nachwahl zum Vorstand [ <a href=\"https:\/\/www.vnu-ev.de\/?s2member_file_download=\/access-s2member-level1\/Aufz\/2019\/190327_T13_Vorstellung_Anna-Zubrod.pdf\" target=\"_blank\" rel=\"noopener noreferrer\">Anna-Katharina Zubrod\u00a0]<\/a><\/li>\n<li style=\"text-align: left\">Wahl der Kassenpr\u00fcfer<\/li>\n<li style=\"text-align: left\">Haushaltsplan 2019\u00a0 [ <a href=\"https:\/\/www.vnu-ev.de\/?s2member_file_download=\/access-s2member-level1\/Aufz\/2019\/190327_T15_Hauhaltsplan_2019.pdf\">Haushaltsplan\u00a0<\/a>] (B. Heimer)<\/li>\n<li style=\"text-align: left\">Verschiedenes<\/li>\n<\/ol>\n<p style=\"text-align: left\">Bitte nutzen Sie die\u00a0<a href=\"https:\/\/www.vnu-ev.de\/wp-content\/uploads\/2019\/01\/190327_UNT-MV_Anmeldung.pdf\" target=\"_blank\" rel=\"noopener noreferrer\">Anmeldeformular<\/a> auch wenn Sie nicht kommen k\u00f6nnen, aber z. B. ge\u00e4nderte Kontaktdaten mitteilen m\u00f6chten.\u00a0 Vielen Dank!<\/p>\n<p style=\"text-align: left\">Am Nachmittag schlie\u00dft sich der <a href=\"https:\/\/www.vnu-ev.de\/veranstaltungen\/umwelt-und-nachhaltigkeitsmanagertag-2019\" target=\"_blank\" rel=\"noopener noreferrer\">Umwelt- und Nachhaltigkeitsmanagertag<\/a> an, zu dem wir alle Interessierten herzlich einladen. Es erwarten Sie Vortr\u00e4ge und Diskussionen rund um das Thema \"Trends und Tools f\u00fcr die nachhaltige Unternehmensentwicklung\". Wir freuen uns auf Ihre Teilnahme und w\u00fcnschen Ihnen eine gute Anreise.<\/p>\n","protected":false},"excerpt":{"rendered":"<p>Die Mitgliederversammlung findet im Konferenzsaal der IHK Frankfurt am Main statt und geht &#8216;traditionell&#8217; nach&#8230; <a class=\"read-more\" href=\"https:\/\/www.vnu-ev.de\/en\/events\/mitgliederversammlung-2019\">More<\/a><\/p>\n","protected":false},"author":118,"featured_media":0,"comment_status":"closed","ping_status":"closed","sticky":false,"template":"","format":"standard","meta":{"_acf_changed":false,"footnotes":""},"categories":[238,9,1,226],"tags":[],"class_list":["post-3837","post","type-post","status-publish","format-standard","hentry","category-mitgliederversammlung","category-top-event","category-events","category-veranstaltungen"],"acf":[],"_links":{"self":[{"href":"https:\/\/www.vnu-ev.de\/en\/wp-json\/wp\/v2\/posts\/3837","targetHints":{"allow":["GET"]}}],"collection":[{"href":"https:\/\/www.vnu-ev.de\/en\/wp-json\/wp\/v2\/posts"}],"about":[{"href":"https:\/\/www.vnu-ev.de\/en\/wp-json\/wp\/v2\/types\/post"}],"author":[{"embeddable":true,"href":"https:\/\/www.vnu-ev.de\/en\/wp-json\/wp\/v2\/users\/118"}],"replies":[{"embeddable":true,"href":"https:\/\/www.vnu-ev.de\/en\/wp-json\/wp\/v2\/comments?post=3837"}],"version-history":[{"count":1,"href":"https:\/\/www.vnu-ev.de\/en\/wp-json\/wp\/v2\/posts\/3837\/revisions"}],"predecessor-version":[{"id":5011,"href":"https:\/\/www.vnu-ev.de\/en\/wp-json\/wp\/v2\/posts\/3837\/revisions\/5011"}],"wp:attachment":[{"href":"https:\/\/www.vnu-ev.de\/en\/wp-json\/wp\/v2\/media?parent=3837"}],"wp:term":[{"taxonomy":"category","embeddable":true,"href":"https:\/\/www.vnu-ev.de\/en\/wp-json\/wp\/v2\/categories?post=3837"},{"taxonomy":"post_tag","embeddable":true,"href":"https:\/\/www.vnu-ev.de\/en\/wp-json\/wp\/v2\/tags?post=3837"}],"curies":[{"name":"wp","href":"https:\/\/api.w.org\/{rel}","templated":true}]}}