{"id":3872,"date":"2019-04-05T16:14:30","date_gmt":"2019-04-05T14:14:30","guid":{"rendered":"https:\/\/www.vnu-ev.de\/?p=3872"},"modified":"2019-04-05T16:14:30","modified_gmt":"2019-04-05T14:14:30","slug":"vnu-jahrestagung_190517","status":"publish","type":"post","link":"https:\/\/www.vnu-ev.de\/en\/top-event\/vnu-jahrestagung_190517","title":{"rendered":"VNU Jahrestagung"},"content":{"rendered":"<h2>\u00a0<img loading=\"lazy\" decoding=\"async\" class=\"alignnone wp-image-282 size-thumbnail\" src=\"https:\/\/www.vnu-ev.de\/wp-content\/uploads\/2016\/03\/IHK-150x150.jpg\" alt=\"\" width=\"150\" height=\"150\" \/><\/h2>\n<h2>Erste VNU Jahrestagung<\/h2>\n<h3><strong>Mitglieder kn\u00fcpfen Netzwerke und diskutieren \u00fcber fachliche Themen<\/strong><\/h3>\n<p>Unter dem Motto \u201eVNU interaktiv\" begr\u00fc\u00dften Lennart Schleicher (1. Vorsitzender des VNU) und Dr. Thomas Steigleder (IHK Frankfurt am Main) die VNU Mitglieder, die am 17. Mai 2019 zur ersten Jahrestagung des VNU kamen. Fachvortr\u00e4ge und insgesamt 6 World Caf\u00e9s sorgten f\u00fcr ein anspruchsvolles und abwechselungsreiches Programm. Au\u00dferdem blieb ausreichend Zeit zum Netzwerken.<\/p>\n<p>Insgesamt gab es eine erfreulich positive Resonanz und das Format der Jahrestagung kam bei den Teilnehmenden gut an.<br \/>\nDer Auftakt ist damit gelungen und wir freuen uns auf weitere Veranstaltungen.<\/p>\n<h3><strong>Begr\u00fc\u00dfung<\/strong><\/h3>\n<p>Dr. Thomas Steigleder, IHK Frankfurt am Main<br \/>\n<a href=\"https:\/\/www.vnu-ev.de\/mitglieder\/lennart-schleicher\">Lennart Schleicher<\/a>, Vorstandsvorsitzende des VNU e. V.<\/p>\n<p><img loading=\"lazy\" decoding=\"async\" class=\"wp-image-4033 size-thumbnail alignnone\" src=\"https:\/\/www.vnu-ev.de\/wp-content\/uploads\/2019\/05\/Steigleder-150x150.jpg\" alt=\"\" width=\"150\" height=\"150\" srcset=\"https:\/\/www.vnu-ev.de\/en\/wp-content\/uploads\/2019\/05\/Steigleder-150x150.jpg 150w, https:\/\/www.vnu-ev.de\/en\/wp-content\/uploads\/2019\/05\/Steigleder-300x300.jpg 300w, https:\/\/www.vnu-ev.de\/en\/wp-content\/uploads\/2019\/05\/Steigleder-500x500.jpg 500w, https:\/\/www.vnu-ev.de\/en\/wp-content\/uploads\/2019\/05\/Steigleder-400x400.jpg 400w, https:\/\/www.vnu-ev.de\/en\/wp-content\/uploads\/2019\/05\/Steigleder.jpg 709w\" sizes=\"auto, (max-width: 150px) 100vw, 150px\" \/> <img loading=\"lazy\" decoding=\"async\" class=\"alignnone wp-image-4031 size-thumbnail\" src=\"https:\/\/www.vnu-ev.de\/wp-content\/uploads\/2019\/05\/Schleicher-150x150.jpg\" alt=\"\" width=\"150\" height=\"150\" srcset=\"https:\/\/www.vnu-ev.de\/en\/wp-content\/uploads\/2019\/05\/Schleicher-150x150.jpg 150w, https:\/\/www.vnu-ev.de\/en\/wp-content\/uploads\/2019\/05\/Schleicher-300x300.jpg 300w, https:\/\/www.vnu-ev.de\/en\/wp-content\/uploads\/2019\/05\/Schleicher-500x500.jpg 500w, https:\/\/www.vnu-ev.de\/en\/wp-content\/uploads\/2019\/05\/Schleicher-400x400.jpg 400w, https:\/\/www.vnu-ev.de\/en\/wp-content\/uploads\/2019\/05\/Schleicher.jpg 709w\" sizes=\"auto, (max-width: 150px) 100vw, 150px\" \/><\/p>\n<h3><strong>Vortrag<\/strong><\/h3>\n<p><strong>Neue Ans\u00e4tze f\u00fcr das Profil zuk\u00fcnftiger Fach- und F\u00fchrungskr\u00e4fte [ <a href=\"https:\/\/www.vnu-ev.de\/?s2member_file_download=\/access-s2member-level1\/Aufz\/2019\/190517_v_schuler.pdf\">Vortrag<\/a> ]\u00a0<\/strong><br \/>\n<a href=\"https:\/\/www.vnu-ev.de\/mitglieder\/klaus-schuler\">Klaus J. Schuler<\/a>, Triple3Leader GmbH, Ressort Wirtschaftsethik<\/p>\n<p data-wp-editing=\"1\"><img loading=\"lazy\" decoding=\"async\" class=\"alignnone wp-image-4030 size-thumbnail\" src=\"https:\/\/www.vnu-ev.de\/wp-content\/uploads\/2019\/05\/puzzle-150x150.jpg\" alt=\"\" width=\"150\" height=\"150\" srcset=\"https:\/\/www.vnu-ev.de\/en\/wp-content\/uploads\/2019\/05\/puzzle-150x150.jpg 150w, https:\/\/www.vnu-ev.de\/en\/wp-content\/uploads\/2019\/05\/puzzle-300x300.jpg 300w, https:\/\/www.vnu-ev.de\/en\/wp-content\/uploads\/2019\/05\/puzzle-500x500.jpg 500w, https:\/\/www.vnu-ev.de\/en\/wp-content\/uploads\/2019\/05\/puzzle-400x400.jpg 400w, https:\/\/www.vnu-ev.de\/en\/wp-content\/uploads\/2019\/05\/puzzle.jpg 709w\" sizes=\"auto, (max-width: 150px) 100vw, 150px\" \/> <img loading=\"lazy\" decoding=\"async\" class=\"alignnone wp-image-4032 size-thumbnail\" src=\"https:\/\/www.vnu-ev.de\/wp-content\/uploads\/2019\/05\/Schuler-150x150.jpg\" alt=\"\" width=\"150\" height=\"150\" srcset=\"https:\/\/www.vnu-ev.de\/en\/wp-content\/uploads\/2019\/05\/Schuler-150x150.jpg 150w, https:\/\/www.vnu-ev.de\/en\/wp-content\/uploads\/2019\/05\/Schuler-300x300.jpg 300w, https:\/\/www.vnu-ev.de\/en\/wp-content\/uploads\/2019\/05\/Schuler-500x500.jpg 500w, https:\/\/www.vnu-ev.de\/en\/wp-content\/uploads\/2019\/05\/Schuler-400x400.jpg 400w, https:\/\/www.vnu-ev.de\/en\/wp-content\/uploads\/2019\/05\/Schuler.jpg 709w\" sizes=\"auto, (max-width: 150px) 100vw, 150px\" \/><\/p>\n<h3><strong>WORLD CAF\u00c9S - <\/strong><strong>VNU Ressorts interaktiv<\/strong><\/h3>\n<ol>\n<li>Von der Klimabilanz zur Strategie [ <a href=\"https:\/\/www.vnu-ev.de\/?s2member_file_download=\/access-s2member-level1\/Aufz\/2019\/190517_flip_klima.pdf\" rel=\"noopener noreferrer\">Flip-Charts<\/a> ]<\/li>\n<li>Kontext Produktlebenszyklusmanagement und die Verbindung zur ISO 14001 [ <a href=\"https:\/\/www.vnu-ev.de\/?s2member_file_download=\/access-s2member-level1\/Aufz\/2019\/190517_flip_plca.pdf\" rel=\"noopener noreferrer\">Flip-Charts<\/a> ]<\/li>\n<li>Schnittstelle zwischen EMAS und dem Deutschen Nachhaltigkeitskodex DNK [ <a href=\"https:\/\/www.vnu-ev.de\/?s2member_file_download=\/access-s2member-level1\/Aufz\/2019\/190517_p_heimer.pdf\">Pr\u00e4sentation<\/a>, <a href=\"https:\/\/www.vnu-ev.de\/?s2member_file_download=\/access-s2member-level1\/Aufz\/2019\/190517_flip_emas_dnk.pdf\" rel=\"noopener noreferrer\">Flip-Charts<\/a> ]<\/li>\n<li>Praktische Umsetzung der Gewerbeabfallverordnung\u00a0[ <a href=\"https:\/\/www.vnu-ev.de\/?s2member_file_download=\/access-s2member-level1\/Aufz\/2019\/190517_VNU-Jahrestagung_Praesentation_GewAbfV_Schleicher.pdf\">Pr\u00e4sentation<\/a>\u00a0]<\/li>\n<li>Integrierte Managementsysteme im Unternehmen [ <a href=\"https:\/\/www.vnu-ev.de\/?s2member_file_download=\/access-s2member-level1\/Aufz\/2019\/190517_flip_ims.pdf\" rel=\"noopener noreferrer\">Flip-Charts<\/a> ]<\/li>\n<li>Energiemanagementsysteme und Energieaudit [ <a href=\"https:\/\/www.vnu-ev.de\/?s2member_file_download=\/access-s2member-level1\/Aufz\/2019\/190517_flip_energie.pdf\" rel=\"noopener noreferrer\">Flip-Charts<\/a> ]<\/li>\n<\/ol>\n<h3><strong>Vortrag<\/strong><\/h3>\n<p><strong>Neuerungen in der ISO 50001:2018\u00a0 [ <a href=\"https:\/\/www.vnu-ev.de\/?s2member_file_download=\/access-s2member-level1\/Aufz\/2019\/190517_v_buser.pdf\">Vortrag<\/a> ]<br \/>\n<\/strong>Jochen Buser, GUTcert GmbH, Ressortleitung <a href=\"https:\/\/www.vnu-ev.de\/ressorts\/ressort-energiemanagement\">Energiemanagement<\/a><\/p>\n<p><img loading=\"lazy\" decoding=\"async\" class=\"alignnone wp-image-4014 size-thumbnail\" src=\"https:\/\/www.vnu-ev.de\/wp-content\/uploads\/2019\/05\/Buser-150x150.jpg\" alt=\"\" width=\"150\" height=\"150\" srcset=\"https:\/\/www.vnu-ev.de\/en\/wp-content\/uploads\/2019\/05\/Buser-150x150.jpg 150w, https:\/\/www.vnu-ev.de\/en\/wp-content\/uploads\/2019\/05\/Buser-300x300.jpg 300w, https:\/\/www.vnu-ev.de\/en\/wp-content\/uploads\/2019\/05\/Buser-500x500.jpg 500w, https:\/\/www.vnu-ev.de\/en\/wp-content\/uploads\/2019\/05\/Buser-400x400.jpg 400w, https:\/\/www.vnu-ev.de\/en\/wp-content\/uploads\/2019\/05\/Buser.jpg 709w\" sizes=\"auto, (max-width: 150px) 100vw, 150px\" \/><\/p>\n<h3><strong>Netzwerken in den Pausen<\/strong><\/h3>\n<p><img loading=\"lazy\" decoding=\"async\" class=\"alignnone wp-image-4029 size-thumbnail\" src=\"https:\/\/www.vnu-ev.de\/wp-content\/uploads\/2019\/05\/Pause_03-150x150.jpg\" alt=\"\" width=\"150\" height=\"150\" srcset=\"https:\/\/www.vnu-ev.de\/en\/wp-content\/uploads\/2019\/05\/Pause_03-150x150.jpg 150w, https:\/\/www.vnu-ev.de\/en\/wp-content\/uploads\/2019\/05\/Pause_03-300x300.jpg 300w, https:\/\/www.vnu-ev.de\/en\/wp-content\/uploads\/2019\/05\/Pause_03-500x500.jpg 500w, https:\/\/www.vnu-ev.de\/en\/wp-content\/uploads\/2019\/05\/Pause_03-400x400.jpg 400w, https:\/\/www.vnu-ev.de\/en\/wp-content\/uploads\/2019\/05\/Pause_03.jpg 709w\" sizes=\"auto, (max-width: 150px) 100vw, 150px\" \/> <img loading=\"lazy\" decoding=\"async\" class=\"alignnone wp-image-4028 size-thumbnail\" src=\"https:\/\/www.vnu-ev.de\/wp-content\/uploads\/2019\/05\/Pause_02-150x150.jpg\" alt=\"\" width=\"150\" height=\"150\" srcset=\"https:\/\/www.vnu-ev.de\/en\/wp-content\/uploads\/2019\/05\/Pause_02-150x150.jpg 150w, https:\/\/www.vnu-ev.de\/en\/wp-content\/uploads\/2019\/05\/Pause_02-300x300.jpg 300w, https:\/\/www.vnu-ev.de\/en\/wp-content\/uploads\/2019\/05\/Pause_02-500x500.jpg 500w, https:\/\/www.vnu-ev.de\/en\/wp-content\/uploads\/2019\/05\/Pause_02-400x400.jpg 400w, https:\/\/www.vnu-ev.de\/en\/wp-content\/uploads\/2019\/05\/Pause_02.jpg 709w\" sizes=\"auto, (max-width: 150px) 100vw, 150px\" \/> <img loading=\"lazy\" decoding=\"async\" class=\"alignnone wp-image-4027 size-thumbnail\" src=\"https:\/\/www.vnu-ev.de\/wp-content\/uploads\/2019\/05\/Pause_01-150x150.jpg\" alt=\"\" width=\"150\" height=\"150\" srcset=\"https:\/\/www.vnu-ev.de\/en\/wp-content\/uploads\/2019\/05\/Pause_01-150x150.jpg 150w, https:\/\/www.vnu-ev.de\/en\/wp-content\/uploads\/2019\/05\/Pause_01-300x300.jpg 300w, https:\/\/www.vnu-ev.de\/en\/wp-content\/uploads\/2019\/05\/Pause_01-500x500.jpg 500w, https:\/\/www.vnu-ev.de\/en\/wp-content\/uploads\/2019\/05\/Pause_01-400x400.jpg 400w, https:\/\/www.vnu-ev.de\/en\/wp-content\/uploads\/2019\/05\/Pause_01.jpg 709w\" sizes=\"auto, (max-width: 150px) 100vw, 150px\" \/><\/p>\n","protected":false},"excerpt":{"rendered":"<p>\u00a0 Erste VNU Jahrestagung Mitglieder kn\u00fcpfen Netzwerke und diskutieren \u00fcber fachliche Themen Unter dem Motto&#8230; <a class=\"read-more\" href=\"https:\/\/www.vnu-ev.de\/en\/top-event\/vnu-jahrestagung_190517\">More<\/a><\/p>\n","protected":false},"author":118,"featured_media":0,"comment_status":"closed","ping_status":"closed","sticky":false,"template":"","format":"standard","meta":{"_acf_changed":false,"footnotes":""},"categories":[9,226],"tags":[35,65,12,268,20,24,16],"class_list":["post-3872","post","type-post","status-publish","format-standard","hentry","category-top-event","category-veranstaltungen","tag-co2-bilanzierung","tag-dnk","tag-emas","tag-jahrestagung","tag-klimaschutz","tag-nachhaltigkeit","tag-umweltmanagement"],"acf":[],"_links":{"self":[{"href":"https:\/\/www.vnu-ev.de\/en\/wp-json\/wp\/v2\/posts\/3872","targetHints":{"allow":["GET"]}}],"collection":[{"href":"https:\/\/www.vnu-ev.de\/en\/wp-json\/wp\/v2\/posts"}],"about":[{"href":"https:\/\/www.vnu-ev.de\/en\/wp-json\/wp\/v2\/types\/post"}],"author":[{"embeddable":true,"href":"https:\/\/www.vnu-ev.de\/en\/wp-json\/wp\/v2\/users\/118"}],"replies":[{"embeddable":true,"href":"https:\/\/www.vnu-ev.de\/en\/wp-json\/wp\/v2\/comments?post=3872"}],"version-history":[{"count":0,"href":"https:\/\/www.vnu-ev.de\/en\/wp-json\/wp\/v2\/posts\/3872\/revisions"}],"wp:attachment":[{"href":"https:\/\/www.vnu-ev.de\/en\/wp-json\/wp\/v2\/media?parent=3872"}],"wp:term":[{"taxonomy":"category","embeddable":true,"href":"https:\/\/www.vnu-ev.de\/en\/wp-json\/wp\/v2\/categories?post=3872"},{"taxonomy":"post_tag","embeddable":true,"href":"https:\/\/www.vnu-ev.de\/en\/wp-json\/wp\/v2\/tags?post=3872"}],"curies":[{"name":"wp","href":"https:\/\/api.w.org\/{rel}","templated":true}]}}