{"id":3908,"date":"2019-04-10T12:20:13","date_gmt":"2019-04-10T10:20:13","guid":{"rendered":"https:\/\/www.vnu-ev.de\/?p=3908"},"modified":"2023-04-25T17:27:14","modified_gmt":"2023-04-25T15:27:14","slug":"martin-myska","status":"publish","type":"post","link":"https:\/\/www.vnu-ev.de\/en\/members\/martin-myska","title":{"rendered":"Martin Myska"},"content":{"rendered":"<p>mMM ist seit zahlreichen Jahren aktives Mitglied im VNU. Wir profitieren von dem regelm\u00e4\u00dfigen Wissenstransfer und Informationsaustausch. Wir selbst bringen uns im Rahmen der Durchf\u00fchrung von Webinaren in den Verband ein. Auch haben wir an einer Studie im Themengebiet (EMAS-DNK) teilgenommen.<\/p>\n<h2>Allgemeines<\/h2>\n<ul>\n<li>Abschluss: Diplom-Ingenieur Agrarwissenschaften<\/li>\n<li>Position: Gesch\u00e4ftsf\u00fchrer, selbstst\u00e4ndiger Umweltgutachter, Unternehmensberater<\/li>\n<\/ul>\n<h2><strong>Ausbildung<\/strong><\/h2>\n<ul>\n<li>Hochschulstudium: Grundstudium der Agrarwissenschaften (Universit\u00e4t Bonn)<\/li>\n<li>Aufbaustudium: Umweltsicherung und Entwicklung l\u00e4ndlicher R\u00e4ume (Universit\u00e4t Gie\u00dfen)<\/li>\n<\/ul>\n<h2>Berufserfahrung<\/h2>\n<ul>\n<li>Beratender Ingenieur in dem Arbeitsgebiet \"Unternehmensberatung Umweltschutz\" bei Ingenieurb\u00fcro Dr. Wohlfahrt in Burscheid.<\/li>\n<li>Sachverst\u00e4ndiger der T\u00dcV Rheinland Sicherheit und Umweltschutz GmbH (TSU)<\/li>\n<li>Leiter des Arbeitsgebietes Umweltmanagementsysteme bei der TSU<\/li>\n<li>Fachlich gesamtverantwortliche Person der Umweltgutachterorganisation TSU<\/li>\n<li>Selbst\u00e4ndiger Unternehmensberater und Umweltgutachter<\/li>\n<li>Projekterfahrungen<\/li>\n<\/ul>\n<h3>Beratung<\/h3>\n<ul>\n<li>Durchf\u00fchrung von Umweltpr\u00fcfungen<\/li>\n<li>Einf\u00fchrung von Managementsystemen (UMS, IMS, EnMS)<\/li>\n<li>Erstellung von Managementhandb\u00fcchern<\/li>\n<li>Durchf\u00fchrung von internen Audits als Auditleiter (bereits mehr als 200)<\/li>\n<\/ul>\n<h3>Schulung<\/h3>\n<ul>\n<li>Planung, Leitung und Durchf\u00fchrung von Seminaren (bereits mehr als 200)<\/li>\n<li>Konzeption und fachliche Betreuung von zwei internationalen Kongressen zum Thema Umweltmanagementsysteme (Berlin 1994; K\u00f6ln 1995)<\/li>\n<li>Regelm\u00e4\u00dfige Referentent\u00e4tigkeit zu den Themen UMS, IMS, EnMS auf Tagungen und Kongressen<\/li>\n<\/ul>\n<h3>Zertifizierung\/Validierung<\/h3>\n<ul>\n<li><a href=\"http:\/\/www.dau-bonn-gmbh.de\/dauAdrList.htm?cid=209\">Umweltgutachter nach EMAS (DE-V-0233)<\/a><\/li>\n<li><a href=\"http:\/\/myska.com\/tuev-zertifikat-martin-myska.html\">T\u00dcV-Cert Berufungszertifikat<\/a>\u00a0und EA Branchen<\/li>\n<li><a href=\"http:\/\/myska.com\/fachdozent-zertifikat-martin-myska.html\">Zertifizierter Fachdozent (T\u00dcV)<\/a><\/li>\n<li>Durchf\u00fchrung von Externen Audits als Umweltgutachter und\/oder externer Auditor (bereits mehr als 200)<\/li>\n<\/ul>\n<h3>Publikationen<\/h3>\n<ul>\n<li>Herausgeber und Autor des Loseblattwerkes \"<a href=\"http:\/\/myska.com\/publikationen\/tuev-umwelt-managementberater.html\">Der T\u00dcV Umweltmanagementberater<\/a>\" (seit 1995)<\/li>\n<\/ul>\n","protected":false},"excerpt":{"rendered":"<p>mMM ist seit zahlreichen Jahren aktives Mitglied im VNU. Wir profitieren von dem regelm\u00e4\u00dfigen Wissenstransfer&#8230; <a class=\"read-more\" href=\"https:\/\/www.vnu-ev.de\/en\/members\/martin-myska\">More<\/a><\/p>\n","protected":false},"author":118,"featured_media":0,"comment_status":"closed","ping_status":"closed","sticky":false,"template":"","format":"standard","meta":{"_acf_changed":false,"footnotes":""},"categories":[2,271],"tags":[185,40,89,28,12,13,24,14,85,16,27,77],"class_list":["post-3908","post","type-post","status-publish","format-standard","hentry","category-members","category-mitglieder","tag-arbeitsschutzmanagement","tag-auditor","tag-beratungen","tag-csr","tag-emas","tag-energiemanagement","tag-nachhaltigkeit","tag-qualitaetsmanagement","tag-umweltgutachter","tag-umweltmanagement","tag-umweltrecht","tag-umweltschutz"],"acf":[],"_links":{"self":[{"href":"https:\/\/www.vnu-ev.de\/en\/wp-json\/wp\/v2\/posts\/3908","targetHints":{"allow":["GET"]}}],"collection":[{"href":"https:\/\/www.vnu-ev.de\/en\/wp-json\/wp\/v2\/posts"}],"about":[{"href":"https:\/\/www.vnu-ev.de\/en\/wp-json\/wp\/v2\/types\/post"}],"author":[{"embeddable":true,"href":"https:\/\/www.vnu-ev.de\/en\/wp-json\/wp\/v2\/users\/118"}],"replies":[{"embeddable":true,"href":"https:\/\/www.vnu-ev.de\/en\/wp-json\/wp\/v2\/comments?post=3908"}],"version-history":[{"count":4,"href":"https:\/\/www.vnu-ev.de\/en\/wp-json\/wp\/v2\/posts\/3908\/revisions"}],"predecessor-version":[{"id":5828,"href":"https:\/\/www.vnu-ev.de\/en\/wp-json\/wp\/v2\/posts\/3908\/revisions\/5828"}],"wp:attachment":[{"href":"https:\/\/www.vnu-ev.de\/en\/wp-json\/wp\/v2\/media?parent=3908"}],"wp:term":[{"taxonomy":"category","embeddable":true,"href":"https:\/\/www.vnu-ev.de\/en\/wp-json\/wp\/v2\/categories?post=3908"},{"taxonomy":"post_tag","embeddable":true,"href":"https:\/\/www.vnu-ev.de\/en\/wp-json\/wp\/v2\/tags?post=3908"}],"curies":[{"name":"wp","href":"https:\/\/api.w.org\/{rel}","templated":true}]}}