{"id":3944,"date":"2019-04-10T19:22:42","date_gmt":"2019-04-10T17:22:42","guid":{"rendered":"https:\/\/www.vnu-ev.de\/?p=3944"},"modified":"2019-04-10T19:22:42","modified_gmt":"2019-04-10T17:22:42","slug":"umweltgutachtertag-2019","status":"publish","type":"post","link":"https:\/\/www.vnu-ev.de\/en\/top-event\/umweltgutachtertag-2019","title":{"rendered":"Umweltgutachtertag 2019"},"content":{"rendered":"<h3><img loading=\"lazy\" decoding=\"async\" class=\"alignnone wp-image-916\" src=\"https:\/\/www.vnu-ev.de\/wp-content\/uploads\/2016\/10\/VNU_Logo_300_px_gro\u00df-e1493302837619.jpg\" alt=\"VNU e.V.\" width=\"259\" height=\"180\" \/> <img loading=\"lazy\" decoding=\"async\" class=\"alignnone wp-image-4198 size-medium\" src=\"https:\/\/www.vnu-ev.de\/wp-content\/uploads\/2019\/07\/BIBB-Logo_DE-300x300.png\" alt=\"Quelle: BIBB\" width=\"300\" height=\"300\" srcset=\"https:\/\/www.vnu-ev.de\/en\/wp-content\/uploads\/2019\/07\/BIBB-Logo_DE-300x300.png 300w, https:\/\/www.vnu-ev.de\/en\/wp-content\/uploads\/2019\/07\/BIBB-Logo_DE-150x150.png 150w, https:\/\/www.vnu-ev.de\/en\/wp-content\/uploads\/2019\/07\/BIBB-Logo_DE-500x500.png 500w, https:\/\/www.vnu-ev.de\/en\/wp-content\/uploads\/2019\/07\/BIBB-Logo_DE-400x400.png 400w, https:\/\/www.vnu-ev.de\/en\/wp-content\/uploads\/2019\/07\/BIBB-Logo_DE.png 849w\" sizes=\"auto, (max-width: 300px) 100vw, 300px\" \/><\/h3>\n<h2><\/h2>\n<h2><strong>Umweltmanagementsysteme im Wandel <\/strong><\/h2>\n<h3><strong>Eine Veranstaltung f\u00fcr Umweltgutachter, Zertifizierer und Anwender<\/strong><\/h3>\n<p>Gastgeber des Umweltgutachtertags ist das Bundesinstitut f\u00fcr Berufliche Bildung BIBB in Bonn. Dies ist das Kompetenzzentrum zur Weiterentwicklung der\u00a0 beruflichen Aus- und Weiterbildung. Zu seinen Aufgaben geh\u00f6ren Zukunftsaufgaben und die F\u00f6rderung von Innovationen in der Berufsbildung. Weiterhin entwickelt das BIBB praktische L\u00f6sungsvorschl\u00e4ge f\u00fcr die berufliche Bildungslandschaft.<\/p>\n<p>Seit 2009 hat das BIBB das Umweltmanagementsystem EMAS eingef\u00fchrt und validiert. Eine besondere W\u00fcrdigung stellt die Preistr\u00e4gerschaft des Wettbewerbs \"B\u00fcro &amp; Umwelt 2018\" dar, die B.A.U.M. e. V. am 29. Januar 2019 an das BIBB vergab.<\/p>\n<p>Unser Angebot setzt sich, aus Erfahrungsberichten und neuen Informationen zusammen. In zwei Diskussionsrunden und den Pausen geben wir Ihnen Gelegenheit, Fragen zu stellen und sich auszutauschen. Das Programm wird laufend weiter konkretisiert.<\/p>\n<h3><strong>Programm<\/strong><\/h3>\n<p><a href=\"https:\/\/www.vnu-ev.de\/wp-content\/uploads\/2019\/07\/190924_UGT_Programm.pdf\" target=\"_blank\" rel=\"noopener noreferrer\">Programm-Download<\/a><\/p>\n<p><strong>10:00 Uhr<br \/>\nBegr\u00fc\u00dfung<\/strong><br \/>\nSandra D\u00fccker, Bundesinstitut f\u00fcr Berufsbildung BIBB<br \/>\nBettina Heimer, Vorstand des VNU e. V.<\/p>\n<p><strong>10:15 Uhr<br \/>\nEMAS im BIBB - Erfahrungen aus 10 Jahren der Anwendung<\/strong><\/p>\n<p style=\"padding-left: 40px\"><strong>Sandra D\u00fccker<\/strong><br \/>\nBundesinstitut f\u00fcr Berufsbildung BIBB<br \/>\nUmweltmanagementbeauftragte<\/p>\n<p><strong>11:00 Uhr<br \/>\nUmsetzung der (neuen) EMAS Anh\u00e4nge I bis IV<br \/>\n<\/strong>Praxisbeispiele und Erfahrungen aus der Sicht eines Umweltgutachters<\/p>\n<p style=\"padding-left: 40px\"><strong>Raphael Artischewski<\/strong><br \/>\nCORE Umweltgutachter GmbH, Fellbach<br \/>\nGesch\u00e4ftsf\u00fchrer, Umweltgutachter DE-V-0005<\/p>\n<p><strong>11:30 Uhr<br \/>\nEMAS-Referenzdokumente und deren Abgrenzung zu den BAT(C)-Dokumenten<\/strong><br \/>\nUmweltgutachterausschuss, Beteiligte aus der Arbeitsgruppe der EMAS Referenzdokumente<\/p>\n<p style=\"padding-left: 40px\"><strong>Mario Lodigiani<br \/>\n<\/strong>Umweltgutachterausschuss, Berlin<br \/>\nGesch\u00e4ftsstelle<\/p>\n<p><strong>12:00 Uhr <\/strong><br \/>\n<strong>Bericht der DAU GmbH \u00fcber den Status der Umweltgutachter\/-innen<\/strong><\/p>\n<p style=\"padding-left: 40px\"><strong>Dr. Markus Racke<br \/>\n<\/strong>DAU - Deutsche Akkreditierungs- und Zulassungsgesellschaft f\u00fcr Umweltgutachter mbH, Bonn<br \/>\nGesch\u00e4ftsf\u00fchrer<\/p>\n<p><strong><span style=\"color: #119988\">12:30 Uhr<\/span><br \/>\n<span style=\"color: #119988\">Mittagspause<\/span><\/strong><\/p>\n<p><strong>13:30 Uhr - parallele Workshops<\/strong><\/p>\n<p>F\u00fcr die Workshops erhalten Sie zu einem sp\u00e4teren Zeitpunkt eine gesonderte Anmeldung, um die Zahl der Teilnehmenden und die R\u00e4umlichkeiten planen zu k\u00f6nnen. In zwei Sessions mit ca. 40 Minuten Dauer leiten Impulsvortr\u00e4ge (2-3 Minuten) in die Themen ein und alle Teilnehmenden sind gerne zur aktiven Diskussion eingeladen.<\/p>\n<p><strong>(WS 01) EMAS und Nachhaltigkeit <\/strong><br \/>\nDiskussion \u00fcber das Potenzial von EMAS als Nachhaltigkeitsmanagementsystem<\/p>\n<p style=\"padding-left: 40px\"><strong>Moderation:<\/strong><br \/>\nBettina Heimer (VNU)<\/p>\n<p style=\"padding-left: 40px\"><strong>Impulse:<\/strong><br \/>\nStudie zur Schnittstelle zwischen EMAS und DNK (UGA, E. Zippel)<br \/>\nEMAS und DNK in einer Institution (GIZ, M. Klingler)<\/p>\n<p><strong>(WS 02) Entwicklung des Berufsbilds der Umweltgutachter\/innen<br \/>\n<\/strong>Diskussion \u00fcber den personellen \/ fachlichen Bedarf an Pr\u00fcfungshandlungen<\/p>\n<p style=\"padding-left: 40px\"><strong>Moderation:<\/strong><br \/>\ntbc (VNU)<\/p>\n<p style=\"padding-left: 40px\"><strong>Impulse:<\/strong><br \/>\nBedarfsanalyse f\u00fcr den Beruf des Umweltgutachters (DAU GmbH, Dr. M. Racke)<br \/>\nErfahrungsbericht aus der Praxis (CORE Umweltgutachter GmbH, R. Artischewski)<\/p>\n<p><strong>(WS 03) EMAS und Klimaschutz<br \/>\n<\/strong>Diskussion \u00fcber das Potenzial von EMAS als Klimaschutzmanagementsystem<\/p>\n<p style=\"padding-left: 40px\"><strong>Moderation:<\/strong><br \/>\nHelmar Pflock (VNU)<\/p>\n<p style=\"padding-left: 40px\"><strong>Impulse:<\/strong><br \/>\nEMAS und Klimaschutz in einem Konzern (FRAPORT AG, Dr. P. Neumann-Opitz)<br \/>\nInstrumente des Klimaschutzes und Erfahrungen mit deren Eignung \/ Wirksamkeit<\/p>\n<p><strong>(WS 04) Neue Anforderungen an Biogasanlagen nach TRAS 120<br \/>\n<\/strong>Diskussion und Erfahrungsberichte zur Umsetzung<\/p>\n<p style=\"padding-left: 40px\"><strong>Moderation:<\/strong><br \/>\nLennart Schleicher (VNU)<\/p>\n<p style=\"padding-left: 40px\"><strong>Impuls:<\/strong><br \/>\nDarstellung der Anforderungen der TRAS 120 (OmniCert Umweltgutachter GmbH,\u00a0 V. Aschmann)<\/p>\n<p><span style=\"color: #119988\">15:00 Uhr<\/span><br \/>\n<span style=\"color: #119988\">Pause<\/span><\/p>\n<p><strong>15:30 Uhr<br \/>\nEnergiemanagement nach ISO 50001:2018<br \/>\n<\/strong>Praxisbeitrag \u00fcber die Umsetzung aus einem Unternehmen<\/p>\n<p style=\"padding-left: 40px\"><strong>Thomas Doll<br \/>\n<\/strong>RUCH NOVAPLAST GmbH + Co. KG, Oberkirch<br \/>\nTechnische Leitung<\/p>\n<p><strong>16:10 Uhr<\/strong><br \/>\n<strong>Erfahrungsbericht zur Umsetzung der Gewerbeabfallverordnung<\/strong><\/p>\n<p style=\"padding-left: 40px\"><strong>Anne-Karin Walter<br \/>\n<\/strong>Hessisches Ministerium f\u00fcr Umwelt, Klimaschutz, Landwirtschaft und Verbraucherschutz, Wiesbaden, Referat II 2 \u201eAbfallentsorgungsanlagen und \u00dcberwachung der Abfallentsorgung\u201c<\/p>\n<p><strong>16:50 Uhr<\/strong><br \/>\n<strong>Abschluss und Verabschiedung<\/strong><\/p>\n<h3><\/h3>\n<h3><strong>Anmeldeinformationen<br \/>\n<\/strong><\/h3>\n<p><a href=\"https:\/\/www.vnu-ev.de\/wp-content\/uploads\/2019\/07\/190924_UGT_Anmeldung.pdf\" target=\"_blank\" rel=\"noopener noreferrer\"><strong>Anmelde-Formular<\/strong><\/a><\/p>\n<p>Wir freuen uns \u00fcber Ihr Interesse und bitten Sie, das Anmeldeformular an die VNU Gesch\u00e4ftsstelle (<a href=\"mailto:vnu@vnu-ev.de\">vnu@vnu-ev.de<\/a>) zu senden.<\/p>\n<p><strong>Bei einer Anmeldung bis zum 3. September 2019 erhalten Sie einen Fr\u00fchbucher-Rabatt von 50,00 EUR (netto). Mitglieder des VNU nehmen zus\u00e4tzlich verg\u00fcnstigt an dieser Veranstaltung teil.<\/strong><\/p>\n<p>Eine Mitgliedschaft ist als Einzelperson oder f\u00fcr Unternehmen m\u00f6glich. Beide Formen der Mitgliedschaft k\u00f6nnen Sie in Form einer Schnupper-Mitgliedschaft \u00fcber 12 Monate mit allen Vorz\u00fcgen und Leistungen des Verbands testen. Neue Mitglieder profitieren sofort von den verg\u00fcnstigten Teilnahmegeb\u00fchren. Informationen dazu finden Sie im <a href=\"https:\/\/www.vnu-ev.de\/vnu-auf-einen-blick\">VNU Profil<\/a>\u00a0und unter \u201e<a href=\"https:\/\/www.vnu-ev.de\/ueber-uns\/mitglied-werden\">Mitglied werden<\/a>\u201c.<\/p>\n","protected":false},"excerpt":{"rendered":"<p>Umweltmanagementsysteme im Wandel Eine Veranstaltung f\u00fcr Umweltgutachter, Zertifizierer und Anwender Gastgeber des Umweltgutachtertags ist das&#8230; <a class=\"read-more\" href=\"https:\/\/www.vnu-ev.de\/en\/top-event\/umweltgutachtertag-2019\">More<\/a><\/p>\n","protected":false},"author":118,"featured_media":0,"comment_status":"closed","ping_status":"closed","sticky":false,"template":"","format":"standard","meta":{"_acf_changed":false,"footnotes":""},"categories":[9,229,226],"tags":[269,12,13,23,85,230],"class_list":["post-3944","post","type-post","status-publish","format-standard","hentry","category-top-event","category-umweltgutachtertag","category-veranstaltungen","tag-bonn","tag-emas","tag-energiemanagement","tag-iso-50001","tag-umweltgutachter","tag-umweltgutachtertag"],"acf":[],"_links":{"self":[{"href":"https:\/\/www.vnu-ev.de\/en\/wp-json\/wp\/v2\/posts\/3944","targetHints":{"allow":["GET"]}}],"collection":[{"href":"https:\/\/www.vnu-ev.de\/en\/wp-json\/wp\/v2\/posts"}],"about":[{"href":"https:\/\/www.vnu-ev.de\/en\/wp-json\/wp\/v2\/types\/post"}],"author":[{"embeddable":true,"href":"https:\/\/www.vnu-ev.de\/en\/wp-json\/wp\/v2\/users\/118"}],"replies":[{"embeddable":true,"href":"https:\/\/www.vnu-ev.de\/en\/wp-json\/wp\/v2\/comments?post=3944"}],"version-history":[{"count":0,"href":"https:\/\/www.vnu-ev.de\/en\/wp-json\/wp\/v2\/posts\/3944\/revisions"}],"wp:attachment":[{"href":"https:\/\/www.vnu-ev.de\/en\/wp-json\/wp\/v2\/media?parent=3944"}],"wp:term":[{"taxonomy":"category","embeddable":true,"href":"https:\/\/www.vnu-ev.de\/en\/wp-json\/wp\/v2\/categories?post=3944"},{"taxonomy":"post_tag","embeddable":true,"href":"https:\/\/www.vnu-ev.de\/en\/wp-json\/wp\/v2\/tags?post=3944"}],"curies":[{"name":"wp","href":"https:\/\/api.w.org\/{rel}","templated":true}]}}