{"id":4060,"date":"2019-05-22T09:21:27","date_gmt":"2019-05-22T07:21:27","guid":{"rendered":"https:\/\/www.vnu-ev.de\/?p=4060"},"modified":"2019-05-22T09:21:27","modified_gmt":"2019-05-22T07:21:27","slug":"vnu-webinar-190607","status":"publish","type":"post","link":"https:\/\/www.vnu-ev.de\/en\/veranstaltungen\/vnu-webinar-190607","title":{"rendered":"VNU-Webinar"},"content":{"rendered":"<h2><strong>Interne Umweltaudits \u2013 Theorie und Praxis<\/strong><\/h2>\n<p>Ein Angebot f\u00fcr VNU-Mitglieder. Das Webinar wird in deutscher Sprache durchgef\u00fchrt.\u00a0Die Teilnahme ist kostenlos.<\/p>\n<h2>Termin<\/h2>\n<p>7. Juni 2019<br \/>\n12:00 - 13:00 Uhr (MEZ)<\/p>\n<h2>Referent<\/h2>\n<p>Lennart Schleicher, 1. Vorsitzender des VNU, Umweltgutachter<\/p>\n<h2>Inhalt<\/h2>\n<p>Am 7. Juni 2019 von 12:00 bis 13:00 Uhr findet als weitere Veranstaltung innerhalb des neuen Angebots des VNU das Webinar zu internen Umweltaudits statt.<br \/>\nJede Organisation mit einem Umweltmanagementsystem nach ISO 14001 oder EMAS f\u00fchrt regelm\u00e4\u00dfig interne Audits durch. In der EMAS-Welt hei\u00dfen sie Umweltbetriebspr\u00fcfungen.<br \/>\nGibt es da einen Unterschied?<br \/>\nWelche Vorgaben geben die Normen bzw. EMAS dazu? Welche Qualifikationen werden ben\u00f6tigt? Wer soll ins Auditteam? Wie soll der Auditbericht aussehen? Welche Schwierigkeiten treten auf und wie lassen sich diese vermeiden oder minimieren? Wie werden die Audits zu einem Erfolg?<br \/>\nDiese und andere Fragen sollen in diesem Webinar thematisiert und diskutiert werden. Dabei geht Lennart Schleicher auch auf Beispiele seiner mehr als 20-j\u00e4hrigen Erfahrung als interner Auditor in 22 L\u00e4ndern ein.<\/p>\n<h2><strong>Anmeldeinformationen<\/strong><\/h2>\n<p><strong>Voraussetzung f\u00fcr die Webinar-Teilnahme ist eine VNU-Mitgliedschaft. Rahmenbedingungen f\u00fcr eine Mitgliedschaft erhalten Sie <a href=\"https:\/\/www.vnu-ev.de\/ueber-uns\/mitglied-werden\">hier<\/a>.<br \/>\n<\/strong>VNU-Mitglieder k\u00f6nnen sich formlos in der VNU Gesch\u00e4ftsstelle (<u><a href=\"mailto:vnu@vnu-ev.de\">vnu@vnu-ev.de<\/a><\/u>) anmelden.<\/p>\n<h2><strong>\u00dcber dieses Angebot<\/strong><\/h2>\n<p>Die Aufzeichnung des Webinars steht VNU-Mitgliedern kostenlos zur Verf\u00fcgung und kann in der VNU Gesch\u00e4ftsstelle (<a href=\"mailto:vnu@vnu-ev.de\">vnu@vnu-ev.de<\/a>) angefordert werden.<br \/>\nDer Download der Vortragsdokumentation ist hier erh\u00e4ltlich: [\u00a0<a href=\"https:\/\/www.vnu-ev.de\/?s2member_file_download=\/access-s2member-level1\/Aufz\/2019\/VNU-Webinar_Interne-Audits_Schleicher.pdf\" target=\"_blank\" rel=\"noopener noreferrer\">Vortrag<\/a>\u00a0]<\/p>\n","protected":false},"excerpt":{"rendered":"<p>Interne Umweltaudits \u2013 Theorie und Praxis Ein Angebot f\u00fcr VNU-Mitglieder. Das Webinar wird in deutscher&#8230; <a class=\"read-more\" href=\"https:\/\/www.vnu-ev.de\/en\/veranstaltungen\/vnu-webinar-190607\">More<\/a><\/p>\n","protected":false},"author":118,"featured_media":0,"comment_status":"closed","ping_status":"closed","sticky":false,"template":"","format":"standard","meta":{"_acf_changed":false,"footnotes":""},"categories":[242,226,258],"tags":[],"class_list":["post-4060","post","type-post","status-publish","format-standard","hentry","category-ressort","category-veranstaltungen","category-webinar"],"acf":[],"_links":{"self":[{"href":"https:\/\/www.vnu-ev.de\/en\/wp-json\/wp\/v2\/posts\/4060","targetHints":{"allow":["GET"]}}],"collection":[{"href":"https:\/\/www.vnu-ev.de\/en\/wp-json\/wp\/v2\/posts"}],"about":[{"href":"https:\/\/www.vnu-ev.de\/en\/wp-json\/wp\/v2\/types\/post"}],"author":[{"embeddable":true,"href":"https:\/\/www.vnu-ev.de\/en\/wp-json\/wp\/v2\/users\/118"}],"replies":[{"embeddable":true,"href":"https:\/\/www.vnu-ev.de\/en\/wp-json\/wp\/v2\/comments?post=4060"}],"version-history":[{"count":0,"href":"https:\/\/www.vnu-ev.de\/en\/wp-json\/wp\/v2\/posts\/4060\/revisions"}],"wp:attachment":[{"href":"https:\/\/www.vnu-ev.de\/en\/wp-json\/wp\/v2\/media?parent=4060"}],"wp:term":[{"taxonomy":"category","embeddable":true,"href":"https:\/\/www.vnu-ev.de\/en\/wp-json\/wp\/v2\/categories?post=4060"},{"taxonomy":"post_tag","embeddable":true,"href":"https:\/\/www.vnu-ev.de\/en\/wp-json\/wp\/v2\/tags?post=4060"}],"curies":[{"name":"wp","href":"https:\/\/api.w.org\/{rel}","templated":true}]}}