{"id":4203,"date":"2019-08-07T12:59:02","date_gmt":"2019-08-07T10:59:02","guid":{"rendered":"https:\/\/www.vnu-ev.de\/?p=4203"},"modified":"2019-08-07T12:59:02","modified_gmt":"2019-08-07T10:59:02","slug":"emas-club-region-suedwest-190916","status":"publish","type":"post","link":"https:\/\/www.vnu-ev.de\/en\/emas-club-europe\/emas-club-region-suedwest-190916","title":{"rendered":"EMAS Club Region S\u00fcdwest"},"content":{"rendered":"<h2>Aus der Praxis f\u00fcr die Praxis:<\/h2>\n<p>Diskutieren Sie \u00fcber alle Themen einer\/eines Umwelt(management)beauftragten! Fragen Sie Ihre Kolleginnen und Kollegen, den VNU und den Umweltgutachter!<\/p>\n<h2>Termin<\/h2>\n<p>16. September 2019<br \/>\n10:30 - 15:30 Uhr<\/p>\n<h2>Ort<\/h2>\n<p>BUGA (Heilbronn)<\/p>\n<h2>Themen<\/h2>\n<ul>\n<li>Umweltmanagement im Rahmen der BUGA mit Rundgang<\/li>\n<li>Studie zur Schnittstelle zwischen EMAS und dem Deutschen Nachhaltigkeitskodex DNK<br \/>\n<em>Vorstellung der Studie mit Diskussion<\/em><\/li>\n<li>Betriebliches Mobilit\u00e4tsmanagement<br \/>\n<em>Beispiele und Diskussion<\/em><\/li>\n<li>Aktuelle Themen und Fragen der Teilnehmer \u2013 Bringen Sie<br \/>\neinfach Ihre Fragen zu Umweltmanagement, EMAS und sonstigen Themen mit.<\/li>\n<\/ul>\n<h2>Moderator<\/h2>\n<p>Peter Fischer, Peter Fischer Managementberatung, Leiter der Regionalgruppe S\u00fcdwest des EMAS Club Europe sowie stellvertretender Vorsitzender im UGA und Leiter der AG Marketing, Kommunikation und F\u00f6rderung im UGA<\/p>\n<h2>Anmeldeinformationen<\/h2>\n<p><strong>Voraussetzung f\u00fcr die Teilnahme\u00a0an den Regionaltreffen des EMAS Club Europe\u00a0ist eine bestehende oder anstehende EMAS-Registrierung des repr\u00e4sentierten Unternehmens.<br \/>\n<\/strong>Aus organisatorischen Gr\u00fcnden bitten wir um Ihre Anmeldung bis sp\u00e4testens zum <strong>6. September 2019<\/strong>\u00a0per E-Mail an die\u00a0VNU Gesch\u00e4ftsstelle (<a href=\"mailto:vnu@vnu-ev.de\">vnu@vnu-e v.de<\/a>)<\/p>\n<p>VNU-Mitglieder, die ein EMAS-validiertes Unternehmen repr\u00e4sentieren, k\u00f6nnen sich formlos in der VNU Gesch\u00e4ftsstelle (<a href=\"mailto:vnu@vnu-ev.de\">vnu@vnu-ev.de<\/a>) anmelden.<br \/>\nNicht-VNU-Mitglieder werden gebeten, das Anmeldeformular auszuf\u00fcllen und an die VNU Gesch\u00e4ftsstelle (<a href=\"mailto:vnu@vnu-ev.de\">vnu@vnu-ev.de<\/a>) zu senden.<\/p>\n<p><a href=\"https:\/\/www.vnu-ev.de\/wp-content\/uploads\/2019\/08\/190916_ECE_Suedwest_Anmeldeformular.pdf\" target=\"_blank\" rel=\"noopener noreferrer\"><strong>Anmeldeformular<\/strong><\/a><\/p>\n<h2>\u00dcber dieses Angebot<\/h2>\n<p>Die Teilnehmer erhalten nach dem Regionaltreffen die freigegebenen Vortr\u00e4ge.<br \/>\nVNU-Mitglieder k\u00f6nnen die freigegebenen Vortr\u00e4ge von der VNU Homepage downloaden.<\/p>\n<p>Mehr \u00fcber den EMAS Club Europe finden sie hier:\u00a0<a href=\"https:\/\/www.vnu-ev.de\/emas-club-europe\" target=\"_blank\" rel=\"noopener noreferrer\">EMAS Club Europe<br \/>\n<\/a>Mehr \u00fcber eine VNU Mitgliedschaft finden Sie hier:\u00a0<a href=\"https:\/\/www.vnu-ev.de\/ueber-uns\/mitglied-werden\" target=\"_blank\" rel=\"noopener noreferrer\">Mitglied werden<\/a><\/p>\n<p>&nbsp;<\/p>\n","protected":false},"excerpt":{"rendered":"<p>Aus der Praxis f\u00fcr die Praxis: Diskutieren Sie \u00fcber alle Themen einer\/eines Umwelt(management)beauftragten! Fragen Sie&#8230; <a class=\"read-more\" href=\"https:\/\/www.vnu-ev.de\/en\/emas-club-europe\/emas-club-region-suedwest-190916\">More<\/a><\/p>\n","protected":false},"author":118,"featured_media":0,"comment_status":"closed","ping_status":"closed","sticky":false,"template":"","format":"standard","meta":{"_acf_changed":false,"footnotes":""},"categories":[10,226],"tags":[],"class_list":["post-4203","post","type-post","status-publish","format-standard","hentry","category-emas-club-europe","category-veranstaltungen"],"acf":[],"_links":{"self":[{"href":"https:\/\/www.vnu-ev.de\/en\/wp-json\/wp\/v2\/posts\/4203","targetHints":{"allow":["GET"]}}],"collection":[{"href":"https:\/\/www.vnu-ev.de\/en\/wp-json\/wp\/v2\/posts"}],"about":[{"href":"https:\/\/www.vnu-ev.de\/en\/wp-json\/wp\/v2\/types\/post"}],"author":[{"embeddable":true,"href":"https:\/\/www.vnu-ev.de\/en\/wp-json\/wp\/v2\/users\/118"}],"replies":[{"embeddable":true,"href":"https:\/\/www.vnu-ev.de\/en\/wp-json\/wp\/v2\/comments?post=4203"}],"version-history":[{"count":0,"href":"https:\/\/www.vnu-ev.de\/en\/wp-json\/wp\/v2\/posts\/4203\/revisions"}],"wp:attachment":[{"href":"https:\/\/www.vnu-ev.de\/en\/wp-json\/wp\/v2\/media?parent=4203"}],"wp:term":[{"taxonomy":"category","embeddable":true,"href":"https:\/\/www.vnu-ev.de\/en\/wp-json\/wp\/v2\/categories?post=4203"},{"taxonomy":"post_tag","embeddable":true,"href":"https:\/\/www.vnu-ev.de\/en\/wp-json\/wp\/v2\/tags?post=4203"}],"curies":[{"name":"wp","href":"https:\/\/api.w.org\/{rel}","templated":true}]}}