{"id":4332,"date":"2019-08-07T18:23:54","date_gmt":"2019-08-07T16:23:54","guid":{"rendered":"https:\/\/www.vnu-ev.de\/?p=4332"},"modified":"2020-09-28T16:23:10","modified_gmt":"2020-09-28T14:23:10","slug":"stefan-braeker","status":"publish","type":"post","link":"https:\/\/www.vnu-ev.de\/en\/members\/stefan-braeker","title":{"rendered":"Stefan Br\u00e4ker"},"content":{"rendered":"<p>Der VNU ist f\u00fcr mich als Netzwerk aus Experten und Anwendern rund um das Management von Umweltschutz und der Nachhaltigkeit ein wichtiges Bindeglied zu den T\u00e4tigkeiten unseres Unternehmens. Als Mitglied im VNU erhalte ich geb\u00fcndelte Meinungen, Interessen und Erwartungen an die Themen Umwelt und Nachhaltigkeit. Der direkte Erfahrungs- und Informationsaustausch, das Mitgestalten der fachlichen Entwicklung im Bereich Umweltmanagement und Nachhaltigkeit, die Interessensvertretung f\u00fcr die Umweltgutachter und nicht zuletzt die Vernetzung mit anderen interessierten Kreisen sind f\u00fcr mich als zugelassener Umweltgutachter und Gesch\u00e4ftsf\u00fchrer von besonderer Bedeutung.<\/p>\n<h2>Berufserfahrung<\/h2>\n<p>Dr. Stefan Br\u00e4ker ist langj\u00e4hrig im Bereich des betrieblichen Umweltschutzes t\u00e4tig. Er ist zugelassener Umweltgutachter und \u00f6.b.v. Sachverst\u00e4ndiger f\u00fcr Verifizierungen im Treibhausgasemissionshandel und f\u00fcr Umweltvertr\u00e4glichkeitspr\u00fcfungen.<br \/>\nNach dem Studium der Geographie an der Universit\u00e4t K\u00f6ln, dem 2. Staatsexamen f\u00fcr den h\u00f6heren Verwaltungsdienst im Land Nordrhein-Westfalen und der Promotion an der Universit\u00e4t T\u00fcbingen \u00fcber ein \u00d6kosystemforschungsprojekt im Allg\u00e4u war Dr. Stefan Br\u00e4ker zun\u00e4chst in einer Unternehmensberatung f\u00fcr Umweltschutz t\u00e4tig, zuletzt in der Gesch\u00e4ftsf\u00fchrung. Seit 2012 ist er bei der M\u00fcller-BBM Cert GmbH in der Gesch\u00e4ftsf\u00fchrung. EMAS, umweltgutachterliche T\u00e4tigkeiten, die Valdierung und Verifizierung von Daten und Angaben in Nachhaltigkeits- \/ CSR-Berichten, Verifizierungen im Treibhausgasemissionshandel sowie die Zertifzierung von Managementsystemen (ISO 50001, ISO 14001, ISO 45001 und ISO 9001) z\u00e4hlen hier zu den zentralen Gesch\u00e4ftst\u00e4tigkeiten.<br \/>\nDr. Stefan Br\u00e4ker bringt seine Kompetenz und Erfahrung im Umweltgutachterausschuss des Bundesumweltministeriums, als stellvertretender Obmann im Arbeitsausschuss Treibhausgasmanagement des DIN NAGUS und zudem als Referent und Dozent zu Themen des betrieblichen Umweltschutzes bei zahlreichen Weiterbildungstr\u00e4gern ein.<\/p>\n","protected":false},"excerpt":{"rendered":"<p>Der VNU ist f\u00fcr mich als Netzwerk aus Experten und Anwendern rund um das Management&#8230; <a class=\"read-more\" href=\"https:\/\/www.vnu-ev.de\/en\/members\/stefan-braeker\">More<\/a><\/p>\n","protected":false},"author":118,"featured_media":0,"comment_status":"closed","ping_status":"closed","sticky":false,"template":"","format":"standard","meta":{"_acf_changed":false,"footnotes":""},"categories":[2,271],"tags":[86,28,12,13,24,85,16,27],"class_list":["post-4332","post","type-post","status-publish","format-standard","hentry","category-members","category-mitglieder","tag-carbon-footprint","tag-csr","tag-emas","tag-energiemanagement","tag-nachhaltigkeit","tag-umweltgutachter","tag-umweltmanagement","tag-umweltrecht"],"acf":[],"_links":{"self":[{"href":"https:\/\/www.vnu-ev.de\/en\/wp-json\/wp\/v2\/posts\/4332","targetHints":{"allow":["GET"]}}],"collection":[{"href":"https:\/\/www.vnu-ev.de\/en\/wp-json\/wp\/v2\/posts"}],"about":[{"href":"https:\/\/www.vnu-ev.de\/en\/wp-json\/wp\/v2\/types\/post"}],"author":[{"embeddable":true,"href":"https:\/\/www.vnu-ev.de\/en\/wp-json\/wp\/v2\/users\/118"}],"replies":[{"embeddable":true,"href":"https:\/\/www.vnu-ev.de\/en\/wp-json\/wp\/v2\/comments?post=4332"}],"version-history":[{"count":3,"href":"https:\/\/www.vnu-ev.de\/en\/wp-json\/wp\/v2\/posts\/4332\/revisions"}],"predecessor-version":[{"id":5234,"href":"https:\/\/www.vnu-ev.de\/en\/wp-json\/wp\/v2\/posts\/4332\/revisions\/5234"}],"wp:attachment":[{"href":"https:\/\/www.vnu-ev.de\/en\/wp-json\/wp\/v2\/media?parent=4332"}],"wp:term":[{"taxonomy":"category","embeddable":true,"href":"https:\/\/www.vnu-ev.de\/en\/wp-json\/wp\/v2\/categories?post=4332"},{"taxonomy":"post_tag","embeddable":true,"href":"https:\/\/www.vnu-ev.de\/en\/wp-json\/wp\/v2\/tags?post=4332"}],"curies":[{"name":"wp","href":"https:\/\/api.w.org\/{rel}","templated":true}]}}