{"id":4394,"date":"2019-08-15T17:25:16","date_gmt":"2019-08-15T15:25:16","guid":{"rendered":"https:\/\/www.vnu-ev.de\/?p=4394"},"modified":"2020-09-28T16:23:54","modified_gmt":"2020-09-28T14:23:54","slug":"michael-mueller","status":"publish","type":"post","link":"https:\/\/www.vnu-ev.de\/en\/members\/michael-mueller","title":{"rendered":"Michael M\u00fcller"},"content":{"rendered":"<p>In unserem Unternehmen wird Umweltschutz gro\u00df geschrieben und in allen Bereichen aktiv gelebt. Durch den VNU und sein Netzwerk haben wir eine hervorragende Plattform und k\u00f6nnen unser Netzwerk im Bereich Umwelt weiter ausbauen.<\/p>\n<h2>Berufserfahrung<\/h2>\n<p>Seit 2008 bin ich bei der Meiller Aufzugt\u00fcren GmbH als Leiter Umweltmanagement, Qualit\u00e4tsmanagement und Datenschutz t\u00e4tig.<br \/>\n2014 haben wir uns entschlossen, EMAS einzuf\u00fchren. Nach aufwendiger Vorbereitung haben wir unsere Validierung nach EMAS im Jahr 2016 abgeschlossen.<\/p>\n","protected":false},"excerpt":{"rendered":"<p>In unserem Unternehmen wird Umweltschutz gro\u00df geschrieben und in allen Bereichen aktiv gelebt. Durch den&#8230; <a class=\"read-more\" href=\"https:\/\/www.vnu-ev.de\/en\/members\/michael-mueller\">More<\/a><\/p>\n","protected":false},"author":118,"featured_media":0,"comment_status":"closed","ping_status":"closed","sticky":false,"template":"","format":"standard","meta":{"_acf_changed":false,"footnotes":""},"categories":[2,271],"tags":[192,12,22,193,194,14,16],"class_list":["post-4394","post","type-post","status-publish","format-standard","hentry","category-members","category-mitglieder","tag-aufzugtueren","tag-emas","tag-iso-14001","tag-meiller","tag-muenchen","tag-qualitaetsmanagement","tag-umweltmanagement"],"acf":[],"_links":{"self":[{"href":"https:\/\/www.vnu-ev.de\/en\/wp-json\/wp\/v2\/posts\/4394","targetHints":{"allow":["GET"]}}],"collection":[{"href":"https:\/\/www.vnu-ev.de\/en\/wp-json\/wp\/v2\/posts"}],"about":[{"href":"https:\/\/www.vnu-ev.de\/en\/wp-json\/wp\/v2\/types\/post"}],"author":[{"embeddable":true,"href":"https:\/\/www.vnu-ev.de\/en\/wp-json\/wp\/v2\/users\/118"}],"replies":[{"embeddable":true,"href":"https:\/\/www.vnu-ev.de\/en\/wp-json\/wp\/v2\/comments?post=4394"}],"version-history":[{"count":2,"href":"https:\/\/www.vnu-ev.de\/en\/wp-json\/wp\/v2\/posts\/4394\/revisions"}],"predecessor-version":[{"id":5238,"href":"https:\/\/www.vnu-ev.de\/en\/wp-json\/wp\/v2\/posts\/4394\/revisions\/5238"}],"wp:attachment":[{"href":"https:\/\/www.vnu-ev.de\/en\/wp-json\/wp\/v2\/media?parent=4394"}],"wp:term":[{"taxonomy":"category","embeddable":true,"href":"https:\/\/www.vnu-ev.de\/en\/wp-json\/wp\/v2\/categories?post=4394"},{"taxonomy":"post_tag","embeddable":true,"href":"https:\/\/www.vnu-ev.de\/en\/wp-json\/wp\/v2\/tags?post=4394"}],"curies":[{"name":"wp","href":"https:\/\/api.w.org\/{rel}","templated":true}]}}