{"id":4450,"date":"2019-08-28T22:20:32","date_gmt":"2019-08-28T20:20:32","guid":{"rendered":"https:\/\/www.vnu-ev.de\/?p=4450"},"modified":"2020-09-28T16:26:07","modified_gmt":"2020-09-28T14:26:07","slug":"hans-juergen-wicht","status":"publish","type":"post","link":"https:\/\/www.vnu-ev.de\/en\/members\/hans-juergen-wicht","title":{"rendered":"Hans-J\u00fcrgen Wicht"},"content":{"rendered":"<p>Der VNU e. V., zu dessen Gr\u00fcndungsmitgliedern ich geh\u00f6re, liefert eine Plattform f\u00fcr Weiterbildung und Erfahrungsaustausch.<\/p>\n","protected":false},"excerpt":{"rendered":"<p>Der VNU e. V., zu dessen Gr\u00fcndungsmitgliedern ich geh\u00f6re, liefert eine Plattform f\u00fcr Weiterbildung und&#8230; <a class=\"read-more\" href=\"https:\/\/www.vnu-ev.de\/en\/members\/hans-juergen-wicht\">More<\/a><\/p>\n","protected":false},"author":118,"featured_media":0,"comment_status":"closed","ping_status":"closed","sticky":false,"template":"","format":"standard","meta":{"_acf_changed":false,"footnotes":""},"categories":[2,271],"tags":[138,178,213],"class_list":["post-4450","post","type-post","status-publish","format-standard","hentry","category-members","category-mitglieder","tag-betrieblicher-umweltschutz","tag-erneuerbare-energien","tag-oeffentlicher-personennahverkehr-oepnv"],"acf":[],"_links":{"self":[{"href":"https:\/\/www.vnu-ev.de\/en\/wp-json\/wp\/v2\/posts\/4450","targetHints":{"allow":["GET"]}}],"collection":[{"href":"https:\/\/www.vnu-ev.de\/en\/wp-json\/wp\/v2\/posts"}],"about":[{"href":"https:\/\/www.vnu-ev.de\/en\/wp-json\/wp\/v2\/types\/post"}],"author":[{"embeddable":true,"href":"https:\/\/www.vnu-ev.de\/en\/wp-json\/wp\/v2\/users\/118"}],"replies":[{"embeddable":true,"href":"https:\/\/www.vnu-ev.de\/en\/wp-json\/wp\/v2\/comments?post=4450"}],"version-history":[{"count":2,"href":"https:\/\/www.vnu-ev.de\/en\/wp-json\/wp\/v2\/posts\/4450\/revisions"}],"predecessor-version":[{"id":5243,"href":"https:\/\/www.vnu-ev.de\/en\/wp-json\/wp\/v2\/posts\/4450\/revisions\/5243"}],"wp:attachment":[{"href":"https:\/\/www.vnu-ev.de\/en\/wp-json\/wp\/v2\/media?parent=4450"}],"wp:term":[{"taxonomy":"category","embeddable":true,"href":"https:\/\/www.vnu-ev.de\/en\/wp-json\/wp\/v2\/categories?post=4450"},{"taxonomy":"post_tag","embeddable":true,"href":"https:\/\/www.vnu-ev.de\/en\/wp-json\/wp\/v2\/tags?post=4450"}],"curies":[{"name":"wp","href":"https:\/\/api.w.org\/{rel}","templated":true}]}}