{"id":4514,"date":"2015-09-12T10:11:23","date_gmt":"2015-09-12T08:11:23","guid":{"rendered":"https:\/\/www.vnu-ev.de\/?p=445"},"modified":"2015-09-12T10:11:23","modified_gmt":"2015-09-12T08:11:23","slug":"umweltgutachtertag-2016-2","status":"publish","type":"post","link":"https:\/\/www.vnu-ev.de\/en\/veranstaltungen\/umweltgutachtertag-2016-2","title":{"rendered":"Umweltgutachtertag 2016"},"content":{"rendered":"<h3><span style=\"color: #112299\"><strong>Umweltmanagement - Quo vadis?<\/strong><\/span><\/h3>\n<p>&nbsp;<\/p>\n<p>Nach der Revision der ISO 14001 zum Umweltmanagement im letzten Jahr, werden die erforderlichen Anpassungen von EMAS an die aktuellen Bed\u00fcrfnisse durch die EU Kommission auf den Weg gebracht. Welche Themen und Ans\u00e4tze dies sind, wird w\u00e4hrend des ersten Vortrags\u00a0 dargelegt.<\/p>\n<p>Managementsysteme sollen immer mehr Anforderungen abdecken, um praktische Integration, eine transparente Berichterstattung, die erweiterte Sichtweise des Kontexts oder beispielsweise alle Dimensionen der Nachhaltigkeit abzubilden. Kann ein \u201eklassisches\u201c Umweltmanagementsystem diese Aufgaben erf\u00fcllen? Dar\u00fcber diskutieren wir in einem Podium mit Vertreterinnen und Vertretern aus einem Unternehmen und einem Krankenhaus sowie dem Umweltgutachterausschuss, der DAU GmbH und einem Umweltgutachter.<\/p>\n<h3><strong><span style=\"color: #112288\">Programm<\/span><\/strong><\/h3>\n<p>&nbsp;<\/p>\n<ul>\n<li><strong>Begr\u00fc\u00dfung \/ Einf\u00fchrung durch die IHK Kassel - Marburg<br \/>\n<\/strong>Dr. Gerold Kreuter, IHK Kassel - Marburg<strong><br \/>\n<\/strong>Bettina Heimer, VNU e. V., Bochum<\/li>\n<li><strong>Entwicklung von EMAS aus der Sicht der EU Kommission <\/strong>[<a href=\"https:\/\/www.vnu-ev.de\/?s2member_file_download=\/access-s2member-level1\/Aufz\/2016\/160922_01_Weiss.pdf\" target=\"_blank\" rel=\"noopener noreferrer\">Vortrag <\/a>]<strong><br \/>\n<\/strong>Stand der Revision EMAS IV \u2013 Aktivit\u00e4ten der Kommission<strong><br \/>\n<\/strong>S\u00e9bastien Paquot, EU Kommission, DG Environment B.1, Br\u00fcssel (angefragt)<\/li>\n<li><strong>Podiumsdiskussion zur Zukunft von Umweltmanagementsystemen<br \/>\n<\/strong>Die Entwicklung von Umweltmanagementsystemen im Kontext von<br \/>\nIntegration und Nachhaltigkeit<br \/>\nEsther Zippel, Umweltgutachterausschusses, Berlin<br \/>\nThomas Vo\u00df, LWL-Kliniken, M\u00fcnster<br \/>\nMichael Schneider, Odenwald-Chemie GmbH, Sch\u00f6nau<br \/>\nDr. Markus Racke, DAU GmbH, Bonn<br \/>\nDr. Norbert Hiller, Intechnica Consult GmbH, N\u00fcrnberg<\/li>\n<li><strong>EMAS ist nicht alles \u2013 weitere T\u00e4tigkeitsfelder von Umweltgutachter\/innen <\/strong>[ <a href=\"https:\/\/www.vnu-ev.de\/?s2member_file_download=\/access-s2member-level1\/Aufz\/2016\/160922_03_Jeddeloh.pdf\" target=\"_blank\" rel=\"noopener noreferrer\">Vortrag<\/a> ]<strong><br \/>\n<\/strong>Erfahrungsbericht \u00fcber die Pr\u00fcft\u00e4tigkeiten zum Thema Energie \/ -Management<br \/>\nCarmen Jeddeloh, Uppenkamp + Partner GmbH, Ahaus<\/li>\n<li><strong>Die neue ISO 14001:2015 und Stand der ISO 45001 <\/strong>[ <a href=\"https:\/\/www.vnu-ev.de\/?s2member_file_download=\/access-s2member-level1\/Aufz\/2016\/160922_04_Beganovic.pdf\" target=\"_blank\" rel=\"noopener noreferrer\">Vortrag <\/a>]<br \/>\nErfahrungsbericht zum Umweltmanagement<br \/>\nAusblick zum Arbeits- und Gesundheitsschutzmanagement<br \/>\nTarik Beganovic, DQS GmbH, Frankfurt \/ Main<\/li>\n<li><strong>Expertenhaftung von Umweltgutachter\/innen gegen\u00fcber Dritten <\/strong>[ <a href=\"https:\/\/www.vnu-ev.de\/?s2member_file_download=\/access-s2member-level1\/Aufz\/2016\/160922_VNU_UGT_Artikel_Teil-1_Rack.pdf\">Vortrag Teil 1<\/a> ]\u00a0[\u00a0<a href=\"https:\/\/www.vnu-ev.de\/?s2member_file_download=\/access-s2member-level1\/Aufz\/2016\/160922_VNU_UGT_Artikel_Teil-2_Rack.pdf\">Vortrag Teil 2<\/a>\u00a0]<br \/>\nRisiken bei der Auditierung und Validierung<br \/>\nDr. Manfred Rack, Rack Rechtsanw\u00e4lte, Frankfurt \/ Main<\/li>\n<\/ul>\n<h3><strong>Downloads<\/strong><\/h3>\n<ul>\n<li><a href=\"https:\/\/www.vnu-ev.de\/wp-content\/uploads\/2016\/07\/160922_UGT_Programm.pdf\">Programm<\/a><\/li>\n<li><a href=\"https:\/\/www.vnu-ev.de\/wp-content\/uploads\/2016\/07\/160922_UGT_Anmeldung.pdf\">Anmeldung<\/a> (Fr\u00fchbucherrabatt bis zum 25.08.2016)<\/li>\n<li><a href=\"https:\/\/www.vnu-ev.de\/160922_ugt_anfahrt.pdf\">Anfahrtskizze<\/a><\/li>\n<\/ul>\n","protected":false},"excerpt":{"rendered":"<p>Umweltmanagement &#8211; Quo vadis? &nbsp; Nach der Revision der ISO 14001 zum Umweltmanagement im letzten&#8230; <a class=\"read-more\" href=\"https:\/\/www.vnu-ev.de\/en\/veranstaltungen\/umweltgutachtertag-2016-2\">More<\/a><\/p>\n","protected":false},"author":118,"featured_media":0,"comment_status":"closed","ping_status":"closed","sticky":false,"template":"","format":"standard","meta":{"_acf_changed":false,"footnotes":""},"categories":[229,226],"tags":[85,230,231],"class_list":["post-4514","post","type-post","status-publish","format-standard","hentry","category-umweltgutachtertag","category-veranstaltungen","tag-umweltgutachter","tag-umweltgutachtertag","tag-vnu"],"acf":[],"_links":{"self":[{"href":"https:\/\/www.vnu-ev.de\/en\/wp-json\/wp\/v2\/posts\/4514","targetHints":{"allow":["GET"]}}],"collection":[{"href":"https:\/\/www.vnu-ev.de\/en\/wp-json\/wp\/v2\/posts"}],"about":[{"href":"https:\/\/www.vnu-ev.de\/en\/wp-json\/wp\/v2\/types\/post"}],"author":[{"embeddable":true,"href":"https:\/\/www.vnu-ev.de\/en\/wp-json\/wp\/v2\/users\/118"}],"replies":[{"embeddable":true,"href":"https:\/\/www.vnu-ev.de\/en\/wp-json\/wp\/v2\/comments?post=4514"}],"version-history":[{"count":0,"href":"https:\/\/www.vnu-ev.de\/en\/wp-json\/wp\/v2\/posts\/4514\/revisions"}],"wp:attachment":[{"href":"https:\/\/www.vnu-ev.de\/en\/wp-json\/wp\/v2\/media?parent=4514"}],"wp:term":[{"taxonomy":"category","embeddable":true,"href":"https:\/\/www.vnu-ev.de\/en\/wp-json\/wp\/v2\/categories?post=4514"},{"taxonomy":"post_tag","embeddable":true,"href":"https:\/\/www.vnu-ev.de\/en\/wp-json\/wp\/v2\/tags?post=4514"}],"curies":[{"name":"wp","href":"https:\/\/api.w.org\/{rel}","templated":true}]}}