{"id":4518,"date":"2020-02-21T18:26:41","date_gmt":"2020-02-21T17:26:41","guid":{"rendered":"https:\/\/www.vnu-ev.de\/en\/?p=4518"},"modified":"2020-06-19T09:27:24","modified_gmt":"2020-06-19T07:27:24","slug":"vnu-webinar-191014","status":"publish","type":"post","link":"https:\/\/www.vnu-ev.de\/en\/ressort\/vnu-webinar-191014","title":{"rendered":"VNU Webinar"},"content":{"rendered":"<h2 style=\"text-align: left;\">Termin<\/h2>\n<p style=\"text-align: left;\">14. Oktober 2019<br \/>\n11:00 - 12:00 Uhr (MEZ)<\/p>\n<h2 style=\"text-align: left;\">Referentin<\/h2>\n<p style=\"text-align: left;\">Katja Willeke, DIHK Service GmbH, Berlin<\/p>\n<h2><strong>Klimaschutz \u2013 ja gerne!<\/strong><\/h2>\n<p>In Kooperation mit der Mittelstandsinitiative Energiewende und Klimaschutz veranstaltete der VNU e. V. am 14. Oktober 2019 ein Webinar mit dem Titel \u201e<strong>Klimaschutz \u2013 ja gerne!<\/strong>\u201c, das mit 40 Teilnehmenden erfreulich gute Resonanz fand.<\/p>\n<p>Katja Willeke, Projekt-Referentin in der DIHK Service GmbH, berichtete dabei \u00fcber die mit Industrie- und Handelskammern (IHK) angebotenen M\u00f6glichkeiten der \u201eMittelstandsinitiative Energiewende und Klimaschutz\u201c, die sich an die gewerbliche Wirtschaft richten.<\/p>\n<p>Das Webinar fokussierte zun\u00e4chst auf das\u00a0 \u201e<strong>Klimaschutz-Coaching<\/strong>\u201c, das im kommenden Jahr den Unternehmen kostenfrei von zahlreichen IHKs angeboten wird. Im Coaching erhalten Unternehmen erste Informationen und Impulse rund um die Optimierung des betrieblichen Klimaschutzes und der Umweltleistung.<\/p>\n<p>Relevante Themen sind beispielsweise:<\/p>\n<ol>\n<li>Betrieblicher CO2-Fu\u00dfabdruck &amp; Klimaberichterstattung<\/li>\n<li>Umweltmanagementsysteme \u2013 mit dem Fokus auf EMAS<\/li>\n<li>Digitalisierung und Klimaschutz, z. B. durch SmartMetering<\/li>\n<li>Nachhaltige Mobilit\u00e4t<\/li>\n<\/ol>\n<p>Dar\u00fcber hinaus informieren die IHKs zu F\u00f6rderm\u00f6glichkeiten und Ansprechpartnern f\u00fcr weiterf\u00fchrende Informationen.<\/p>\n<p>Beim Klimaschutz-Coaching wird nachgefragt, wie der aktuelle Stand ist. Wichtig sei, dass es mehr um eine Sensibilisierung sowie eine erste Kontaktaufnahme geht und die Vermittlung erster Beratungs und F\u00f6rderangebote.\u00a0 f\u00fcr Unternehmen.<\/p>\n<p>&nbsp;<\/p>\n<p>Im weiteren Verlauf des Webinars stellte Katja Willeke das Angebot \u201e<strong>Klimaschutz mit System: Umweltmanagement EMAS mit der IHK<\/strong>\u201c vor. Ab dem kommenden Jahr (2020) erhalten Unternehmen die M\u00f6glichkeit, kostenfrei \u00fcber lokale Industrie- und Handelskammern das Umweltmanagementsystem EMAS als m\u00f6gliches Instrument f\u00fcr den Klimaschutz einzuf\u00fchren.<\/p>\n<p>Die F\u00f6rderung umfasst die Beratung in einer Gruppe von bis zu 10 Unternehmen (Konvoi), die gemeinsam an insgesamt 5 Workshops teilnehmen. Die Workshops werden durch erfahrene Berater\/innen begleitet und finden pers\u00f6nlich (regional) statt. Zus\u00e4tzlich bietet der DIHK den teilnehmenden Betrieben kostenfrei eine digitale Plattform f\u00fcr den Austausch &amp; die Vernetzung.<\/p>\n<p>Das Angebot richtet sich an Unternehmen, die ihr Umweltmanagement neu aufsetzen, bisherige Aktivit\u00e4ten vertiefen oder ihr Engagement mit einer EMAS-Validierung belegen m\u00f6chten. In den Workshops kommen unterschiedliche Methoden zum Einsatz, mit denen EMAS systematisch und anschaulich vorgestellt werden und die einen effizienten Start zur Umsetzung im Betrieb erm\u00f6glichen.<\/p>\n<p>W\u00e4hrend des Webinars fragte Frau Willeke selbst beispielsweise nach der Akzeptanz der Methoden EMASeasy und ecomapping. Diese Methode(n) seien auch f\u00fcr gr\u00f6\u00dfere Unternehmen geeignet, wobei eine Erl\u00e4uterung \/ ein Transfer hilfreich ist, so die Antwort der Teilnehmenden. Weiterhin verleiten die Begriffe zur Annahme, dass der Einstieg in EMAS damit besonders leicht sei. Methodisch ist dies \u2013 insbesondere durch die Visualisierung \u2013 zutreffend, l\u00e4sst aber keine Abstriche in der inhaltlichen Qualit\u00e4t zu. Ziel ist fortdauernd, dass EMAS seine Wirkung im Unternehmen entfalten kann und eine Validierung der Umwelterkl\u00e4rung m\u00f6glich wird.<\/p>\n<p>Werden die Referent\/innen der IHKen oder externe Berater\/innen bei den Konvois eingesetzt?<br \/>\nDiese Frage beantwortete Frau Willeke mit der Aussage, dass hier externe Expertise eingesetzt werden soll. Ziel ist es, die Unternehmen effizient und intensiv zu begleiten, um ihnen EMAS vollst\u00e4ndig zu vermitteln und eine Umsetzung so weit als m\u00f6glich im Zeitraum der Workshops anzugehen. Die Auswahl der Berater\/innen obliegt weitgehend der Entscheidung der lokalen IHK.<\/p>\n<p>Frau Willeke verabschiedete sich mit einem herzliche Danksch\u00f6n an die Teilnehmenden und den VNU als Partner dieses Webinars. Ihre Pr\u00e4sentation sowie dieser zusammenfassende Bericht stehen \u00fcber den VNU zur Verf\u00fcgung.<\/p>\n<p>&nbsp;<\/p>\n<p>Die Partner der Mittelstandsinitiative Energiewende und Klimaschutz sind das Bundesministerium f\u00fcr Umwelt, Naturschutz und nukleare Sicherheit (BMU), das Bundesministerium f\u00fcr Wirtschaft und Energie (BMWi), der Deutsche Industrie- und Handelskammertag e. V. (DIHK) und der Zentralverband des Deutschen Handwerks (ZDH). Die im Webinar vorgestellten Projekte \u201e<strong>Klimaschutz mit System: Umweltmanagement EMAS mit der IHK<\/strong>\u201c und <strong>\u201cKlimaschutz-Coaching\u201d<\/strong> sind gef\u00f6rdert durch das BMU.<\/p>\n<p>... als VNU Pressemitteilung<\/p>\n<h2 style=\"text-align: left;\">Download<\/h2>\n<p style=\"text-align: left;\">Eine Aufzeichnung des Webinars ist aus Gr\u00fcnden der aktuellen \u201eProjektreife\u201c leider nicht m\u00f6glich. Die [ <a href=\"https:\/\/www.vnu-ev.de\/?s2member_file_download=\/access-s2member-level1\/Aufz\/2019\/191014_dihk_willeke_webinar.pdf\">Pr\u00e4sentation - Download<\/a> ] von Kataja Willeke steht den Teilnehmenden sowie den VNU Mitgliedern zur Verf\u00fcgung<\/p>\n<h2 style=\"text-align: left;\">Kontakt<\/h2>\n<p style=\"text-align: left;\">Ihre Fragen richten Sie bitte an <a href=\"B.Heimer@vnu-ev.de\">B.Heimer@vnu-ev.de.<\/a><\/p>\n","protected":false},"excerpt":{"rendered":"<p>Termin 14. Oktober 2019 11:00 &#8211; 12:00 Uhr (MEZ) Referentin Katja Willeke, DIHK Service GmbH,&#8230; <a class=\"read-more\" href=\"https:\/\/www.vnu-ev.de\/en\/ressort\/vnu-webinar-191014\">More<\/a><\/p>\n","protected":false},"author":3,"featured_media":0,"comment_status":"closed","ping_status":"closed","sticky":false,"template":"","format":"standard","meta":{"_acf_changed":false,"footnotes":""},"categories":[242,258],"tags":[],"class_list":["post-4518","post","type-post","status-publish","format-standard","hentry","category-ressort","category-webinar"],"acf":[],"_links":{"self":[{"href":"https:\/\/www.vnu-ev.de\/en\/wp-json\/wp\/v2\/posts\/4518","targetHints":{"allow":["GET"]}}],"collection":[{"href":"https:\/\/www.vnu-ev.de\/en\/wp-json\/wp\/v2\/posts"}],"about":[{"href":"https:\/\/www.vnu-ev.de\/en\/wp-json\/wp\/v2\/types\/post"}],"author":[{"embeddable":true,"href":"https:\/\/www.vnu-ev.de\/en\/wp-json\/wp\/v2\/users\/3"}],"replies":[{"embeddable":true,"href":"https:\/\/www.vnu-ev.de\/en\/wp-json\/wp\/v2\/comments?post=4518"}],"version-history":[{"count":6,"href":"https:\/\/www.vnu-ev.de\/en\/wp-json\/wp\/v2\/posts\/4518\/revisions"}],"predecessor-version":[{"id":5087,"href":"https:\/\/www.vnu-ev.de\/en\/wp-json\/wp\/v2\/posts\/4518\/revisions\/5087"}],"wp:attachment":[{"href":"https:\/\/www.vnu-ev.de\/en\/wp-json\/wp\/v2\/media?parent=4518"}],"wp:term":[{"taxonomy":"category","embeddable":true,"href":"https:\/\/www.vnu-ev.de\/en\/wp-json\/wp\/v2\/categories?post=4518"},{"taxonomy":"post_tag","embeddable":true,"href":"https:\/\/www.vnu-ev.de\/en\/wp-json\/wp\/v2\/tags?post=4518"}],"curies":[{"name":"wp","href":"https:\/\/api.w.org\/{rel}","templated":true}]}}