{"id":4537,"date":"2020-02-09T12:52:58","date_gmt":"2020-02-09T11:52:58","guid":{"rendered":"https:\/\/www.vnu-ev.de\/en\/?p=4537"},"modified":"2021-05-14T14:54:19","modified_gmt":"2021-05-14T12:54:19","slug":"vnu-jahrestagung_200626","status":"publish","type":"post","link":"https:\/\/www.vnu-ev.de\/en\/events\/vnu-jahrestagung_200626","title":{"rendered":"VNU Convention 2020"},"content":{"rendered":"<h2><img loading=\"lazy\" decoding=\"async\" class=\"alignleft wp-image-5168 size-medium\" src=\"https:\/\/www.vnu-ev.de\/wp-content\/uploads\/2020\/04\/Zoom_Meeting-300x121.png\" alt=\"\" width=\"300\" height=\"121\" \/><\/h2>\n<h2>VNU Convention 2020 ... goes digital<\/h2>\n<p>In May 2019, the members of the VNU association met for the first time for the annual conference, the new VNU event format. The conference is open only to members and takes into account the frequently expressed wish to have more time for networking and mutual exchange. The first annual conference was enriched by various lectures and workshops. Speakers and participating members expressed their enthusiasm for the new format afterwards. Following on from this positive feedback, we will again hold an annual conference of the VNU this year in order to continue the networking and exchange of information.<\/p>\n<p>With a survey (Survey Monkey) you, our members, voted, evaluated proposed topics and suggested your own contributions. A good response confirmed our approach of being able to contribute to the program and discuss in a mix of lectures and interactive formats - thank you very much for all answers and suggestions.<\/p>\n<p><span style=\"color: #ff0000;\">Due to the ongoing contact and travel restrictions imposed by COVID-19 and our positive experiences from the Environmental and Sustainability Manager Day, the VNU Annual Conference will also be held as a virtual ZOOM meeting including the World Caf\u00e9s.<\/span><\/p>\n<h2>Programme<\/h2>\n<p>as of June, 2nd, 2020<br \/>\n<strong><a href=\"https:\/\/www.vnu-ev.de\/wp-content\/uploads\/2020\/06\/200626_JAT_Programm.pdf\">programme (PDF-Download)<\/a><\/strong><\/p>\n<p><strong><span style=\"color: #ff0000;\">09:15 h<\/span> -Welcome<\/strong><br \/>\nChairman \/ -women and VNU-Board<\/p>\n<p><strong>09:30 h - Lecture<br \/>\nIntegrierte Managementsysteme<br \/>\n<\/strong>Gisbert Braun, Head of Group Sustainability, Martin Bauer Group<\/p>\n<p><strong>10:15 h - Lecture<br \/>\n<\/strong><strong>Betriebliche Berichtspflichten effektiv gestalten<\/strong><br \/>\nBettina Heimer, Unternehmensberatung QUORUM, VNU Vorstand<\/p>\n<p><em>11.00 h - 20 min coffee-break<\/em><\/p>\n<p><strong>11.20 h World-Caf\u00e9s - Session 01<\/strong><br \/>\n(in every of three Sessions we perform all this six topics)<\/p>\n<ol>\n<li style=\"list-style-type: none;\">\n<ol>\n<li>F\u00fchrungskr\u00e4fte gewinnen, motivieren und aktiv einbinden<\/li>\n<li>Management von Energiedaten - Anforderungen der ISO 50001:2018<\/li>\n<li>Anforderungen der 44. BImSchV (mittlere Feuerungsanlagen)<\/li>\n<li>Klimaschutz im kommunalen Kontext<\/li>\n<li>Nachhaltigkeitsberichte: Inhalte und Validierung<\/li>\n<li>Die Bedeutung von Nachhaltigkeit f\u00fcr Berufseinsteiger<\/li>\n<\/ol>\n<\/li>\n<\/ol>\n<p><em>12.00 h - 60 min lunch-break<\/em><\/p>\n<p><strong>13.00 h World-Caf\u00e9s - Session 02<\/strong><\/p>\n<p><em>13.40 h - 10 min coffee-break<\/em><\/p>\n<p><strong>13.50 h World-Caf\u00e9s - Session 03<\/strong><\/p>\n<p><em>14.30 h - 10 min coffee-break<\/em><\/p>\n<p><strong><strong><strong>14.40 h - Flashlight about the results of the World-Caf\u00e9s<\/strong><\/strong><\/strong><\/p>\n<p><strong>15:10 h - Wrap up and goodbye<br \/>\n<\/strong><\/p>\n<h2>Content of the World-Caf\u00e9s<\/h2>\n<ol>\n<li><strong>F\u00fchrungskr\u00e4fte gewinnen, motivieren und aktiv einbinden<\/strong><br \/>\nF\u00fchrungskr\u00e4fte stehen h\u00e4ufig in Spannungsfeldern und Zielkonflikten und m\u00fcssen t\u00e4glich unz\u00e4hlige Entscheidungen treffen. Punkte zur Nachhaltigkeit stehen deshalb oft nicht oben auf der Priorit\u00e4tenliste. Wie man F\u00fchrungskr\u00e4fte dennoch f\u00fcr diese Punkte gewinnen kann, soll in diesem World-Caf\u00e9 genauer betrachtet werden.<br \/>\n<em>Klaus Schuler, Tripl3Leader GmbH, Ressortleitung Wirtschaftsethik<\/em><\/li>\n<li><strong>Management von Energiedaten - Anforderungen der ISO 50001:2018<\/strong><br \/>\nMit der neuen ISO 50001 kommen neue Anforderungen auf Organisationen zu, etwa zum Thema Normalisierung oder zur Verbesserung der energetischen Leistung. Insgesamt m\u00fcssen viele Daten erfasst und ausgewertet werden. Wie man das in der Praxis gut bew\u00e4ltigt, ist Thema dieses World Caf\u00e9s.<br \/>\n<em>Jochen Buser, GUT Cert mbH, Ressortleitung Energie<\/em><\/li>\n<li><strong>Anforderungen der 44. BImSchV (mittlere Feuerungsanlagen)<\/strong><br \/>\nKleine Feuerungsanlagen sind \u00fcber die 1. BImSchV, gro\u00dfe \u00fcber die bundesimmissionsschutzrechtliche Genehmigun, die TA Luft und die 13. BImSchV bereits reguliert. Nun schlie\u00dft der Gesetzgeber die L\u00fccke f\u00fcr Anlagen der mittleren Gr\u00f6\u00dfe. Welche genauen Anforderungen gestellt werden und was sie f\u00fcr die Praxis bedeuten, wird in diesem World-Caf\u00e9s besprochen.<br \/>\n<em>Peter Fischer, Peter Fischer Managementberatung<\/em><\/li>\n<li><strong>Klimaschutz im kommunalen Kontext<\/strong><br \/>\nF\u00fcr Kommunen hat der Klimaschutz auch an Stellenwert gewonnen, aber eine etwas andere Perspektive als f\u00fcr Unternehmen. So stehen Fragen zur Verkehrslenkung und zum \u00d6PNV nur beispielhaft f\u00fcr einige Themen, die hier eine Rolle spielen.<br \/>\n<em>Veit Moosmayer, KEK gGmbH, Regionalleitung EMAS Club S\u00fcdwest<\/em><\/li>\n<li><strong>Nachhaltigkeits- und Klimaschutzthemen bei der EMAS-Validierung<\/strong><br \/>\nWie m\u00fcssen oder k\u00f6nnen die Themen der Nachhaltigkeit in der allgemeinen Berichterstattung oder einer EMAS-Umwelterkl\u00e4rung validiert werden? Welche Qualifikation der Pr\u00fcfer und welche Qualit\u00e4t der Berichte sind wesentlich? Was ist nachpr\u00fcfbar und messbar? Diese Themen stehen im Fokus dieses World-Caf\u00e9s.<br \/>\n<em>Yulia Felker, GUT Certifizierungsgesellschaft f\u00fcr Managementsysteme mbH<\/em><\/li>\n<li><strong>Die Bedeutung von Nachhaltigkeit f\u00fcr Berufseinsteiger<\/strong><br \/>\nNachhaltigkeit steht auf der Agenda vieler Organisationen. F\u00fcr Berufseinsteiger kann das Thema eine ganz besondere Bedeutung haben: Zum einen bei der Auswahl des zuk\u00fcnftigen Arbeitgebers, zum anderen aber auch bez\u00fcglich der eigenen Qualifikation.<br \/>\nWas dies konkret bedeutet und wie man vorgehen kann, wird in diesem World Caf\u00e9s behandelt.<br \/>\n<em>Emmanuel Zinsu<br \/>\n<\/em><\/li>\n<\/ol>\n<h2>Registration<\/h2>\n<p>Precondition for your participation is the membership in VNU e.V. For information or any questions regarding your membership status, please contact the VNU office, which you can reach by phone on +49 700 868 11223 or by email on <a href=\"mailto:vnu@vnu-ev.de\">vnu@vnu-ev.de<\/a>.<\/p>\n<p><a href=\"https:\/\/www.vnu-ev.de\/wp-content\/uploads\/2020\/04\/200626_JAT_Anmeldung.pdf\"><strong>Registration form<\/strong><\/a><\/p>\n<p>Your contacts are Bettina Heimer (<a href=\"mailto:B.Heimer@vnu-ev.de?subject=VNU Jahrestagung 2020\">B.Heimer@vnu-ev.de<\/a>) and Christina Geiger (<a href=\"mailto:C.Geiger@vnu-ev.de?subject=VNU Jahrestagung 2020\">C.Geiger@vnu-ev.de<\/a>)<\/p>\n<p>Information about the use of ZOOM you'll find here: <a href=\"https:\/\/www.vnu-ev.de\/wp-content\/uploads\/2020\/06\/2020_Zoom_VNU.pdf\" target=\"_blank\" rel=\"noopener noreferrer\">VNU Information [ German ]<\/a><\/p>\n","protected":false},"excerpt":{"rendered":"<p>VNU Convention 2020 &#8230; goes digital In May 2019, the members of the VNU association&#8230; <a class=\"read-more\" href=\"https:\/\/www.vnu-ev.de\/en\/events\/vnu-jahrestagung_200626\">More<\/a><\/p>\n","protected":false},"author":9,"featured_media":0,"comment_status":"closed","ping_status":"closed","sticky":false,"template":"","format":"standard","meta":{"_acf_changed":false,"footnotes":""},"categories":[270,9,1],"tags":[],"class_list":["post-4537","post","type-post","status-publish","format-standard","hentry","category-jahrestagung","category-top-event","category-events"],"acf":[],"_links":{"self":[{"href":"https:\/\/www.vnu-ev.de\/en\/wp-json\/wp\/v2\/posts\/4537","targetHints":{"allow":["GET"]}}],"collection":[{"href":"https:\/\/www.vnu-ev.de\/en\/wp-json\/wp\/v2\/posts"}],"about":[{"href":"https:\/\/www.vnu-ev.de\/en\/wp-json\/wp\/v2\/types\/post"}],"author":[{"embeddable":true,"href":"https:\/\/www.vnu-ev.de\/en\/wp-json\/wp\/v2\/users\/9"}],"replies":[{"embeddable":true,"href":"https:\/\/www.vnu-ev.de\/en\/wp-json\/wp\/v2\/comments?post=4537"}],"version-history":[{"count":16,"href":"https:\/\/www.vnu-ev.de\/en\/wp-json\/wp\/v2\/posts\/4537\/revisions"}],"predecessor-version":[{"id":5090,"href":"https:\/\/www.vnu-ev.de\/en\/wp-json\/wp\/v2\/posts\/4537\/revisions\/5090"}],"wp:attachment":[{"href":"https:\/\/www.vnu-ev.de\/en\/wp-json\/wp\/v2\/media?parent=4537"}],"wp:term":[{"taxonomy":"category","embeddable":true,"href":"https:\/\/www.vnu-ev.de\/en\/wp-json\/wp\/v2\/categories?post=4537"},{"taxonomy":"post_tag","embeddable":true,"href":"https:\/\/www.vnu-ev.de\/en\/wp-json\/wp\/v2\/tags?post=4537"}],"curies":[{"name":"wp","href":"https:\/\/api.w.org\/{rel}","templated":true}]}}