{"id":5105,"date":"2020-07-07T07:15:38","date_gmt":"2020-07-07T05:15:38","guid":{"rendered":"https:\/\/www.vnu-ev.de\/en\/?p=5105"},"modified":"2020-10-16T16:46:55","modified_gmt":"2020-10-16T14:46:55","slug":"umweltgutachtertag-2020","status":"publish","type":"post","link":"https:\/\/www.vnu-ev.de\/en\/events\/umweltgutachtertag-2020","title":{"rendered":"Environmental Verifier Day 2020"},"content":{"rendered":"<h3><img loading=\"lazy\" decoding=\"async\" class=\"alignnone wp-image-916\" src=\"https:\/\/www.vnu-ev.de\/wp-content\/uploads\/2016\/10\/VNU_Logo_300_px_gro\u00df-e1493302837619.jpg\" alt=\"VNU e.V.\" width=\"259\" height=\"180\" \/><\/h3>\n<h2><strong>Environmental Management systems in motion<\/strong><\/h2>\n<h3><strong>An event for environmental verifiers, certifiers and users<\/strong><\/h3>\n<p>Knowledge transfer and exchange of experience on the topics of environmental and sustainability management were, as always, the focus of the VNU Environmental Verifier Day, to which we cordially invited on September, 17th , 2020 from 10:00 a.m. Due to the continuing restrictions on contacts, the event took place as a virtual conference (ZOOM meeting).<\/p>\n<h2><strong>Program<\/strong><\/h2>\n<p><a href=\"https:\/\/www.vnu-ev.de\/wp-content\/uploads\/2020\/09\/200917_UGT_Programm.pdf\" target=\"_blank\" rel=\"noopener noreferrer\">Programm-Download<\/a><\/p>\n<p>09:15 Uhr<br \/>\nOnline \/ Registrierung<\/p>\n<p><strong>10:00 Uhr<br \/>\nBegr\u00fc\u00dfung<\/strong><br \/>\nSascha Klapproth, BMU<br \/>\nLennart Schleicher, Vorstandsvorsitzender, VNU e. V.<\/p>\n<p><strong>10:10 Uhr<br \/>\nGru\u00dfwort des BMU anl\u00e4\u00dflich 25 Jahre EMAS und 20 Jahre VNU e. V.<br \/>\n<\/strong>Annette Schmidt-R\u00e4ntsch, Referat G I 4, BMU<strong><br \/>\n<\/strong><\/p>\n<p><strong>10:20 Uhr<br \/>\n<\/strong><strong>EMAS aktuell <\/strong><\/p>\n<p style=\"padding-left: 40px;\"><strong>Validierungen im Kontext von Kontaktbeschr\u00e4nkungen und Lock-Down<br \/>\n<\/strong>Dr. Markus Racke, DAU GmbH<\/p>\n<p style=\"padding-left: 40px;\"><strong>Die neue Fachkunderichtlinie des UGA [\u00a0<a href=\"https:\/\/www.vnu-ev.de\/?s2member_file_download=\/access-s2member-level1\/Aufz\/2020\/200917_UGT_Zertifizierung-Nachhaltigkeit-Grantner.pdf\" target=\"_blank\" rel=\"noopener noreferrer\">Presentation<\/a>\u00a0]<br \/>\n<\/strong>Thorsten Grantner, AG ZPS im UGA<\/p>\n<p><strong>10:50 Uhr<br \/>\nFragen und Diskussion zur Zulassung, Validierung und Aufsicht<br \/>\n<\/strong>alle Anwesenden - bitte reichen Sie Ihre Fragen vorab ein<strong><br \/>\n<\/strong><\/p>\n<p><strong>11:30 Uhr<br \/>\nEMAS Regulation Through the Lens of Academic Research [\u00a0<a href=\"https:\/\/www.vnu-ev.de\/?s2member_file_download=\/access-s2member-level1\/Aufz\/2020\/200917_UGT_EMAS-Regulation_academic_research_Daddi.pdf\" target=\"_blank\" rel=\"noopener noreferrer\">Presentation<\/a>\u00a0]<br \/>\n<\/strong>Dr. Tiberio Daddi, Sant\u2019Anna-Hochschule, Pisa<strong><br \/>\n<\/strong><\/p>\n<p>12:15 Uhr<br \/>\nMittagspause<\/p>\n<p><strong>13:15 Uhr<br \/>\nNachhaltigkeitsthemen validieren \u00a0[\u00a0<a href=\"https:\/\/www.vnu-ev.de\/?s2member_file_download=\/access-s2member-level1\/Aufz\/2020\/200917_Nachhaltigkeitsbericht_DNK_EMAS_Heimer.pdf\" target=\"_blank\" rel=\"noopener noreferrer\">Presentation and results of the discussion<\/a>\u00a0]<br \/>\n<\/strong>Moderierte Diskussion mit den Anwesenden am Beispiel der DNK-Erkl\u00e4rung<\/p>\n<p><strong>14:00 Uhr<br \/>\n<\/strong><\/p>\n<p><strong>Das Umweltrecht wird europ\u00e4ischer \u2013 was bedeutet dies f\u00fcr Recht und Praxis? [\u00a0<a href=\"https:\/\/www.vnu-ev.de\/?s2member_file_download=\/access-s2member-level1\/Aufz\/2020\/200917_UGT_Umweltrecht_Europaeisierung_RA-Dohmen.pdf\" target=\"_blank\" rel=\"noopener noreferrer\">Presentation<\/a>\u00a0]<br \/>\n<\/strong>Wie Wasserrahmenrichtlinie, Luftqualit\u00e4tsrichtlinie oder NEC-Richtlinie dem deutschen Umweltrecht eine neue Herangehensweise hinzuf\u00fcgen und was dies f\u00fcr die Praxis bedeutet.<br \/>\nDr. Alexander Dohmen, Koop-Assenmacher &amp; Nusser Partnerschaft von Rechtsanw\u00e4lten mbH<\/p>\n<p>14:45 Uhr<br \/>\nPause<\/p>\n<p><strong>15:15 Uhr<br \/>\nPodium - 25 Jahre EMAS und Umweltgutachter-\/innen, 20 Jahre VNU e. V.<\/strong><\/p>\n<p style=\"padding-left: 40px;\">Umweltgutachter-\/in und Umweltgutachterorganisation<br \/>\nUmweltgutachterausschuss<br \/>\nEMAS Teilnehmende \/ Awardtr\u00e4ger<br \/>\nVNU Vorsitzende \/ Akteure<\/p>\n<p><strong>16:15 Uhr<\/strong><br \/>\n<strong>Abschluss und Verabschiedung<\/strong><\/p>\n<h2 style=\"text-align: left;\"><strong>Recording<\/strong><\/h2>\n<p>VNU members can view the released recordings <a href=\"https:\/\/www.vnu-ev.de\/?s2member_file_download=\/access-s2member-level1\/Aufz\/2020\/200917_UGT_Programm_Aufzeichnungen.pdf\"><strong>here<\/strong><\/a>. The presentations were recorded; the discussions were not recorded for data protection reasons. If you have any questions regarding the download, please contact the VNU office (vnu@vnu-ev.de).<\/p>\n","protected":false},"excerpt":{"rendered":"<p>Environmental Management systems in motion An event for environmental verifiers, certifiers and users Knowledge transfer&#8230; <a class=\"read-more\" href=\"https:\/\/www.vnu-ev.de\/en\/events\/umweltgutachtertag-2020\">More<\/a><\/p>\n","protected":false},"author":3,"featured_media":0,"comment_status":"closed","ping_status":"closed","sticky":false,"template":"","format":"standard","meta":{"_acf_changed":false,"footnotes":""},"categories":[9,1],"tags":[],"class_list":["post-5105","post","type-post","status-publish","format-standard","hentry","category-top-event","category-events"],"acf":[],"_links":{"self":[{"href":"https:\/\/www.vnu-ev.de\/en\/wp-json\/wp\/v2\/posts\/5105","targetHints":{"allow":["GET"]}}],"collection":[{"href":"https:\/\/www.vnu-ev.de\/en\/wp-json\/wp\/v2\/posts"}],"about":[{"href":"https:\/\/www.vnu-ev.de\/en\/wp-json\/wp\/v2\/types\/post"}],"author":[{"embeddable":true,"href":"https:\/\/www.vnu-ev.de\/en\/wp-json\/wp\/v2\/users\/3"}],"replies":[{"embeddable":true,"href":"https:\/\/www.vnu-ev.de\/en\/wp-json\/wp\/v2\/comments?post=5105"}],"version-history":[{"count":20,"href":"https:\/\/www.vnu-ev.de\/en\/wp-json\/wp\/v2\/posts\/5105\/revisions"}],"predecessor-version":[{"id":5274,"href":"https:\/\/www.vnu-ev.de\/en\/wp-json\/wp\/v2\/posts\/5105\/revisions\/5274"}],"wp:attachment":[{"href":"https:\/\/www.vnu-ev.de\/en\/wp-json\/wp\/v2\/media?parent=5105"}],"wp:term":[{"taxonomy":"category","embeddable":true,"href":"https:\/\/www.vnu-ev.de\/en\/wp-json\/wp\/v2\/categories?post=5105"},{"taxonomy":"post_tag","embeddable":true,"href":"https:\/\/www.vnu-ev.de\/en\/wp-json\/wp\/v2\/tags?post=5105"}],"curies":[{"name":"wp","href":"https:\/\/api.w.org\/{rel}","templated":true}]}}