{"id":5263,"date":"2020-10-16T09:55:10","date_gmt":"2020-10-16T07:55:10","guid":{"rendered":"https:\/\/www.vnu-ev.de\/en\/?p=5263"},"modified":"2020-11-12T15:33:41","modified_gmt":"2020-11-12T14:33:41","slug":"ece-webinar-201109","status":"publish","type":"post","link":"https:\/\/www.vnu-ev.de\/en\/events\/ece-webinar-201109","title":{"rendered":"EMAS Club Europe &#8211; virtuelles Treffen"},"content":{"rendered":"<h2>Aus der Praxis f\u00fcr die Praxis:<\/h2>\n<p>Diskutieren Sie \u00fcber alle Themen einer\/eines Umwelt(management)beauftragten! Fragen Sie Ihre Kolleginnen und Kollegen, den VNU und den Umweltgutachter!<\/p>\n<h2>Termin<\/h2>\n<p>9. November 2020<br \/>\n10:00 - 14:45 Uhr<\/p>\n<h2>Themen<\/h2>\n<p style=\"padding-left: 40px;\"><strong>10:00 - 11:00 Uhr<br \/>\nBegr\u00fc\u00dfung<\/strong><em><br \/>\nDr. Heinz Herzog, EMAS Club Regionalleiter Rhein-Ruhr<\/em><strong><br \/>\nNationales Brennstoffemissionshandelsgesetz<br \/>\n<\/strong>Ab 1. Januar 2021 gilt das neue Brennstoffemissionshandelsgesetz,<br \/>\ndessen \u00c4nderung erst vor wenigen Tagen beschlossen worden sind.<br \/>\nDer Kreis der Betroffenen ist viel gr\u00f6\u00dfer als urspr\u00fcnglich angenommen.<strong><br \/>\n<\/strong><em>David Kroll,\u00a0GUT Certifizierungsgesellschaft f\u00fcr Managementsysteme mbH<\/em><\/p>\n<p style=\"padding-left: 40px;\"><strong>11:15 - 12:00 Uhr<br \/>\nAktuelle Entwicklungen von EMAS<br \/>\n<\/strong>Neuigkeiten aus der EU-Kommission, dem BMU und UGA<strong><br \/>\n<\/strong><i>Mario Lodigiani,\u00a0Gesch\u00e4ftsstelle des Umweltgutachterausschusses<br \/>\n<\/i><strong>EU Taxonomie-Verordnung<br \/>\n<\/strong>Die neue Verordnung soll Investoren ein besseres Bild geben, wie \u201egr\u00fcn\u201c die Aktivit\u00e4ten eines Unternehmens sind.<br \/>\nF\u00fcr EMAS, Umweltgutachter und EMAS-Anwender kann die Verordnung interessante Chancen bieten.<strong><br \/>\n<\/strong><i>Lennart Schleicher, VNU-Vorsitzender, EMAS Club Regionalleiter S\u00fcdost<\/i><strong><br \/>\n<\/strong><\/p>\n<p style=\"padding-left: 40px;\"><strong>13:30 - 14:15 Uhr<br \/>\nAbfallrecht und REACH \u2013 SCIP-Datenbank<br \/>\n<\/strong>Zur Verbesserung der Umwelt und der Nachhaltigkeit geh\u00f6rt auch die stoffliche Verwertung.<br \/>\nDiese ist aber nur m\u00f6glich ohne oder nur mit geringem Anteil an SVHC-Kandidatenstoffen.<br \/>\n<em>Dr. Heinz Herzog, EMAS Club Regionalleiter Rhein-Ruhr<\/em><\/p>\n<p style=\"padding-left: 40px;\"><strong>14:15 - 14:45 Uhr<br \/>\nOffener Austausch mit Fragen der Teilnehmer<br \/>\n<\/strong><i>Moderation: Lennart Schleicher, VNU-Vorsitzender, EMAS Club Regionalleiter S\u00fcdost<\/i><\/p>\n<h2>Anmeldeinformationen<\/h2>\n<p>Voraussetzung f\u00fcr die Teilnahme an dem virtuellen Treffen des EMAS Club Europe ist eine bestehende oder anstehende EMAS-Registrierung des repr\u00e4sentierten Unternehmens.<br \/>\nNicht-Mitglieder werden gebeten, das Anmeldeformular auszuf\u00fcllen und an die VNU Gesch\u00e4ftsstelle (<a href=\"mailto:vnu@vnu-ev.de\">vnu@vnu-ev.de<\/a>) zu senden.<\/p>\n<p><a href=\"https:\/\/www.vnu-ev.de\/wp-content\/uploads\/2020\/10\/201109_ECE_Webinar_Anmeldeformular.pdf\"><strong>Anmeldeformular<\/strong><\/a><\/p>\n<h2>\u00dcber dieses Angebot<\/h2>\n<p>Die Teilnehmer erhalten nach dem virtuellen Treffen die freigegebenen Vortr\u00e4ge.<br \/>\nVNU-Mitglieder k\u00f6nnen die freigegebenen Vortr\u00e4ge von der VNU Homepage downloaden.<\/p>\n<p>Haben Sie W\u00fcnsche zu aktuellen Themen und Fragen zu EMAS und zum Umweltmanagement, die bei\u00a0einem Treffen des EMAS Club Europe angesprochen werden sollten? Wenden Sie sich bitte an die VNU Gesch\u00e4ftsstelle (<a href=\"mailto:vnu@vnu-ev.de\">vnu@vnu-ev.de<\/a>).<\/p>\n<p>Mehr \u00fcber den EMAS Club Europe finden sie hier:\u00a0<a href=\"https:\/\/www.vnu-ev.de\/emas-club-europe\" target=\"_blank\" rel=\"noopener noreferrer\">EMAS Club Europe<br \/>\n<\/a>Mehr \u00fcber eine VNU Mitgliedschaft finden Sie hier:\u00a0<a href=\"https:\/\/www.vnu-ev.de\/ueber-uns\/mitglied-werden\" target=\"_blank\" rel=\"noopener noreferrer\">Mitglied werden<\/a><\/p>\n","protected":false},"excerpt":{"rendered":"<p>Aus der Praxis f\u00fcr die Praxis: Diskutieren Sie \u00fcber alle Themen einer\/eines Umwelt(management)beauftragten! Fragen Sie&#8230; <a class=\"read-more\" href=\"https:\/\/www.vnu-ev.de\/en\/events\/ece-webinar-201109\">More<\/a><\/p>\n","protected":false},"author":9,"featured_media":0,"comment_status":"closed","ping_status":"closed","sticky":false,"template":"","format":"standard","meta":{"_acf_changed":false,"footnotes":""},"categories":[1],"tags":[],"class_list":["post-5263","post","type-post","status-publish","format-standard","hentry","category-events"],"acf":[],"_links":{"self":[{"href":"https:\/\/www.vnu-ev.de\/en\/wp-json\/wp\/v2\/posts\/5263","targetHints":{"allow":["GET"]}}],"collection":[{"href":"https:\/\/www.vnu-ev.de\/en\/wp-json\/wp\/v2\/posts"}],"about":[{"href":"https:\/\/www.vnu-ev.de\/en\/wp-json\/wp\/v2\/types\/post"}],"author":[{"embeddable":true,"href":"https:\/\/www.vnu-ev.de\/en\/wp-json\/wp\/v2\/users\/9"}],"replies":[{"embeddable":true,"href":"https:\/\/www.vnu-ev.de\/en\/wp-json\/wp\/v2\/comments?post=5263"}],"version-history":[{"count":1,"href":"https:\/\/www.vnu-ev.de\/en\/wp-json\/wp\/v2\/posts\/5263\/revisions"}],"predecessor-version":[{"id":5264,"href":"https:\/\/www.vnu-ev.de\/en\/wp-json\/wp\/v2\/posts\/5263\/revisions\/5264"}],"wp:attachment":[{"href":"https:\/\/www.vnu-ev.de\/en\/wp-json\/wp\/v2\/media?parent=5263"}],"wp:term":[{"taxonomy":"category","embeddable":true,"href":"https:\/\/www.vnu-ev.de\/en\/wp-json\/wp\/v2\/categories?post=5263"},{"taxonomy":"post_tag","embeddable":true,"href":"https:\/\/www.vnu-ev.de\/en\/wp-json\/wp\/v2\/tags?post=5263"}],"curies":[{"name":"wp","href":"https:\/\/api.w.org\/{rel}","templated":true}]}}