{"id":5364,"date":"2021-05-14T14:47:08","date_gmt":"2021-05-14T12:47:08","guid":{"rendered":"https:\/\/www.vnu-ev.de\/en\/?p=5364"},"modified":"2021-08-13T08:37:20","modified_gmt":"2021-08-13T06:37:20","slug":"vnu-jahrestagung-2021","status":"publish","type":"post","link":"https:\/\/www.vnu-ev.de\/en\/events\/vnu-jahrestagung-2021","title":{"rendered":"VNU Annual Forum 2021"},"content":{"rendered":"<h2><img loading=\"lazy\" decoding=\"async\" class=\"alignleft wp-image-5168 size-medium\" src=\"https:\/\/www.vnu-ev.de\/wp-content\/uploads\/2020\/04\/Zoom_Meeting-300x121.png\" alt=\"\" width=\"300\" height=\"121\" \/><\/h2>\n<h2>VNU-Annual Forum 2021 ... digital again<\/h2>\n<p>Since May 2019, the association members have been meeting for the VNU Annual Conference, a still young event format \" from members for members\".<\/p>\n<p>The conference is only open to members and takes into account the frequently expressed wish to have more time for networking and joint exchange. The first annual conference was enriched by various lectures and workshops. Speakers and participating members expressed their pleasure afterwards. Based on the positive feedback, the VNU will continue the annual conference in this form.<\/p>\n<p>As in the previous year, VNU members were able to submit their suggestions for topics and propose their own contributions in a survey.\u00a0 The VNU would like to thank all members for their answers and suggestions. Due to the unfortunately ongoing contact and travel restrictions by COVID-19 as well as the good experiences with virtual events, the VNU annual meeting will again take place virtually (ZOOM meeting).<\/p>\n<p>The annual conference will be held in German.<\/p>\n<h2>Programme<\/h2>\n<p><strong><a href=\"https:\/\/www.vnu-ev.de\/wp-content\/uploads\/2021\/05\/210621_JAT_Programm.pdf\" target=\"_blank\" rel=\"noopener\">Programme as a PDF-Download<\/a><\/strong><\/p>\n<p><strong>12:45 Uhr - Welcome <\/strong><br \/>\nVNU-Board<\/p>\n<hr \/>\n<p><strong>13:00 Uhr - lecture<br \/>\n<\/strong><strong>Klimastrategie und Kompensation<br \/>\n<\/strong>Stephan Schunkert, Gesch\u00e4ftsf\u00fchrung KlimAktiv gGmbH, VNU Ressortleitung Klimaschutz<\/p>\n<hr \/>\n<p><strong>13:40 Uhr - Introduction to the World-Caf\u00e9s<\/strong><br \/>\nSie k\u00f6nnen an 2 von 5 World-Caf\u00e9s aktiv teilnehmen und erfahren bei der Zusammenfassung die Ergebnisse aus allen Gruppen.<\/p>\n<p><strong>13:45 Uhr - World-Caf\u00e9s - Session 1<br \/>\n<\/strong>(in beiden Sessions k\u00f6nnen - je nach Ihrer Resonanz - alle Themen angeboten werden)<\/p>\n<ol>\n<li>Herausforderungen und Ans\u00e4tze zum Lieferkettengesetz<\/li>\n<li>Nachhaltigkeit durch Indikatoren messbar machen<\/li>\n<li>Anforderungen der neuen TRGS 510 zur Lagerung von Gefahrstoffen<\/li>\n<li>Aktives und erfolgreiches Stakeholder-Management<\/li>\n<li>Erfahrungen mit der Klimabilanzierung<\/li>\n<\/ol>\n<p>&nbsp;<\/p>\n<p><em>14:35 Uhr - 5 min. change-break<\/em><strong><br \/>\n<\/strong><\/p>\n<p><strong>14:40 Uhr - World-Caf\u00e9s - Session 2<br \/>\n<\/strong><\/p>\n<p><em>15<\/em><em>:30 Uhr - 30 min. \"big\" coffee-break (Conclusion of the results)<br \/>\n<\/em><\/p>\n<p><strong>16:00 Uhr - Flashlight about the results of all World-Caf\u00e9s<br \/>\n<\/strong>Moderators of World-Caf\u00e9s <strong><br \/>\n<\/strong><\/p>\n<hr \/>\n<p><strong>16:30 Uhr - lecture<br \/>\nMobilit\u00e4tskonzepte in der Praxis<br \/>\n<\/strong>(angefragt) Felix Wiesenberger, Energieagentur Ebersberg-M\u00fcnchen gGmbH<\/p>\n<hr \/>\n<p><strong>17:10 Uhr<\/strong><br \/>\n<strong>Feedback and goodbye <\/strong>(end at about 17:10 h)<strong><br \/>\n<\/strong><\/p>\n<h2><span style=\"color: #112288;\">Registration<\/span><\/h2>\n<p>A fee of EUR 60.00 (net) will be charged for participation in the annual conference.<br \/>\n<a href=\"https:\/\/www.vnu-ev.de\/wp-content\/uploads\/2021\/05\/210621_MV_JAT_Anmeldung.pdf\" target=\"_blank\" rel=\"noopener noreferrer\">registration form<\/a><\/p>\n<h2><span style=\"color: #112288;\">Content of the World-Caf\u00e9s<\/span><\/h2>\n<p>Durch die Kombination mit der diesj\u00e4hrigen Mitgliederversammlung am Vormittag, haben wir den Zeitplan an diese Gegebenheiten angepasst. Sie k\u00f6nnen daher in jeder der beiden Sessions an je einem World-Caf\u00e9 teilnehmen und damit die beiden, f\u00fcr Sie wichtigsten Themenangebote, ausw\u00e4hlen und nutzen.<\/p>\n<p><strong>(1) Herausforderungen und Ans\u00e4tze zum Lieferkettengesetz <\/strong><br \/>\nDas Lieferkettengesetz befasst sich \u2013 wie die Vereinbarungen in anderen L\u00e4ndern auch \u2013 mit den Sorgfaltspflichten der Wirtschaft f\u00fcr Menschenrechte. Welche Aspekte beispielsweise in der Lieferkette betrachtet werden sollten und wie eine Umsetzung in der Praxis gestaltet werden kann, sind das Thema dieses World-Caf\u00e9s.<br \/>\n<em>Gisbert Braun, Head of Group Sustainability, Martin Bauer Group<\/em><\/p>\n<p><strong>(2) Nachhaltigkeit durch Indikatoren messbar machen <\/strong><br \/>\nDie Erhebung und Nutzung von Kennzahlen im Nachhaltigkeitsmanagement unterscheidet sich vom klassischen Qualit\u00e4ts-, Energie- und Umweltmanagement. Wie lassen sich Gesch\u00e4ftsrisiken und Transformationen steuern, wie geht man mit sozialen Themen um, und muss wirklich alles monetarisiert werden? Dar\u00fcber diskutieren wir \u2026<br \/>\n<em>Marvin Schulze-Quester, Senior Consultant Sustainability Management, Quentic GmbH<\/em><\/p>\n<p><strong>(3) Anforderungen der neuen TRGS 510 zur Lagerung von Gefahrstoffen <\/strong><br \/>\nBei der Lagerung von Gefahrstoffen in ortsbeweglichen Beh\u00e4ltern sind Gefahrenpotenziale der Gefahrstoffe selbst, deren bevorratete Menge und die Gefahren durch eine Zusammenlagerung zu beachten. Die zugeh\u00f6rige TRGS 510 wurde k\u00fcrzlich \u00fcberarbeitet und Sie tauschen sich im World-Caf\u00e9 \u00fcber (neue) Anforderungen aus.<br \/>\n<em>Dr. Birgit Gieren, Inhaberin U.M.S.CON, VNU Ressortleitung Umweltmanagement<\/em><\/p>\n<p><strong>(4) Aktives und erfolgreiches Stakeholder-Management <\/strong><br \/>\nWelche (internen und externen) Anspruchsgruppen sind f\u00fcr ein Unternehmen wichtig. Wie erkennt man deren Erwartungen und wie kann bzw. will eine Organisation diesen Dialog konstruktiv und wertvoll gestalten? Ein Thema, das nicht nur f\u00fcr die ISO-Zertifizierungen von Belang ist und \u00fcber das wir gemeinsam diskutieren werden.<br \/>\n<em>Frank Sprenger, Gesch\u00e4ftsf\u00fchrer, fors GmbH <\/em><\/p>\n<p><strong>(5) Erfahrungen mit der Klimabilanzierung <\/strong><br \/>\nEine Klimabilanz (CO<sub>2<\/sub>-Bilanz) ist die Basis f\u00fcr den Klimaschutz, da sie die Treibhausgasemissionen messbar macht, die durch Aktivit\u00e4ten eines Unternehmens, einer Dienstleistung oder eines Produkts verursacht werden. In diesem World-Caf\u00e9 sprechen wir \u00fcber Erfahrungen bei der Abgrenzung, m\u00f6gliche Tools sowie Tipps und Tricks.<br \/>\n<em>Stephan Schunkert, Gesch\u00e4ftsf\u00fchrung KlimAktiv gGmbH, VNU Ressortleitung Klimaschutz<\/em><\/p>\n","protected":false},"excerpt":{"rendered":"<p>VNU-Annual Forum 2021 &#8230; digital again Since May 2019, the association members have been meeting&#8230; <a class=\"read-more\" href=\"https:\/\/www.vnu-ev.de\/en\/events\/vnu-jahrestagung-2021\">More<\/a><\/p>\n","protected":false},"author":3,"featured_media":0,"comment_status":"closed","ping_status":"closed","sticky":false,"template":"","format":"standard","meta":{"_acf_changed":false,"footnotes":""},"categories":[270,9,1],"tags":[],"class_list":["post-5364","post","type-post","status-publish","format-standard","hentry","category-jahrestagung","category-top-event","category-events"],"acf":[],"_links":{"self":[{"href":"https:\/\/www.vnu-ev.de\/en\/wp-json\/wp\/v2\/posts\/5364","targetHints":{"allow":["GET"]}}],"collection":[{"href":"https:\/\/www.vnu-ev.de\/en\/wp-json\/wp\/v2\/posts"}],"about":[{"href":"https:\/\/www.vnu-ev.de\/en\/wp-json\/wp\/v2\/types\/post"}],"author":[{"embeddable":true,"href":"https:\/\/www.vnu-ev.de\/en\/wp-json\/wp\/v2\/users\/3"}],"replies":[{"embeddable":true,"href":"https:\/\/www.vnu-ev.de\/en\/wp-json\/wp\/v2\/comments?post=5364"}],"version-history":[{"count":10,"href":"https:\/\/www.vnu-ev.de\/en\/wp-json\/wp\/v2\/posts\/5364\/revisions"}],"predecessor-version":[{"id":5387,"href":"https:\/\/www.vnu-ev.de\/en\/wp-json\/wp\/v2\/posts\/5364\/revisions\/5387"}],"wp:attachment":[{"href":"https:\/\/www.vnu-ev.de\/en\/wp-json\/wp\/v2\/media?parent=5364"}],"wp:term":[{"taxonomy":"category","embeddable":true,"href":"https:\/\/www.vnu-ev.de\/en\/wp-json\/wp\/v2\/categories?post=5364"},{"taxonomy":"post_tag","embeddable":true,"href":"https:\/\/www.vnu-ev.de\/en\/wp-json\/wp\/v2\/tags?post=5364"}],"curies":[{"name":"wp","href":"https:\/\/api.w.org\/{rel}","templated":true}]}}