{"id":5403,"date":"2021-06-25T21:28:06","date_gmt":"2021-06-25T19:28:06","guid":{"rendered":"https:\/\/www.vnu-ev.de\/en\/?p=5403"},"modified":"2021-11-29T09:16:05","modified_gmt":"2021-11-29T08:16:05","slug":"deutscher-umweltmanagement-preis-2021","status":"publish","type":"post","link":"https:\/\/www.vnu-ev.de\/en\/events\/deutscher-umweltmanagement-preis-2021","title":{"rendered":"German Environmental Management Award"},"content":{"rendered":"<p><span style=\"color: #112288;\"><strong><img loading=\"lazy\" decoding=\"async\" class=\"alignnone wp-image-6336 size-thumbnail\" src=\"https:\/\/www.vnu-ev.de\/wp-content\/uploads\/2021\/11\/UMP_Pokal-150x150.jpg\" alt=\"Pokal - Deutscher Umweltmanagement Preis 2021\" width=\"150\" height=\"150\" srcset=\"https:\/\/www.vnu-ev.de\/en\/wp-content\/uploads\/2021\/11\/UMP_Pokal-150x150.jpg 150w, https:\/\/www.vnu-ev.de\/en\/wp-content\/uploads\/2021\/11\/UMP_Pokal-300x300.jpg 300w, https:\/\/www.vnu-ev.de\/en\/wp-content\/uploads\/2021\/11\/UMP_Pokal-500x500.jpg 500w, https:\/\/www.vnu-ev.de\/en\/wp-content\/uploads\/2021\/11\/UMP_Pokal-400x400.jpg 400w, https:\/\/www.vnu-ev.de\/en\/wp-content\/uploads\/2021\/11\/UMP_Pokal.jpg 945w\" sizes=\"auto, (max-width: 150px) 100vw, 150px\" \/> \u00a0 <img loading=\"lazy\" decoding=\"async\" class=\"alignnone wp-image-6330 size-thumbnail\" src=\"https:\/\/www.vnu-ev.de\/wp-content\/uploads\/2021\/11\/UMB_Schulze-150x150.jpg\" alt=\"Preisverleihung durch Frau Ministerin Swenja Schulze\" width=\"150\" height=\"150\" srcset=\"https:\/\/www.vnu-ev.de\/en\/wp-content\/uploads\/2021\/11\/UMB_Schulze-150x150.jpg 150w, https:\/\/www.vnu-ev.de\/en\/wp-content\/uploads\/2021\/11\/UMB_Schulze-300x300.jpg 300w, https:\/\/www.vnu-ev.de\/en\/wp-content\/uploads\/2021\/11\/UMB_Schulze-500x500.jpg 500w, https:\/\/www.vnu-ev.de\/en\/wp-content\/uploads\/2021\/11\/UMB_Schulze-400x400.jpg 400w, https:\/\/www.vnu-ev.de\/en\/wp-content\/uploads\/2021\/11\/UMB_Schulze.jpg 945w\" sizes=\"auto, (max-width: 150px) 100vw, 150px\" \/><br \/>\n<\/strong><\/span><\/p>\n<p><span style=\"color: #112288;\"><strong>Minister Svenja Schulze handed over a total of 5 awards<\/strong><\/span><\/p>\n<p>For the first time, the German Chambers of Industry and Commerce (DIHK), the German Federal Ministry for the Environment, Nature Conservation and Nuclear Safety (BMU), the Association for Sustainability and Eco-Management Professionals e. V. (VNU) and the German EMAS Advisory Board (UGA) jointly present the German Environmental Management Award, honouring outstanding achievements in climate and environmental protection and environmental communication.<\/p>\n<p>A total of 78 proposals were submitted, of which 13 activities from a sum of 12 companies were nominated for the award in three categories. The Association for Sustainability and Eco-Management Professionals e. V. was actively involved in the awarding through Anna-Katharina Zubrod (jury - best environmental statement) and Stephan Schunkert (jury - best climate protection activity). The VNU congratulates all winners for their engagement and the recognition by the German Environmental Management Award 2021.<\/p>\n<h2>Three Categories<\/h2>\n<h3>Category 1: Best environmental protection activity<\/h3>\n<p>Awards were given for environmental care and sustainability activities and projects that have already been implemented and evaluated within the framework of environmental management to improve the environmental performance of an organisation's processes, products or services - or across organisations.<\/p>\n<p><img loading=\"lazy\" decoding=\"async\" class=\"alignnone size-medium wp-image-6332\" src=\"https:\/\/www.vnu-ev.de\/wp-content\/uploads\/2021\/11\/UMP_eggs-300x117.jpg\" alt=\"Preistr\u00e4ger - beste Umweltschutz-Ma\u00dfnahme - Fu\u00df-Orthop\u00e4die-Technik Roman Eggs GmbH\" width=\"300\" height=\"117\" srcset=\"https:\/\/www.vnu-ev.de\/en\/wp-content\/uploads\/2021\/11\/UMP_eggs-300x117.jpg 300w, https:\/\/www.vnu-ev.de\/en\/wp-content\/uploads\/2021\/11\/UMP_eggs-150x58.jpg 150w, https:\/\/www.vnu-ev.de\/en\/wp-content\/uploads\/2021\/11\/UMP_eggs.jpg 1000w\" sizes=\"auto, (max-width: 300px) 100vw, 300px\" \/><\/p>\n<p>The <a href=\"https:\/\/fussorthopaedie-technik.de\" target=\"_blank\" rel=\"noopener\">Fu\u00df-Orthop\u00e4die-Technik Roman Eggs GmbH<\/a> reduced a plastic casting compound with ingredients that are partly dangerous to health and the environment by 95 % in the production of footbed mouldings and now uses cork with a milling process instead.<\/p>\n<h3>Category 2: Best climate protection activity<\/h3>\n<p>In this category, all activities and projects to reduce greenhouse gas emissions and to improve the climate balance of processes, products or services of an organisation can be submitted. Here, too, the initiatives should already have been implemented and evaluated; overarching measures and cooperations are possible.<\/p>\n<p><img loading=\"lazy\" decoding=\"async\" class=\"alignnone size-medium wp-image-6331\" src=\"https:\/\/www.vnu-ev.de\/wp-content\/uploads\/2021\/11\/UMP_Andechser-300x117.jpg\" alt=\"Preistr\u00e4ger - beste Klimaschutz-Ma\u00dfnahme - Andechser Molkerei Scheitz GmbH\" width=\"300\" height=\"117\" srcset=\"https:\/\/www.vnu-ev.de\/en\/wp-content\/uploads\/2021\/11\/UMP_Andechser-300x117.jpg 300w, https:\/\/www.vnu-ev.de\/en\/wp-content\/uploads\/2021\/11\/UMP_Andechser-150x58.jpg 150w, https:\/\/www.vnu-ev.de\/en\/wp-content\/uploads\/2021\/11\/UMP_Andechser.jpg 1000w\" sizes=\"auto, (max-width: 300px) 100vw, 300px\" \/><\/p>\n<p>Through the initiative of <a href=\"https:\/\/www.andechser-natur.de\/de\" target=\"_blank\" rel=\"noopener\">Andechser Molkerei Scheitz GmbH<\/a>, approx. 3,000 tonnes of CO2 emissions could be avoided within one year. To achieve this, the award winner launched the Klima.Bauer programme with the Agroecology Science Institute and 70 contract farmers were actively supported in climate protection with CO2 avoidance and binding methods. Additional services for bioagriculture and biodiversity supported these efforts.<\/p>\n<p><img loading=\"lazy\" decoding=\"async\" class=\"alignnone size-medium wp-image-6329\" src=\"https:\/\/www.vnu-ev.de\/wp-content\/uploads\/2021\/11\/UMP_UzinUtz-300x116.jpg\" alt=\"Preistr\u00e4ger - beste Klimaschutz-Ma\u00dfnahme - Uzin Utz AG\" width=\"300\" height=\"116\" srcset=\"https:\/\/www.vnu-ev.de\/en\/wp-content\/uploads\/2021\/11\/UMP_UzinUtz-300x116.jpg 300w, https:\/\/www.vnu-ev.de\/en\/wp-content\/uploads\/2021\/11\/UMP_UzinUtz-150x58.jpg 150w, https:\/\/www.vnu-ev.de\/en\/wp-content\/uploads\/2021\/11\/UMP_UzinUtz.jpg 1000w\" sizes=\"auto, (max-width: 300px) 100vw, 300px\" \/><\/p>\n<p><a href=\"https:\/\/de.uzin-utz.com\/\" target=\"_blank\" rel=\"noopener\">Uzin Utz AG<\/a> looks back on more than 100 years of experience as a supplier of flooring systems and has now become the first company in Germany to launch flooring materials with a biomass balance approach. This balancing is already established in power generation and is now being transferred to a production process. Ecological components, such as binders based on renewable raw materials or biomass waste, are fed into the production of the partner BASF SE and mathematically assigned to the final product. About 3,000 tonnes of CO2 emissions can thus be avoided annually.<\/p>\n<h3>Category 3: Best EMAS Environmental Statement<\/h3>\n<p>Companies and organisations with an active Emas registration can participate. We are looking for best practice examples of Emas environmental statements that are characterised by a high quality and clarity of data and information. In addition to criteria such as completeness, comprehensibility and graphical design, the criteria also include how the declaration is used in the organisation's environmental communication.<\/p>\n<p><img loading=\"lazy\" decoding=\"async\" class=\"alignnone size-medium wp-image-6335\" src=\"https:\/\/www.vnu-ev.de\/wp-content\/uploads\/2021\/11\/UMP_Lammsbraeu-300x117.jpg\" alt=\"Preistr\u00e4ger - bester Nachhaltigkeitsbericht - Neumarkter Lammsbr\u00e4u, Gebr. Ehrnsperger KG\" width=\"300\" height=\"117\" srcset=\"https:\/\/www.vnu-ev.de\/en\/wp-content\/uploads\/2021\/11\/UMP_Lammsbraeu-300x117.jpg 300w, https:\/\/www.vnu-ev.de\/en\/wp-content\/uploads\/2021\/11\/UMP_Lammsbraeu-150x58.jpg 150w, https:\/\/www.vnu-ev.de\/en\/wp-content\/uploads\/2021\/11\/UMP_Lammsbraeu.jpg 1000w\" sizes=\"auto, (max-width: 300px) 100vw, 300px\" \/><\/p>\n<p><a href=\"https:\/\/www.lammsbraeu.de\/\" target=\"_blank\" rel=\"noopener\">Neumarkter Lammsbr\u00e4u<\/a> is one of the pioneers in environmental management, as the first environmental statement was already validated in February 1996 and the company was listed in the EMAS register. For the application for the German Environmental Management Award 2021, the company submitted a sustainability report with an integrated environmental statement and convinced the jury, for example, with the high informative value of the report, a greenhouse gas balance for Scope 1, 2, 3 as well as the transparent presentation of goals and their degree of implementation.<\/p>\n<p><img loading=\"lazy\" decoding=\"async\" class=\"alignnone size-medium wp-image-6333\" src=\"https:\/\/www.vnu-ev.de\/wp-content\/uploads\/2021\/11\/UMP_hanseWasser-300x117.jpg\" alt=\"Preistr\u00e4ger - beste Umwelterkl\u00e4rung - hanseWasser Bremen\" width=\"300\" height=\"117\" srcset=\"https:\/\/www.vnu-ev.de\/en\/wp-content\/uploads\/2021\/11\/UMP_hanseWasser-300x117.jpg 300w, https:\/\/www.vnu-ev.de\/en\/wp-content\/uploads\/2021\/11\/UMP_hanseWasser-150x58.jpg 150w, https:\/\/www.vnu-ev.de\/en\/wp-content\/uploads\/2021\/11\/UMP_hanseWasser.jpg 1000w\" sizes=\"auto, (max-width: 300px) 100vw, 300px\" \/><\/p>\n<div>\n<div>\n<div id=\"c1808\">\n<div>\n<div>\n<p><a href=\"https:\/\/www.hansewasser.de\" target=\"_blank\" rel=\"noopener\">hanseWasser<\/a> understands itself as an environmental service provider for the city of Bremen, to which climate and environmental protection are important. Since 2012, hanseWasser has been registered in the EMAS register and the submitted environmental statement describes in detail and in a comprehensible manner the extensive climate protection activities, such as the energy optimisation of the sewage treatment plant operation, the operation of a 2 MW wind turbine, the installation of modern combined heat and power plants or the implementation of a greenhouse gas balance. The structure of the environmental statement according to environmental aspects also enables the targeted, environment-related identification of the company's environmental impacts, and a traffic light system indicates the status of current projects and goals.<\/p>\n<\/div>\n<\/div>\n<\/div>\n<\/div>\n<\/div>\n","protected":false},"excerpt":{"rendered":"<p>\u00a0 Minister Svenja Schulze handed over a total of 5 awards For the first time,&#8230; <a class=\"read-more\" href=\"https:\/\/www.vnu-ev.de\/en\/events\/deutscher-umweltmanagement-preis-2021\">More<\/a><\/p>\n","protected":false},"author":3,"featured_media":0,"comment_status":"closed","ping_status":"closed","sticky":false,"template":"","format":"standard","meta":{"_acf_changed":false,"footnotes":""},"categories":[9,1,226],"tags":[],"class_list":["post-5403","post","type-post","status-publish","format-standard","hentry","category-top-event","category-events","category-veranstaltungen"],"acf":[],"_links":{"self":[{"href":"https:\/\/www.vnu-ev.de\/en\/wp-json\/wp\/v2\/posts\/5403","targetHints":{"allow":["GET"]}}],"collection":[{"href":"https:\/\/www.vnu-ev.de\/en\/wp-json\/wp\/v2\/posts"}],"about":[{"href":"https:\/\/www.vnu-ev.de\/en\/wp-json\/wp\/v2\/types\/post"}],"author":[{"embeddable":true,"href":"https:\/\/www.vnu-ev.de\/en\/wp-json\/wp\/v2\/users\/3"}],"replies":[{"embeddable":true,"href":"https:\/\/www.vnu-ev.de\/en\/wp-json\/wp\/v2\/comments?post=5403"}],"version-history":[{"count":6,"href":"https:\/\/www.vnu-ev.de\/en\/wp-json\/wp\/v2\/posts\/5403\/revisions"}],"predecessor-version":[{"id":5501,"href":"https:\/\/www.vnu-ev.de\/en\/wp-json\/wp\/v2\/posts\/5403\/revisions\/5501"}],"wp:attachment":[{"href":"https:\/\/www.vnu-ev.de\/en\/wp-json\/wp\/v2\/media?parent=5403"}],"wp:term":[{"taxonomy":"category","embeddable":true,"href":"https:\/\/www.vnu-ev.de\/en\/wp-json\/wp\/v2\/categories?post=5403"},{"taxonomy":"post_tag","embeddable":true,"href":"https:\/\/www.vnu-ev.de\/en\/wp-json\/wp\/v2\/tags?post=5403"}],"curies":[{"name":"wp","href":"https:\/\/api.w.org\/{rel}","templated":true}]}}