{"id":5652,"date":"2022-05-20T18:33:42","date_gmt":"2022-05-20T16:33:42","guid":{"rendered":"https:\/\/www.vnu-ev.de\/en\/?p=5652"},"modified":"2022-09-16T11:43:48","modified_gmt":"2022-09-16T09:43:48","slug":"annualforum_220621","status":"publish","type":"post","link":"https:\/\/www.vnu-ev.de\/en\/events\/annualforum_220621","title":{"rendered":"VNU-Annual Forum"},"content":{"rendered":"<h2>VNU Annual Forum<\/h2>\n<h3><strong>Actual topics of environmental and sustainability management by and for VNU members<\/strong><\/h3>\n<p>This year's VNU Annual Forum took place on 21 June 2022 from 9:15 to 16:00 at the IHK Frankfurt am Main. It is the first in-person event of the VNU after the Corona-related break. We were very pleased to welcome you personally in Frankfurt. Participation was free of charge this year, as we likes to express our sincere thanks for the loyalty of our members during the Corona period.<\/p>\n<p><img loading=\"lazy\" decoding=\"async\" class=\"alignleft wp-image-6758\" src=\"https:\/\/www.vnu-ev.de\/wp-content\/uploads\/2022\/06\/220621_Pano-150x41.jpg\" alt=\"Jahrestagung Gruppe\" width=\"543\" height=\"150\" srcset=\"https:\/\/www.vnu-ev.de\/en\/wp-content\/uploads\/2022\/06\/220621_Pano-150x41.jpg 150w, https:\/\/www.vnu-ev.de\/en\/wp-content\/uploads\/2022\/06\/220621_Pano-300x83.jpg 300w, https:\/\/www.vnu-ev.de\/en\/wp-content\/uploads\/2022\/06\/220621_Pano-1024x283.jpg 1024w, https:\/\/www.vnu-ev.de\/en\/wp-content\/uploads\/2022\/06\/220621_Pano.jpg 1425w\" sizes=\"auto, (max-width: 543px) 100vw, 543px\" \/> <img loading=\"lazy\" decoding=\"async\" class=\"alignleft size-thumbnail wp-image-6757\" src=\"https:\/\/www.vnu-ev.de\/wp-content\/uploads\/2022\/06\/220621_Osterloh-150x150.jpg\" alt=\"\" width=\"150\" height=\"150\" srcset=\"https:\/\/www.vnu-ev.de\/en\/wp-content\/uploads\/2022\/06\/220621_Osterloh-150x150.jpg 150w, https:\/\/www.vnu-ev.de\/en\/wp-content\/uploads\/2022\/06\/220621_Osterloh-300x300.jpg 300w, https:\/\/www.vnu-ev.de\/en\/wp-content\/uploads\/2022\/06\/220621_Osterloh-500x500.jpg 500w, https:\/\/www.vnu-ev.de\/en\/wp-content\/uploads\/2022\/06\/220621_Osterloh-400x400.jpg 400w, https:\/\/www.vnu-ev.de\/en\/wp-content\/uploads\/2022\/06\/220621_Osterloh.jpg 787w\" sizes=\"auto, (max-width: 150px) 100vw, 150px\" \/> <img loading=\"lazy\" decoding=\"async\" class=\"alignleft size-thumbnail wp-image-6756\" src=\"https:\/\/www.vnu-ev.de\/wp-content\/uploads\/2022\/06\/220621_Gruppe-150x150.jpg\" alt=\"\" width=\"150\" height=\"150\" srcset=\"https:\/\/www.vnu-ev.de\/en\/wp-content\/uploads\/2022\/06\/220621_Gruppe-150x150.jpg 150w, https:\/\/www.vnu-ev.de\/en\/wp-content\/uploads\/2022\/06\/220621_Gruppe-300x300.jpg 300w, https:\/\/www.vnu-ev.de\/en\/wp-content\/uploads\/2022\/06\/220621_Gruppe-500x500.jpg 500w, https:\/\/www.vnu-ev.de\/en\/wp-content\/uploads\/2022\/06\/220621_Gruppe-400x400.jpg 400w, https:\/\/www.vnu-ev.de\/en\/wp-content\/uploads\/2022\/06\/220621_Gruppe.jpg 787w\" sizes=\"auto, (max-width: 150px) 100vw, 150px\" \/><\/p>\n<h2>Date<\/h2>\n<p>Thursday, June, 21st, 2022 at IHK Frankfurt am Main<br \/>\n9:15 - 16:00 h<\/p>\n<h2>Programme<\/h2>\n<hr \/>\n<h2><strong>Lectures<\/strong><\/h2>\n<p><img loading=\"lazy\" decoding=\"async\" class=\"alignleft size-thumbnail wp-image-6753\" src=\"https:\/\/www.vnu-ev.de\/wp-content\/uploads\/2022\/06\/220621_Auer-150x150.jpg\" alt=\"\" width=\"150\" height=\"150\" srcset=\"https:\/\/www.vnu-ev.de\/en\/wp-content\/uploads\/2022\/06\/220621_Auer-150x150.jpg 150w, https:\/\/www.vnu-ev.de\/en\/wp-content\/uploads\/2022\/06\/220621_Auer-300x300.jpg 300w, https:\/\/www.vnu-ev.de\/en\/wp-content\/uploads\/2022\/06\/220621_Auer-500x500.jpg 500w, https:\/\/www.vnu-ev.de\/en\/wp-content\/uploads\/2022\/06\/220621_Auer-400x400.jpg 400w, https:\/\/www.vnu-ev.de\/en\/wp-content\/uploads\/2022\/06\/220621_Auer.jpg 787w\" sizes=\"auto, (max-width: 150px) 100vw, 150px\" \/><\/p>\n<p><strong>09:30 - 10:30 h<br \/>\nMaterial efficiency - a key element of the Circular Economy [ <a href=\"https:\/\/www.vnu-ev.de\/?s2member_file_download=access-s2member-level1\/Aufz\/2022\/220621_Auer_Vortrag.pdf\" target=\"_blank\" rel=\"noopener\">lecture<\/a>\u00a0]<br \/>\n<\/strong><\/p>\n<p>With the \"Definitions of material efficiency\", the DIN EN 45550 series of standards was completed and deals with the material efficiency of a product during its entire life cycle. It provides basic methods for functional durability, reparability, reprocessing, upgradeability and reusability. The presentation will highlight methods, experiences with this topic and its relevance for the aspects of the EU Green Deal.<\/p>\n<p><strong>Dr Johannes Auer<\/strong> is Head of Sustainability, Environmental Protection, Occupational Safety and Health Management at Siemens Large Drives Applications in Nuremberg.<\/p>\n<p><img loading=\"lazy\" decoding=\"async\" class=\"alignleft\" src=\"https:\/\/www.vnu-ev.de\/wp-content\/uploads\/2022\/06\/220621_Stalter-150x150.jpg\" alt=\"\" width=\"150\" height=\"150\" \/><strong>13:15 - 14:15 h<br \/>\nAvailability of energy and raw materials<br \/>\n<\/strong><\/p>\n<p>Energy and raw materials are the basis for all production activities. The effects of the energy transition, the disruption of supply chains due to the global infection situation and the requirements of the Supply Chain Act have now been joined by the aspects of war between Russia and Ukraine. Energy and materials are either unavailable, or have such high demand that prices are exploding ... not an easy time for companies.<\/p>\n<p><strong>Georg Stalter<\/strong>\u00a0 is Corporate Sustainability Management Officer at WITTE Automotive.<\/p>\n<p><strong><img loading=\"lazy\" decoding=\"async\" class=\"alignleft\" src=\"https:\/\/www.vnu-ev.de\/wp-content\/uploads\/2022\/06\/220621_Echternacht-150x150.jpg\" alt=\"\" width=\"150\" height=\"150\" \/><\/strong><\/p>\n<p><strong>14:15 - 15:15 h<br \/>\nCo<\/strong><strong>mmunication and transparency in supply chains [ <a href=\"https:\/\/www.vnu-ev.de\/?s2member_file_download=access-s2member-level1\/Aufz\/2022\/220621_Echternacht_Vortrag.pdf\" target=\"_blank\" rel=\"noopener\">lecture<\/a>\u00a0]<br \/>\n<\/strong><\/p>\n<p>Sustainable business requires transparent and traceable information, e.g. within the value chain. The GS1 network of not-for-profit organisations is developing standards for barcodes and working on new approaches, including on the topics of supply chain legislation, lean and green or product communication. The lecture highlights and explains current developments in this area.<\/p>\n<p><strong>Laura Echternacht<\/strong> is Senior Manager Sustainability @ GS1 Germany<\/p>\n<hr \/>\n<h2><strong>World Caf\u00e9s\u00a0<\/strong><\/h2>\n<p>The different World Caf\u00e9s will be offered in parallel in two sessions. You can therefore choose 2 topics from the 5 World Caf\u00e9s offered in which you would like to participate. At the end of the event, the results of all World Caf\u00e9s will be briefly presented.<\/p>\n<p><img loading=\"lazy\" decoding=\"async\" class=\"alignnone wp-image-5308\" src=\"https:\/\/www.vnu-ev.de\/en\/wp-content\/uploads\/2020\/07\/Portrait_Schleicher_2019_ohne-Rahmen_quadrat-142x150.jpg\" alt=\"Lennart Schleicher, VNU Vorsitzender\" width=\"71\" height=\"75\" srcset=\"https:\/\/www.vnu-ev.de\/en\/wp-content\/uploads\/2020\/07\/Portrait_Schleicher_2019_ohne-Rahmen_quadrat-142x150.jpg 142w, https:\/\/www.vnu-ev.de\/en\/wp-content\/uploads\/2020\/07\/Portrait_Schleicher_2019_ohne-Rahmen_quadrat-284x300.jpg 284w, https:\/\/www.vnu-ev.de\/en\/wp-content\/uploads\/2020\/07\/Portrait_Schleicher_2019_ohne-Rahmen_quadrat-968x1024.jpg 968w, https:\/\/www.vnu-ev.de\/en\/wp-content\/uploads\/2020\/07\/Portrait_Schleicher_2019_ohne-Rahmen_quadrat-1452x1536.jpg 1452w, https:\/\/www.vnu-ev.de\/en\/wp-content\/uploads\/2020\/07\/Portrait_Schleicher_2019_ohne-Rahmen_quadrat-1936x2048.jpg 1936w\" sizes=\"auto, (max-width: 71px) 100vw, 71px\" \/><\/p>\n<p><strong>W01 - Due diligence in the supply chain<br \/>\n<\/strong>Impulse: Lennart Schleicher<strong><br \/>\n<\/strong><\/p>\n<p>The Due Diligence Act (\"Supply Chain Act\") aims to improve the international human rights situation in value chains and addresses responsible management in companies. The law establishes a duty of effort, but neither a duty to succeed nor a guarantee liability. We will discuss together what this means.<\/p>\n<p><strong><img loading=\"lazy\" decoding=\"async\" class=\"alignnone wp-image-2839\" src=\"https:\/\/www.vnu-ev.de\/en\/wp-content\/uploads\/2017\/12\/Prox_Martina-150x150.jpg\" alt=\"Quelle: Martina Prox\" width=\"75\" height=\"75\" srcset=\"https:\/\/www.vnu-ev.de\/en\/wp-content\/uploads\/2017\/12\/Prox_Martina-150x150.jpg 150w, https:\/\/www.vnu-ev.de\/en\/wp-content\/uploads\/2017\/12\/Prox_Martina-300x300.jpg 300w, https:\/\/www.vnu-ev.de\/en\/wp-content\/uploads\/2017\/12\/Prox_Martina-500x500.jpg 500w, https:\/\/www.vnu-ev.de\/en\/wp-content\/uploads\/2017\/12\/Prox_Martina-400x400.jpg 400w, https:\/\/www.vnu-ev.de\/en\/wp-content\/uploads\/2017\/12\/Prox_Martina.jpg 776w\" sizes=\"auto, (max-width: 75px) 100vw, 75px\" \/><\/strong><\/p>\n<p><strong>W02 - Product Carbon Footprinting<br \/>\n<\/strong>Impulse: Martina Prox<strong><br \/>\n<\/strong><\/p>\n<p>The Product Carbon Footprint (PCF) is the most established method for determining the climate impact of a product. During the entire life cycle of a product - from raw material extraction to recycling or disposal - climate-relevant impacts occur in the form of greenhouse gas emissions. The Product Carbon Footprint helps to identify and analyse these impacts and to reduce or (ideally) completely avoid them with the right actions.<\/p>\n<p><img loading=\"lazy\" decoding=\"async\" class=\"alignnone wp-image-3591\" src=\"https:\/\/www.vnu-ev.de\/en\/wp-content\/uploads\/2018\/11\/von-Saldern_Andreas-150x150.jpg\" alt=\"Quelle: Andreas von Saldern\" width=\"75\" height=\"75\" srcset=\"https:\/\/www.vnu-ev.de\/en\/wp-content\/uploads\/2018\/11\/von-Saldern_Andreas-150x150.jpg 150w, https:\/\/www.vnu-ev.de\/en\/wp-content\/uploads\/2018\/11\/von-Saldern_Andreas-300x300.jpg 300w, https:\/\/www.vnu-ev.de\/en\/wp-content\/uploads\/2018\/11\/von-Saldern_Andreas-500x500.jpg 500w, https:\/\/www.vnu-ev.de\/en\/wp-content\/uploads\/2018\/11\/von-Saldern_Andreas-400x400.jpg 400w, https:\/\/www.vnu-ev.de\/en\/wp-content\/uploads\/2018\/11\/von-Saldern_Andreas.jpg 700w\" sizes=\"auto, (max-width: 75px) 100vw, 75px\" \/><\/p>\n<p><strong>W03 - Key performance indicators \u2013 Approaches for users and auditors \/ veryfiers<br \/>\n<\/strong>Impulse: Andreas von Saldern<strong><br \/>\n<\/strong><\/p>\n<p>Indicators should provide a reliable and objective basis for management decisions, but the quality and significance of indicators depends on many effects. What is the operational capacity utilisation, what is the energy or environmental relevance of the data, do I know the appropriate influencing factors or is data availability given. Less is more ... can be one of the approaches we discuss together.<\/p>\n<p><strong><img loading=\"lazy\" decoding=\"async\" class=\"alignnone wp-image-4865\" src=\"https:\/\/www.vnu-ev.de\/en\/wp-content\/uploads\/2020\/02\/Heimer-150x150.jpg\" alt=\"Bettina Heimer\" width=\"75\" height=\"75\" \/><\/strong><\/p>\n<p><strong>W04 - Remote Audit \u2013 Challenges and solutions<br \/>\n<\/strong>Impulse: Bettina Heimer<strong><br \/>\n<\/strong><\/p>\n<p>The infectious events around Corona and also the war in Ukraine have severely limited or completely prevented face-to-face meetings. With a push towards digitalisation, video conferences are no longer unusual, but have become almost commonplace. Even audits (partly) take place via video conferencing ... this saves travel costs and time, is enormously effective, but still not the best solution in all situations - you have certainly gathered experience on this.<\/p>\n<p><strong><img loading=\"lazy\" decoding=\"async\" class=\"alignnone wp-image-6322\" src=\"https:\/\/www.vnu-ev.de\/en\/wp-content\/uploads\/2021\/11\/Felchtner_Jakob-150x150.jpg\" alt=\"\" width=\"75\" height=\"75\" srcset=\"https:\/\/www.vnu-ev.de\/en\/wp-content\/uploads\/2021\/11\/Felchtner_Jakob-150x150.jpg 150w, https:\/\/www.vnu-ev.de\/en\/wp-content\/uploads\/2021\/11\/Felchtner_Jakob-300x300.jpg 300w, https:\/\/www.vnu-ev.de\/en\/wp-content\/uploads\/2021\/11\/Felchtner_Jakob-500x500.jpg 500w, https:\/\/www.vnu-ev.de\/en\/wp-content\/uploads\/2021\/11\/Felchtner_Jakob-400x400.jpg 400w, https:\/\/www.vnu-ev.de\/en\/wp-content\/uploads\/2021\/11\/Felchtner_Jakob.jpg 600w\" sizes=\"auto, (max-width: 75px) 100vw, 75px\" \/><\/strong><\/p>\n<p><strong>W05 - Climate change despite \/ defy the crisis<br \/>\n<\/strong>Impulse: Jakob Flechtner<strong><br \/>\n<\/strong><\/p>\n<p>After Corona came the war. Two events that affect us professionally and privately and have an impact throughout the whole world. Climate protection seems to have taken a back seat - at least in the media - but the importance of the issue is the same and perhaps the crisis even offers an opportunity for climate protection?<\/p>\n<hr \/>\n<h2>Timetable<\/h2>\n<p>09:15 - Welcome<\/p>\n<p>09:30 - Lecture on material efficiency<br \/>\n<span style=\"color: #999999;\"><em>10:25 - 15 min coffee break<\/em><\/span><\/p>\n<p>10:45 - World Caf\u00e9s - Session A<br \/>\n<span style=\"color: #999999;\"><em>11:30 - 5 min change break<\/em><\/span><br \/>\n11:35 - World Caf\u00e9s - Session B<br \/>\n<em><span style=\"color: #999999;\">12:20 - Lunch break<\/span><\/em><\/p>\n<p>13:15 - Lecture on raw material and energy scarcity<br \/>\n14:15 - Lecture on transparency in the supply chain<br \/>\n<em><span style=\"color: #999999;\">15:15 - 15 min coffee break<\/span><\/em><\/p>\n<p>15:30 - Results of the World Caf\u00e9s<br \/>\n16:00 - Farewell and end of the event<\/p>\n<p>... afterwards, you will have the opportunity to continue the discussions and network with new contacts in a relaxed atmosphere in a neighbouring restaurant.<\/p>\n<hr \/>\n<h2><strong>Registration<\/strong><\/h2>\n<p><strong>VNU-Annual Forum is free of charge in this year.<\/strong><br \/>\nParticipation is only open to our VNU-Memgers. For organisation please send an informal registration to the VNU office\u00a0 (<a href=\"mailto:vnu@vnu-ev.de ?subject=ANMELDUNG zur VNU Jahrestagung 2022\">vnu@vnu-ev.de<\/a>).<\/p>\n<hr \/>\n<h2><strong>Membership<\/strong><\/h2>\n<p>You are not yet a member of VNU but would like to attend the VNU Annual Conference?<\/p>\n<p>VNU membership is possible as an individual or for companies. You can test both variants as a trial membership for 12 months and benefit from all advantages and services of the association from this moment on.<\/p>\n<p>Information about the VNU-Membership please look at <a href=\"https:\/\/www.vnu-ev.de\/en\/at-a-glance\" target=\"_blank\" rel=\"noopener\">VNU at a glance <\/a> and \"<a href=\"https:\/\/www.vnu-ev.de\/en\/about-us\/become-a-member\" target=\"_blank\" rel=\"noopener\">become a member<\/a>\".<\/p>\n","protected":false},"excerpt":{"rendered":"<p>VNU Annual Forum Actual topics of environmental and sustainability management by and for VNU members&#8230; <a class=\"read-more\" href=\"https:\/\/www.vnu-ev.de\/en\/events\/annualforum_220621\">More<\/a><\/p>\n","protected":false},"author":9,"featured_media":0,"comment_status":"closed","ping_status":"closed","sticky":false,"template":"","format":"standard","meta":{"_acf_changed":false,"footnotes":""},"categories":[11,9,1,226],"tags":[],"class_list":["post-5652","post","type-post","status-publish","format-standard","hentry","category-meetings","category-top-event","category-events","category-veranstaltungen"],"acf":[],"_links":{"self":[{"href":"https:\/\/www.vnu-ev.de\/en\/wp-json\/wp\/v2\/posts\/5652","targetHints":{"allow":["GET"]}}],"collection":[{"href":"https:\/\/www.vnu-ev.de\/en\/wp-json\/wp\/v2\/posts"}],"about":[{"href":"https:\/\/www.vnu-ev.de\/en\/wp-json\/wp\/v2\/types\/post"}],"author":[{"embeddable":true,"href":"https:\/\/www.vnu-ev.de\/en\/wp-json\/wp\/v2\/users\/9"}],"replies":[{"embeddable":true,"href":"https:\/\/www.vnu-ev.de\/en\/wp-json\/wp\/v2\/comments?post=5652"}],"version-history":[{"count":15,"href":"https:\/\/www.vnu-ev.de\/en\/wp-json\/wp\/v2\/posts\/5652\/revisions"}],"predecessor-version":[{"id":5682,"href":"https:\/\/www.vnu-ev.de\/en\/wp-json\/wp\/v2\/posts\/5652\/revisions\/5682"}],"wp:attachment":[{"href":"https:\/\/www.vnu-ev.de\/en\/wp-json\/wp\/v2\/media?parent=5652"}],"wp:term":[{"taxonomy":"category","embeddable":true,"href":"https:\/\/www.vnu-ev.de\/en\/wp-json\/wp\/v2\/categories?post=5652"},{"taxonomy":"post_tag","embeddable":true,"href":"https:\/\/www.vnu-ev.de\/en\/wp-json\/wp\/v2\/tags?post=5652"}],"curies":[{"name":"wp","href":"https:\/\/api.w.org\/{rel}","templated":true}]}}