{"id":5676,"date":"2022-06-21T07:46:19","date_gmt":"2022-06-21T05:46:19","guid":{"rendered":"https:\/\/www.vnu-ev.de\/en\/?p=5676"},"modified":"2022-09-16T11:26:51","modified_gmt":"2022-09-16T09:26:51","slug":"umweltgutachtertag-2022","status":"publish","type":"post","link":"https:\/\/www.vnu-ev.de\/en\/events\/umweltgutachtertag-2022","title":{"rendered":"Environmental Verifiers Day 2022"},"content":{"rendered":"<h3><img loading=\"lazy\" decoding=\"async\" class=\"alignnone wp-image-916 alignleft\" src=\"https:\/\/www.vnu-ev.de\/wp-content\/uploads\/2016\/10\/VNU_Logo_300_px_gro\u00df-e1493302837619.jpg\" alt=\"VNU e.V.\" width=\"150\" height=\"104\" \/> \u00a0 <img loading=\"lazy\" decoding=\"async\" class=\"alignnone wp-image-6745 alignleft\" src=\"https:\/\/www.vnu-ev.de\/wp-content\/uploads\/2022\/06\/BMUV_Bonn_Neugaertner-146x150.jpg\" alt=\"\" width=\"150\" height=\"154\" srcset=\"https:\/\/www.vnu-ev.de\/en\/wp-content\/uploads\/2022\/06\/BMUV_Bonn_Neugaertner-146x150.jpg 146w, https:\/\/www.vnu-ev.de\/en\/wp-content\/uploads\/2022\/06\/BMUV_Bonn_Neugaertner-293x300.jpg 293w, https:\/\/www.vnu-ev.de\/en\/wp-content\/uploads\/2022\/06\/BMUV_Bonn_Neugaertner.jpg 765w\" sizes=\"auto, (max-width: 150px) 100vw, 150px\" \/><\/h3>\n<h2><\/h2>\n<h2><strong>Environmental management systems in change<\/strong><\/h2>\n<h3><strong>An event for environmental verifiers, certifiers and practitioners<\/strong><\/h3>\n<p style=\"text-align: left;\">At the Environmental Verifiers' Day, the focus is traditionally on knowledge transfer and the exchange of experience on the topics of environmental and sustainability management. We cordially invite you to join us on 8 September 2022 at the BMUV in Bonn.<\/p>\n<h2 style=\"text-align: left;\"><strong>Programme<\/strong><\/h2>\n<p><a href=\"https:\/\/www.vnu-ev.de\/wp-content\/uploads\/2022\/07\/220908_UGT_Programm.pdf\" target=\"_blank\" rel=\"noopener\">Programme as PDF-Download<\/a><\/p>\n<p>09:30 Uhr<br \/>\nRegistrierung<\/p>\n<p><strong>10:00 Uhr<br \/>\nBegr\u00fc\u00dfung<br \/>\n<\/strong>Bettina Heimer, stellv. Vorstandsvorsitzende, VNU e. V.<\/p>\n<p><strong>10:05 Uhr<br \/>\nVideobotschaft des BMUV und des UGA<br \/>\n<\/strong>Annette Schmidt-R\u00e4ntsch, Referat G I 4, BMUV<br \/>\nDr. Marianne Sch\u00f6nnenbeck, Vorsitzende des UGA<strong><br \/>\n<\/strong><\/p>\n<p><strong>10:15 Uhr<br \/>\nAktuelles aus dem Abfallrecht und der Kreislaufwirtschaft<br \/>\n<\/strong>Dr. Andreas Jaron, Referat TII1, BMUV<\/p>\n<p>10:55 Uhr<br \/>\nPause<\/p>\n<p><strong>11:15 Uhr<br \/>\nAktuelles aus dem Umweltrecht<br \/>\n<\/strong>RA Bernhard Schmitz, Schmitz Rechtsanw\u00e4lte<\/p>\n<p>11:55 Uhr<br \/>\nPause<\/p>\n<p><strong>12:00 Uhr<br \/>\nEnergie und Rohstoffe in der (finanziellen) Krise<br \/>\n<\/strong>Jochen Buser, GUT Certifizierungsgesellschaft f\u00fcr Managementsysteme mbH<\/p>\n<p>12:40 Uhr<br \/>\nMittagspause<\/p>\n<p><strong>13:40 Uhr<br \/>\nFragen und Diskussion zur Strategie, Zulassung und Aufsicht<\/strong><br \/>\nMarc Hoffmann, Gesch\u00e4ftsf\u00fchrer der DAU GmbH<\/p>\n<p><strong>14:45 Uhr<br \/>\n<\/strong><strong>EMAS in der Bundesverwaltung - Vergabe von Gutachterleistungen<br \/>\n<\/strong>Matthias Rong, Svenja Schulte, Referat B12, Beschaffungsamt des BMI<\/p>\n<p>15:05 Uhr<br \/>\nPause<\/p>\n<p><strong>15:20 Uhr<br \/>\nEMAS \u2013 Highlights aus dem Umweltgutachterausschuss<br \/>\n<\/strong>Mario Lodigiani, Gesch\u00e4ftsf\u00fchrer, Gesch\u00e4ftsstelle des UGA<\/p>\n<p><strong>15:55 Uhr<br \/>\nEMAS als Nachhaltigkeitsmodul<br \/>\n<\/strong>Prof. Dr. Frank Ebinger, TH N\u00fcrnberg<\/p>\n<p><strong>16:30 Uhr<br \/>\nAbschluss und Verabschiedung<\/strong><\/p>\n<p>&nbsp;<\/p>\n","protected":false},"excerpt":{"rendered":"<p>\u00a0 Environmental management systems in change An event for environmental verifiers, certifiers and practitioners At&#8230; <a class=\"read-more\" href=\"https:\/\/www.vnu-ev.de\/en\/events\/umweltgutachtertag-2022\">More<\/a><\/p>\n","protected":false},"author":3,"featured_media":0,"comment_status":"closed","ping_status":"closed","sticky":false,"template":"","format":"standard","meta":{"_acf_changed":false,"footnotes":""},"categories":[11,9,1],"tags":[],"class_list":["post-5676","post","type-post","status-publish","format-standard","hentry","category-meetings","category-top-event","category-events"],"acf":[],"_links":{"self":[{"href":"https:\/\/www.vnu-ev.de\/en\/wp-json\/wp\/v2\/posts\/5676","targetHints":{"allow":["GET"]}}],"collection":[{"href":"https:\/\/www.vnu-ev.de\/en\/wp-json\/wp\/v2\/posts"}],"about":[{"href":"https:\/\/www.vnu-ev.de\/en\/wp-json\/wp\/v2\/types\/post"}],"author":[{"embeddable":true,"href":"https:\/\/www.vnu-ev.de\/en\/wp-json\/wp\/v2\/users\/3"}],"replies":[{"embeddable":true,"href":"https:\/\/www.vnu-ev.de\/en\/wp-json\/wp\/v2\/comments?post=5676"}],"version-history":[{"count":7,"href":"https:\/\/www.vnu-ev.de\/en\/wp-json\/wp\/v2\/posts\/5676\/revisions"}],"predecessor-version":[{"id":5687,"href":"https:\/\/www.vnu-ev.de\/en\/wp-json\/wp\/v2\/posts\/5676\/revisions\/5687"}],"wp:attachment":[{"href":"https:\/\/www.vnu-ev.de\/en\/wp-json\/wp\/v2\/media?parent=5676"}],"wp:term":[{"taxonomy":"category","embeddable":true,"href":"https:\/\/www.vnu-ev.de\/en\/wp-json\/wp\/v2\/categories?post=5676"},{"taxonomy":"post_tag","embeddable":true,"href":"https:\/\/www.vnu-ev.de\/en\/wp-json\/wp\/v2\/tags?post=5676"}],"curies":[{"name":"wp","href":"https:\/\/api.w.org\/{rel}","templated":true}]}}