{"id":5752,"date":"2022-12-11T13:31:53","date_gmt":"2022-12-11T12:31:53","guid":{"rendered":"https:\/\/www.vnu-ev.de\/en\/?p=5752"},"modified":"2023-10-06T14:33:55","modified_gmt":"2023-10-06T12:33:55","slug":"umweltgutachtertag-2023","status":"publish","type":"post","link":"https:\/\/www.vnu-ev.de\/en\/events\/umweltgutachtertag-2023","title":{"rendered":"Environmental Verifiers&#8217; Day 2023"},"content":{"rendered":"<p><img loading=\"lazy\" decoding=\"async\" class=\"size-thumbnail wp-image-558\" src=\"https:\/\/www.vnu-ev.de\/wp-content\/uploads\/2016\/03\/131009_ECE_Konferenz-150x150.jpg\" alt=\"EMAS Konferenz 9.10.2013\" width=\"150\" height=\"150\" \/><\/p>\n<h2 style=\"text-align: left;\"><strong>Environmental management systems in change<\/strong><\/h2>\n<h3 style=\"text-align: left;\"><strong>A special event for environmental verifications, audits and consulting on environmental and sustainability management<\/strong><\/h3>\n<p style=\"text-align: left;\">At the Environmental Verifiers' Day, the focus was traditionally on knowledge transfer and the exchange of experience on all aspects of environmental and sustainability management. We were cordially invited on <span style=\"color: #111800;\"><span style=\"color: #112288;\"><strong>26 September 2023 <\/strong><\/span><\/span>from Werner &amp; Mertz, which celebrates also its 20th EMAS anniversary.<\/p>\n<p><img loading=\"lazy\" decoding=\"async\" class=\"alignnone wp-image-7689\" src=\"https:\/\/www.vnu-ev.de\/wp-content\/uploads\/2023\/10\/230926_VNU-UGT_Gruppenfoto-1024x575.jpg\" alt=\"\" width=\"600\" height=\"337\" srcset=\"https:\/\/www.vnu-ev.de\/en\/wp-content\/uploads\/2023\/10\/230926_VNU-UGT_Gruppenfoto-1024x575.jpg 1024w, https:\/\/www.vnu-ev.de\/en\/wp-content\/uploads\/2023\/10\/230926_VNU-UGT_Gruppenfoto-300x169.jpg 300w, https:\/\/www.vnu-ev.de\/en\/wp-content\/uploads\/2023\/10\/230926_VNU-UGT_Gruppenfoto-150x84.jpg 150w, https:\/\/www.vnu-ev.de\/en\/wp-content\/uploads\/2023\/10\/230926_VNU-UGT_Gruppenfoto-1536x863.jpg 1536w, https:\/\/www.vnu-ev.de\/en\/wp-content\/uploads\/2023\/10\/230926_VNU-UGT_Gruppenfoto.jpg 1723w\" sizes=\"auto, (max-width: 600px) 100vw, 600px\" \/><\/p>\n<p><img loading=\"lazy\" decoding=\"async\" class=\"size-thumbnail wp-image-7683 alignleft\" src=\"https:\/\/www.vnu-ev.de\/wp-content\/uploads\/2023\/09\/230926_Raesfeld-150x150.jpg\" alt=\"\" width=\"150\" height=\"150\" srcset=\"https:\/\/www.vnu-ev.de\/en\/wp-content\/uploads\/2023\/09\/230926_Raesfeld-150x150.jpg 150w, https:\/\/www.vnu-ev.de\/en\/wp-content\/uploads\/2023\/09\/230926_Raesfeld-300x300.jpg 300w, https:\/\/www.vnu-ev.de\/en\/wp-content\/uploads\/2023\/09\/230926_Raesfeld-500x500.jpg 500w, https:\/\/www.vnu-ev.de\/en\/wp-content\/uploads\/2023\/09\/230926_Raesfeld-400x400.jpg 400w, https:\/\/www.vnu-ev.de\/en\/wp-content\/uploads\/2023\/09\/230926_Raesfeld.jpg 945w\" sizes=\"auto, (max-width: 150px) 100vw, 150px\" \/> <img loading=\"lazy\" decoding=\"async\" class=\"size-thumbnail wp-image-7682 alignleft\" src=\"https:\/\/www.vnu-ev.de\/wp-content\/uploads\/2023\/09\/230926_Rack-150x150.jpg\" alt=\"\" width=\"150\" height=\"150\" srcset=\"https:\/\/www.vnu-ev.de\/en\/wp-content\/uploads\/2023\/09\/230926_Rack-150x150.jpg 150w, https:\/\/www.vnu-ev.de\/en\/wp-content\/uploads\/2023\/09\/230926_Rack-300x300.jpg 300w, https:\/\/www.vnu-ev.de\/en\/wp-content\/uploads\/2023\/09\/230926_Rack-500x500.jpg 500w, https:\/\/www.vnu-ev.de\/en\/wp-content\/uploads\/2023\/09\/230926_Rack-400x400.jpg 400w, https:\/\/www.vnu-ev.de\/en\/wp-content\/uploads\/2023\/09\/230926_Rack.jpg 945w\" sizes=\"auto, (max-width: 150px) 100vw, 150px\" \/> <img loading=\"lazy\" decoding=\"async\" class=\"alignleft size-thumbnail wp-image-7685\" src=\"https:\/\/www.vnu-ev.de\/wp-content\/uploads\/2023\/09\/230926_Widmuch-150x150.jpg\" alt=\"\" width=\"150\" height=\"150\" srcset=\"https:\/\/www.vnu-ev.de\/en\/wp-content\/uploads\/2023\/09\/230926_Widmuch-150x150.jpg 150w, https:\/\/www.vnu-ev.de\/en\/wp-content\/uploads\/2023\/09\/230926_Widmuch-300x300.jpg 300w, https:\/\/www.vnu-ev.de\/en\/wp-content\/uploads\/2023\/09\/230926_Widmuch-500x500.jpg 500w, https:\/\/www.vnu-ev.de\/en\/wp-content\/uploads\/2023\/09\/230926_Widmuch-400x400.jpg 400w, https:\/\/www.vnu-ev.de\/en\/wp-content\/uploads\/2023\/09\/230926_Widmuch.jpg 945w\" sizes=\"auto, (max-width: 150px) 100vw, 150px\" \/> <img loading=\"lazy\" decoding=\"async\" class=\"alignleft size-thumbnail wp-image-7684\" src=\"https:\/\/www.vnu-ev.de\/wp-content\/uploads\/2023\/09\/230926_Schulte_Rong-150x150.jpg\" alt=\"\" width=\"150\" height=\"150\" srcset=\"https:\/\/www.vnu-ev.de\/en\/wp-content\/uploads\/2023\/09\/230926_Schulte_Rong-150x150.jpg 150w, https:\/\/www.vnu-ev.de\/en\/wp-content\/uploads\/2023\/09\/230926_Schulte_Rong-300x300.jpg 300w, https:\/\/www.vnu-ev.de\/en\/wp-content\/uploads\/2023\/09\/230926_Schulte_Rong-500x500.jpg 500w, https:\/\/www.vnu-ev.de\/en\/wp-content\/uploads\/2023\/09\/230926_Schulte_Rong-400x400.jpg 400w, https:\/\/www.vnu-ev.de\/en\/wp-content\/uploads\/2023\/09\/230926_Schulte_Rong.jpg 945w\" sizes=\"auto, (max-width: 150px) 100vw, 150px\" \/> <img loading=\"lazy\" decoding=\"async\" class=\"alignleft size-thumbnail wp-image-7679\" src=\"https:\/\/www.vnu-ev.de\/wp-content\/uploads\/2023\/09\/230926_Ebinger-150x150.jpg\" alt=\"\" width=\"150\" height=\"150\" srcset=\"https:\/\/www.vnu-ev.de\/en\/wp-content\/uploads\/2023\/09\/230926_Ebinger-150x150.jpg 150w, https:\/\/www.vnu-ev.de\/en\/wp-content\/uploads\/2023\/09\/230926_Ebinger-300x300.jpg 300w, https:\/\/www.vnu-ev.de\/en\/wp-content\/uploads\/2023\/09\/230926_Ebinger-500x500.jpg 500w, https:\/\/www.vnu-ev.de\/en\/wp-content\/uploads\/2023\/09\/230926_Ebinger-400x400.jpg 400w, https:\/\/www.vnu-ev.de\/en\/wp-content\/uploads\/2023\/09\/230926_Ebinger.jpg 945w\" sizes=\"auto, (max-width: 150px) 100vw, 150px\" \/> <img loading=\"lazy\" decoding=\"async\" class=\"alignleft size-thumbnail wp-image-7681\" src=\"https:\/\/www.vnu-ev.de\/wp-content\/uploads\/2023\/09\/230926_Lodigiani-150x150.jpg\" alt=\"\" width=\"150\" height=\"150\" srcset=\"https:\/\/www.vnu-ev.de\/en\/wp-content\/uploads\/2023\/09\/230926_Lodigiani-150x150.jpg 150w, https:\/\/www.vnu-ev.de\/en\/wp-content\/uploads\/2023\/09\/230926_Lodigiani-300x300.jpg 300w, https:\/\/www.vnu-ev.de\/en\/wp-content\/uploads\/2023\/09\/230926_Lodigiani-500x500.jpg 500w, https:\/\/www.vnu-ev.de\/en\/wp-content\/uploads\/2023\/09\/230926_Lodigiani-400x400.jpg 400w, https:\/\/www.vnu-ev.de\/en\/wp-content\/uploads\/2023\/09\/230926_Lodigiani.jpg 945w\" sizes=\"auto, (max-width: 150px) 100vw, 150px\" \/> <img loading=\"lazy\" decoding=\"async\" class=\"size-thumbnail wp-image-7680 alignleft\" src=\"https:\/\/www.vnu-ev.de\/wp-content\/uploads\/2023\/09\/230926_Hoffmann-150x150.jpg\" alt=\"\" width=\"150\" height=\"150\" srcset=\"https:\/\/www.vnu-ev.de\/en\/wp-content\/uploads\/2023\/09\/230926_Hoffmann-150x150.jpg 150w, https:\/\/www.vnu-ev.de\/en\/wp-content\/uploads\/2023\/09\/230926_Hoffmann-300x300.jpg 300w, https:\/\/www.vnu-ev.de\/en\/wp-content\/uploads\/2023\/09\/230926_Hoffmann-500x500.jpg 500w, https:\/\/www.vnu-ev.de\/en\/wp-content\/uploads\/2023\/09\/230926_Hoffmann-400x400.jpg 400w, https:\/\/www.vnu-ev.de\/en\/wp-content\/uploads\/2023\/09\/230926_Hoffmann.jpg 945w\" sizes=\"auto, (max-width: 150px) 100vw, 150px\" \/><\/p>\n<h2><strong>Programm<\/strong>e<\/h2>\n<p>&nbsp;<\/p>\n<p>as of September, 7th, 2023<\/p>\n<p>10:00 h<br \/>\n<strong>Welcome<br \/>\n<\/strong>Ralph Wenner, Kaufm\u00e4nnischer Gesch\u00e4ftsf\u00fchrer \/ Group CFO, Werner &amp; Mertz GmbH<br \/>\nLennart Schleicher, Vorstandsvorsitzender, VNU e. V.<\/p>\n<p>10:10 h<br \/>\n<strong>Greetings from the BMUV and UGA<br \/>\n<\/strong>Annette Schmidt-R\u00e4ntsch, Referat G I 4, BMUV<br \/>\nProf. Dr. Frank Ebinger, Vorsitzender des UGA<\/p>\n<p>10:15 h<br \/>\n<strong>EMAS bei der Werner &amp; Mertz GmbH \u2013 a story of success for more than 20 years<br \/>\n<\/strong>Yannic von Raesfeld, Werner &amp; Mertz GmbH<strong><br \/>\n<\/strong><\/p>\n<p>11.00 h - Break<\/p>\n<p>11:20 h<br \/>\n<strong>News from the environmental law<br \/>\n<\/strong>RA Dr. Manfred Rack, RACK Rechtsanw\u00e4lte<\/p>\n<p>12:00 h<br \/>\n<strong>Insights into the legal framework of the Energy Efficiency Law <\/strong><br \/>\nDr. Sebastian Widmuch, Bundesstelle f\u00fcr Energieeffizienz (BfEE) im BAFA<strong><br \/>\n<\/strong><\/p>\n<p>12:30 h<br \/>\n<strong>EMAS in federal authorities - update on the contract procedure<br \/>\n<\/strong>Matthias Rong, Svenja Schulte, Referat B12, Beschaffungsamt des BMI<\/p>\n<p>12:50 h - lunch break<\/p>\n<p>13:50 h<br \/>\n<strong>Highlights from the German EMAS Advisory Board<br \/>\n<\/strong>Mario Lodigiani, Gesch\u00e4ftsf\u00fchrer der UGA-Gesch\u00e4ftsstelle<\/p>\n<p>14:30 h<br \/>\n<strong>CSRD in the context of EMAS - ray of hope or black box?<br \/>\n<\/strong>Prof. Dr. Frank Ebinger, Vorsitzender des UGA<strong><br \/>\n<\/strong><\/p>\n<p>15:00 h - break<\/p>\n<p>15:15 h<br \/>\n<strong>Environmental verifications after EMAS - Experience report of DAU GmbH<br \/>\nLecture and moderated discussion<br \/>\n<\/strong>Marc Hoffmann, Gesch\u00e4ftsf\u00fchrer der DAU GmbH<\/p>\n<p>16:30 h<br \/>\n<strong>Conclusion and goodbye<\/strong><\/p>\n<h2>Registration<\/h2>\n<p><strong>The participation fee is reduced by 50% from the 2nd participant from a company.<br \/>\n<\/strong>We appreciate your interest in our event and ask you to use the online registration for your participation.<br \/>\nParticipants will receive the approved presentations after the event.<\/p>\n<p><a href=\"https:\/\/www.vnu-ev.de\/veranstaltungen\/ugt-anmeldung_230926\" target=\"_blank\" rel=\"noopener\"><strong>Online-Registration <\/strong><\/a><\/p>\n<p><strong>Members of the VNU participate in this event at a reduced rate.<\/strong><br \/>\nMembership is possible as an individual or for companies. You can test both forms of membership in the form of a trial membership for 12 months with all the benefits and services of the association. New members immediately benefit from the reduced participation fees. You can find information on this in the <a href=\"https:\/\/www.vnu-ev.de\/en\/at-a-glance\">VNU profile<\/a> and under \"<a href=\"https:\/\/www.vnu-ev.de\/en\/about-us\/become-a-member\">Become a member<\/a>\".<\/p>\n","protected":false},"excerpt":{"rendered":"<p>Environmental management systems in change A special event for environmental verifications, audits and consulting on&#8230; <a class=\"read-more\" href=\"https:\/\/www.vnu-ev.de\/en\/events\/umweltgutachtertag-2023\">More<\/a><\/p>\n","protected":false},"author":9,"featured_media":0,"comment_status":"closed","ping_status":"closed","sticky":false,"template":"","format":"standard","meta":{"_acf_changed":false,"footnotes":""},"categories":[11,9,229,1],"tags":[],"class_list":["post-5752","post","type-post","status-publish","format-standard","hentry","category-meetings","category-top-event","category-umweltgutachtertag","category-events"],"acf":[],"_links":{"self":[{"href":"https:\/\/www.vnu-ev.de\/en\/wp-json\/wp\/v2\/posts\/5752","targetHints":{"allow":["GET"]}}],"collection":[{"href":"https:\/\/www.vnu-ev.de\/en\/wp-json\/wp\/v2\/posts"}],"about":[{"href":"https:\/\/www.vnu-ev.de\/en\/wp-json\/wp\/v2\/types\/post"}],"author":[{"embeddable":true,"href":"https:\/\/www.vnu-ev.de\/en\/wp-json\/wp\/v2\/users\/9"}],"replies":[{"embeddable":true,"href":"https:\/\/www.vnu-ev.de\/en\/wp-json\/wp\/v2\/comments?post=5752"}],"version-history":[{"count":10,"href":"https:\/\/www.vnu-ev.de\/en\/wp-json\/wp\/v2\/posts\/5752\/revisions"}],"predecessor-version":[{"id":5850,"href":"https:\/\/www.vnu-ev.de\/en\/wp-json\/wp\/v2\/posts\/5752\/revisions\/5850"}],"wp:attachment":[{"href":"https:\/\/www.vnu-ev.de\/en\/wp-json\/wp\/v2\/media?parent=5752"}],"wp:term":[{"taxonomy":"category","embeddable":true,"href":"https:\/\/www.vnu-ev.de\/en\/wp-json\/wp\/v2\/categories?post=5752"},{"taxonomy":"post_tag","embeddable":true,"href":"https:\/\/www.vnu-ev.de\/en\/wp-json\/wp\/v2\/tags?post=5752"}],"curies":[{"name":"wp","href":"https:\/\/api.w.org\/{rel}","templated":true}]}}