{"id":5787,"date":"2023-03-07T19:05:42","date_gmt":"2023-03-07T18:05:42","guid":{"rendered":"https:\/\/www.vnu-ev.de\/en\/?p=5787"},"modified":"2023-03-07T19:05:42","modified_gmt":"2023-03-07T18:05:42","slug":"andre-martin","status":"publish","type":"post","link":"https:\/\/www.vnu-ev.de\/en\/members\/andre-martin","title":{"rendered":"Andr\u00e9 Martin"},"content":{"rendered":"<p>Klimaschutz geht uns alle an und gemeinsam k\u00f6nnen wir etwas bewegen. Als BFE Institut f\u00fcr Energie und Umwelt unterst\u00fctzen wir daher unsere Kunden seit mehr als 40 Jahren aktiv auf dem Weg in eine nachhaltigere Zukunft. Wir dienen als Wegbegleiter mit intelligenten und zukunftsweisenden Konzepten. Unsere Kernkompetenzen liegen dabei im Klimaschutz-, Energie- und F\u00f6rdermittelmanagement sowie im Bereich der Energieeffizienz. Inzwischen verzeichnen wir \u00fcber 17.000 Projekte, durch die Milliarden von Kilowattstunden sowie zigtausend Tonnen von CO2 eingespart werden konnten.<br \/>\nWir sind der \u00dcberzeugung, dass es wichtig ist, einen regen Austausch zwischen Experten und Anwendern rund um das Management von Themen wie Umweltschutz und Nachhaltigkeit zu f\u00f6rdern. Daher sch\u00e4tzen wir die Arbeit des Verbands f\u00fcr Nachhaltigkeit- und Umweltmanagement (VNU) sehr. Denn auch bei uns trifft die Begeisterung f\u00fcr Management, f\u00fcr datengetriebenes Denken und fundierte Entscheidungen auf den Wunsch, Klimaschutz voranzubringen. Daf\u00fcr ist es unabdingbar das Klimaschutz-Know-how in Unternehmen zu st\u00e4rken, was der VNU mit seiner Arbeit bewirkt.<\/p>\n<p><strong>Lebenslauf<\/strong><\/p>\n<ul>\n<li>Nach seiner kaufm\u00e4nnischen Ausbildung studierte Andr\u00e9 berufsbegleitend Betriebswirtschaftslehre an der Verwaltungs- und Wirtschaftsakademie Mannheim.<\/li>\n<li>Zun\u00e4chst hat Andr\u00e9 f\u00fcr eine deutsche Gro\u00dfbank in verschiedenen Vertriebspositionen und zuletzt im Vorstandsstab Retailbanking gearbeitet.<\/li>\n<li>Seit seinem Einstieg bei der MVV Energie AG im Jahr 2012 liegt sein Fokus auf Produktentwicklung, Marketing und Business Development. Hier hat er ma\u00dfgeblich den Wandel vom Commodity- zum L\u00f6sungsanbieter durch Entwickeln und Implementieren einer neuen B2B-Strategie und dem Aufbau eines modularen L\u00f6sungshauses mit Partnern verantwortet.<\/li>\n<li>Als Gesch\u00e4ftsf\u00fchrer der BFE begreift Andr\u00e9 seit 2021 die nachhaltige Unternehmensentwicklung und den kontinuierlichen Ausbau des Leistungsspektrums als seinen unternehmerischen Schwerpunkt.<\/li>\n<\/ul>\n","protected":false},"excerpt":{"rendered":"<p>Klimaschutz geht uns alle an und gemeinsam k\u00f6nnen wir etwas bewegen. Als BFE Institut f\u00fcr&#8230; <a class=\"read-more\" href=\"https:\/\/www.vnu-ev.de\/en\/members\/andre-martin\">More<\/a><\/p>\n","protected":false},"author":314,"featured_media":0,"comment_status":"closed","ping_status":"closed","sticky":false,"template":"","format":"standard","meta":{"_acf_changed":false,"footnotes":""},"categories":[2,271],"tags":[326,79,13,327,328,329],"class_list":["post-5787","post","type-post","status-publish","format-standard","hentry","category-members","category-mitglieder","tag-consulting","tag-energieeffizienz","tag-energiemanagement","tag-fordermittelmanagement","tag-klimaschutzmanagement","tag-nachhaltigkeitsberatung"],"acf":[],"_links":{"self":[{"href":"https:\/\/www.vnu-ev.de\/en\/wp-json\/wp\/v2\/posts\/5787","targetHints":{"allow":["GET"]}}],"collection":[{"href":"https:\/\/www.vnu-ev.de\/en\/wp-json\/wp\/v2\/posts"}],"about":[{"href":"https:\/\/www.vnu-ev.de\/en\/wp-json\/wp\/v2\/types\/post"}],"author":[{"embeddable":true,"href":"https:\/\/www.vnu-ev.de\/en\/wp-json\/wp\/v2\/users\/314"}],"replies":[{"embeddable":true,"href":"https:\/\/www.vnu-ev.de\/en\/wp-json\/wp\/v2\/comments?post=5787"}],"version-history":[{"count":2,"href":"https:\/\/www.vnu-ev.de\/en\/wp-json\/wp\/v2\/posts\/5787\/revisions"}],"predecessor-version":[{"id":5791,"href":"https:\/\/www.vnu-ev.de\/en\/wp-json\/wp\/v2\/posts\/5787\/revisions\/5791"}],"wp:attachment":[{"href":"https:\/\/www.vnu-ev.de\/en\/wp-json\/wp\/v2\/media?parent=5787"}],"wp:term":[{"taxonomy":"category","embeddable":true,"href":"https:\/\/www.vnu-ev.de\/en\/wp-json\/wp\/v2\/categories?post=5787"},{"taxonomy":"post_tag","embeddable":true,"href":"https:\/\/www.vnu-ev.de\/en\/wp-json\/wp\/v2\/tags?post=5787"}],"curies":[{"name":"wp","href":"https:\/\/api.w.org\/{rel}","templated":true}]}}