{"id":5879,"date":"2023-11-17T12:27:30","date_gmt":"2023-11-17T11:27:30","guid":{"rendered":"https:\/\/www.vnu-ev.de\/en\/?p=5879"},"modified":"2024-01-30T08:56:11","modified_gmt":"2024-01-30T07:56:11","slug":"vnu-webinar-240119","status":"publish","type":"post","link":"https:\/\/www.vnu-ev.de\/en\/events\/vnu-webinar-240119","title":{"rendered":"VNU-Webinar"},"content":{"rendered":"<p>Der EMAS Club Europe und das Ressort Umweltmanagment laden gemeinsam zu einem VNU-Webinar (ZOOM Meeting) ein. Die Teilnahme ist f\u00fcr alle Interessierten offen, die mit der aktiven Umsetzung von Umweltmanagementsystemen befasst sind.<\/p>\n<h2>Termin<\/h2>\n<p>19.01 2024<br \/>\n10:00 - 12:00 Uhr<\/p>\n<h2>Inhalt<\/h2>\n<ul>\n<li>Begr\u00fc\u00dfung und Kurzvorstellung der Referent:innen und des VNU e.V.<\/li>\n<li>Zweck, Nutzen und Struktur von Umweltmanagementsystemen<\/li>\n<li>\u00dcberblick \u00fcber die gesetzliche Verankerung von EMAS<\/li>\n<li>Vorstellung des neuen EMAS-Nutzerhandbuchs \u2013<br \/>\ninkl. Informationen zu den neuen Regelungen des Stichprobenverfahrens<\/li>\n<li>Fragen der Teilnehmenden im Austausch mit den Referent:innen<\/li>\n<\/ul>\n<h2>Moderation<\/h2>\n<p><img loading=\"lazy\" decoding=\"async\" class=\"alignnone wp-image-2677 size-thumbnail\" src=\"https:\/\/www.vnu-ev.de\/wp-content\/uploads\/2017\/10\/Birgit_Gieren-150x150.jpg\" alt=\"Quelle: Dr. Birgit Gieren\" width=\"150\" height=\"150\" srcset=\"https:\/\/www.vnu-ev.de\/en\/wp-content\/uploads\/2017\/10\/Birgit_Gieren-150x150.jpg 150w, https:\/\/www.vnu-ev.de\/en\/wp-content\/uploads\/2017\/10\/Birgit_Gieren-300x300.jpg 300w, https:\/\/www.vnu-ev.de\/en\/wp-content\/uploads\/2017\/10\/Birgit_Gieren-400x400.jpg 400w, https:\/\/www.vnu-ev.de\/en\/wp-content\/uploads\/2017\/10\/Birgit_Gieren.jpg 480w\" sizes=\"auto, (max-width: 150px) 100vw, 150px\" \/><br \/>\n<a href=\"https:\/\/www.vnu-ev.de\/mitglieder\/birgit-gieren\" target=\"_blank\" rel=\"noopener\">Dr. Birgit Gieren<\/a> besch\u00e4ftigt sich als Leiterin des Ressort Umweltmanagement im VNU mit der praktischen Umsetzung des Umweltmanagement. Sie st in der Bereichen Umweltschutz und Qualit\u00e4tsmanagement t\u00e4tig und f\u00fchrt freiberuflich und selbstst\u00e4ndig die U.M.S.CON in Aachen.\u00a0Ihre Schwerpunkte sind die Beratung zu Themen des Umweltschutzes und die Auditierung von Qualit\u00e4ts- und Umweltmanagementsystemen.<\/p>\n<p><img loading=\"lazy\" decoding=\"async\" class=\"alignnone wp-image-6322 size-thumbnail\" src=\"https:\/\/www.vnu-ev.de\/wp-content\/uploads\/2021\/11\/Felchtner_Jakob-150x150.jpg\" alt=\"\" width=\"150\" height=\"150\" srcset=\"https:\/\/www.vnu-ev.de\/en\/wp-content\/uploads\/2021\/11\/Felchtner_Jakob-150x150.jpg 150w, https:\/\/www.vnu-ev.de\/en\/wp-content\/uploads\/2021\/11\/Felchtner_Jakob-300x300.jpg 300w, https:\/\/www.vnu-ev.de\/en\/wp-content\/uploads\/2021\/11\/Felchtner_Jakob-500x500.jpg 500w, https:\/\/www.vnu-ev.de\/en\/wp-content\/uploads\/2021\/11\/Felchtner_Jakob-400x400.jpg 400w, https:\/\/www.vnu-ev.de\/en\/wp-content\/uploads\/2021\/11\/Felchtner_Jakob.jpg 600w\" sizes=\"auto, (max-width: 150px) 100vw, 150px\" \/><br \/>\n<a href=\"https:\/\/www.vnu-ev.de\/mitglieder\/jakob-flechtner\" target=\"_blank\" rel=\"noopener\">Jakob Flechtner<\/a> besch\u00e4ftigt sich mehr als 10 Jahren mit den Themen Energiewende, Umwelt- und Klimaschutz an der Schnittstelle zwischen Unternehmen, Politik und Beratung. Er ist Leiter des Projekts \"Unternehmensnetzwerk Klimaschutz - eine IHK-Plattform\" bei der DIHK Service GmbH. Beim VNU ist er Mitglied im Vorstand.<\/p>\n<p><img loading=\"lazy\" decoding=\"async\" class=\"alignnone wp-image-2769 size-thumbnail\" src=\"https:\/\/www.vnu-ev.de\/wp-content\/uploads\/2017\/11\/Schleicher_Lennart-150x150.jpg\" alt=\"Lennart Schleicher\" width=\"150\" height=\"150\" srcset=\"https:\/\/www.vnu-ev.de\/en\/wp-content\/uploads\/2017\/11\/Schleicher_Lennart-150x150.jpg 150w, https:\/\/www.vnu-ev.de\/en\/wp-content\/uploads\/2017\/11\/Schleicher_Lennart.jpg 300w\" sizes=\"auto, (max-width: 150px) 100vw, 150px\" \/><br \/>\n<a href=\"https:\/\/www.vnu-ev.de\/mitglieder\/lennart-schleicher\" target=\"_blank\" rel=\"noopener\">Lennart Schleicher<\/a>\u00a0ist zugelassener Umweltgutachter und Inhaber der ENVEX Umweltberatung. Er ist Mitglied der deutschen Delegation des EMAS-Experten-Komitees und des Umweltgutachterausschusses. Lennart Schleicher ist seit 2006 Vorstandsmitglied im VNU und seit 2018 Vorsitzender. Er leitet die Regionalgruppe S\u00fcdost des EMAS Club Europe.<\/p>\n<h2>Anmeldung<\/h2>\n<p>VNU-Mitglieder k\u00f6nnen sich formlos in der VNU Gesch\u00e4ftsstelle (<a href=\"mailto:vnu@vnu-ev.de\">vnu@vnu-ev.de<\/a>) anmelden.<br \/>\nNicht-VNU-Mitglieder werden gebeten, sich online anzumelden.<\/p>\n<p><a href=\"https:\/\/www.vnu-ev.de\/veranstaltungen\/anmeldung-zum-vnu-webinar_240119\" target=\"_blank\" rel=\"noopener\"><strong>Online-Anmeldung<\/strong><\/a><\/p>\n<p>Die Teilnehmenden erhalten nach dem Webinar die freigegebenen Vortr\u00e4ge.<br \/>\nVNU-Mitglieder k\u00f6nnen die freigegebenen Vortr\u00e4ge von der VNU Homepage downloaden.<\/p>\n<h2>Weitere Informationen<\/h2>\n<p>... \u00fcber den EMAS Club Europe: <a href=\"https:\/\/www.vnu-ev.de\/emas-club-europe\" target=\"_blank\" rel=\"noopener noreferrer\">EMAS Club Europe<\/a><\/p>\n<p>... \u00fcber das VNU-Ressort Umweltmanagement: <a href=\"https:\/\/www.vnu-ev.de\/ressorts\/ressort-umweltmanagement\" target=\"_blank\" rel=\"noopener\">Ressort Umweltmanagement<\/a><\/p>\n<p>... \u00fcber alle VNU-Ressorts: <a href=\"https:\/\/www.vnu-ev.de\/ressorts\" target=\"_blank\" rel=\"noopener\">Ressortleitungen<\/a><\/p>\n<p>... \u00fcber eine VNU Mitgliedschaft:\u00a0<a href=\"https:\/\/www.vnu-ev.de\/ueber-uns\/mitglied-werden\" target=\"_blank\" rel=\"noopener noreferrer\">Mitglied werden<\/a><\/p>\n<p>... \u00fcber die Nutzung von ZOOM im VNU: <a href=\"https:\/\/www.vnu-ev.de\/wp-content\/uploads\/2020\/06\/2020_Zoom_VNU.pdf\" target=\"_blank\" rel=\"noopener noreferrer\">VNU Information<\/a><\/p>\n","protected":false},"excerpt":{"rendered":"<p>Der EMAS Club Europe und das Ressort Umweltmanagment laden gemeinsam zu einem VNU-Webinar (ZOOM Meeting)&#8230; <a class=\"read-more\" href=\"https:\/\/www.vnu-ev.de\/en\/events\/vnu-webinar-240119\">More<\/a><\/p>\n","protected":false},"author":9,"featured_media":0,"comment_status":"closed","ping_status":"closed","sticky":false,"template":"","format":"standard","meta":{"_acf_changed":false,"footnotes":""},"categories":[10,242,9,1,226],"tags":[],"class_list":["post-5879","post","type-post","status-publish","format-standard","hentry","category-emas-club-europe","category-ressort","category-top-event","category-events","category-veranstaltungen"],"acf":[],"_links":{"self":[{"href":"https:\/\/www.vnu-ev.de\/en\/wp-json\/wp\/v2\/posts\/5879","targetHints":{"allow":["GET"]}}],"collection":[{"href":"https:\/\/www.vnu-ev.de\/en\/wp-json\/wp\/v2\/posts"}],"about":[{"href":"https:\/\/www.vnu-ev.de\/en\/wp-json\/wp\/v2\/types\/post"}],"author":[{"embeddable":true,"href":"https:\/\/www.vnu-ev.de\/en\/wp-json\/wp\/v2\/users\/9"}],"replies":[{"embeddable":true,"href":"https:\/\/www.vnu-ev.de\/en\/wp-json\/wp\/v2\/comments?post=5879"}],"version-history":[{"count":2,"href":"https:\/\/www.vnu-ev.de\/en\/wp-json\/wp\/v2\/posts\/5879\/revisions"}],"predecessor-version":[{"id":5882,"href":"https:\/\/www.vnu-ev.de\/en\/wp-json\/wp\/v2\/posts\/5879\/revisions\/5882"}],"wp:attachment":[{"href":"https:\/\/www.vnu-ev.de\/en\/wp-json\/wp\/v2\/media?parent=5879"}],"wp:term":[{"taxonomy":"category","embeddable":true,"href":"https:\/\/www.vnu-ev.de\/en\/wp-json\/wp\/v2\/categories?post=5879"},{"taxonomy":"post_tag","embeddable":true,"href":"https:\/\/www.vnu-ev.de\/en\/wp-json\/wp\/v2\/tags?post=5879"}],"curies":[{"name":"wp","href":"https:\/\/api.w.org\/{rel}","templated":true}]}}