{"id":5896,"date":"2024-02-25T18:29:54","date_gmt":"2024-02-25T17:29:54","guid":{"rendered":"https:\/\/www.vnu-ev.de\/en\/?p=5896"},"modified":"2024-02-29T06:53:13","modified_gmt":"2024-02-29T05:53:13","slug":"vnu-mitgliederversammlung-2024","status":"publish","type":"post","link":"https:\/\/www.vnu-ev.de\/en\/events\/vnu-mitgliederversammlung-2024","title":{"rendered":"VNU-Mitgliederversammlung 2024"},"content":{"rendered":"<p style=\"text-align: left;\"><strong>Liebe VNU-Mitglieder,<\/strong><\/p>\n<p style=\"text-align: left;\">wir laden Sie herzlich zur virtuellen VNU-Mitgliederversammlung ein. Diese findet erstmalig getrennt vom Umwelt- und Nachhaltigkeitsmanagement-Tag (UNT) in der IHK Frankfurt am Main statt. Dadurch erh\u00e4lt der UNT mehr Raum f\u00fcr Beitr\u00e4ge und Networking, w\u00e4hrend Sie, unsere Mitglieder, die M\u00f6glichkeit haben, an der Mitgliederversammlung ohne Reiseaufwand teilzunehmen, abzustimmen und die neuesten Informationen \u00fcber den Verband zu erhalten.<\/p>\n<h2>Wichtige Details<\/h2>\n<p><strong>Online-Registrierung<\/strong>: Ab 9:00 Uhr m\u00f6glich.<br \/>\n<strong>Zugangslink: <\/strong>Diesen erhalten Sie nach Ihrer Anmeldung.<strong><br \/>\nEinladung und Tagesordnung<\/strong>: Die offizielle Einladung sowie die Tagesordnung wurden am 27. Januar 2024 an alle stimmberechtigten Mitglieder versendet.<\/p>\n<h3>Stimm\u00fcbertragung<\/h3>\n<p>Falls Sie stimmberechtigt sind, jedoch pers\u00f6nlich nicht teilnehmen k\u00f6nnen, besteht die M\u00f6glichkeit, Ihr Stimmrecht auf ein anderes VNU-Mitglied zu \u00fcbertragen. Nutzen Sie dazu bitte das [ <a href=\"https:\/\/www.vnu-ev.de\/wp-content\/uploads\/2024\/01\/VNU_MV_Uebertragung_Stimmrecht.pdf\" target=\"_blank\" rel=\"noopener\">\u00dcbertragungsformular<\/a> ].<\/p>\n<h3>Teilnahme f\u00fcr nicht-stimmberechtigte Mitglieder<\/h3>\n<p>Selbstverst\u00e4ndlich sind auch alle nicht-stimmberechtigten VNU-Mitglieder herzlich eingeladen, an der Mitgliederversammlung teilzunehmen.<\/p>\n<h3 style=\"text-align: left;\">Beratungsunterlagen<\/h3>\n<p style=\"text-align: left;\">Aktuelle Beratungsunterlagen stehen zur Verf\u00fcgung und werden laufend aktualisiert.<br \/>\nIhr Log-In ist erforderlich, um darauf zugreifen zu k\u00f6nnen.<\/p>\n<h2>Tagesordnung<\/h2>\n<ol>\n<li style=\"text-align: left;\">Begr\u00fc\u00dfung, Wahl des\/der Protokollf\u00fchrers\/in und des\/r Wahlleiters\/in (L. Schleicher)<\/li>\n<li style=\"text-align: left;\">Genehmigung des [ <a href=\"https:\/\/www.vnu-ev.de\/?s2member_file_download=\/access-s2member-level1\/Aufz\/2024\/240301_MV_T02_MV-Protokoll_2023.pdf\" target=\"_blank\" rel=\"noopener\"><strong>Protokolls<\/strong><\/a> ] der Mitgliederversammlung 2023 (L. Schleicher)<\/li>\n<li style=\"text-align: left;\">Genehmigung der [ <a href=\"https:\/\/www.vnu-ev.de\/wp-content\/uploads\/2024\/01\/240301_MV_T03_Tagesordnung.pdf\" target=\"_blank\" rel=\"noopener\"><strong>Tagesordnung <\/strong><\/a>] f\u00fcr den 1. M\u00e4rz 2024 (L. Schleicher)<\/li>\n<li style=\"text-align: left;\">[ <a href=\"https:\/\/www.vnu-ev.de\/?s2member_file_download=\/access-s2member-level1\/Aufz\/2024\/240301_MV_T04_Bericht_Heimer_Schleicher.pdf\" target=\"_blank\" rel=\"noopener\"><strong>Rechenschaftsbericht<\/strong> <\/a>] des Vorstands (L. Schleicher, B. Heimer)<\/li>\n<li style=\"text-align: left;\">[ <a href=\"https:\/\/www.vnu-ev.de\/?s2member_file_download=\/access-s2member-level1\/Aufz\/2024\/240301_MV_T05_Bericht_EMAS-Club.pdf\"><strong>Bericht<\/strong><\/a> ] \u00fcber den EMAS Club Europe (L. Schleicher)<\/li>\n<li style=\"text-align: left;\">[ <a href=\"https:\/\/www.vnu-ev.de\/?s2member_file_download=\/access-s2member-level1\/Aufz\/2024\/240301_MV_T06_Ressortbericht.pdf\" target=\"_blank\" rel=\"noopener\"><strong>Bericht<\/strong><\/a> ] aus den Ressorts (H. Pflock)<\/li>\n<li style=\"text-align: left;\">[ <a href=\"https:\/\/www.vnu-ev.de\/?s2member_file_download=\/access-s2member-level1\/Aufz\/2024\/240301_MV_T07_Bericht_Beirat.pdf\"><strong>Bericht<\/strong><\/a> ] des Beirats (Prof. Dr. E. K. Seifert)<\/li>\n<li style=\"text-align: left;\">Jahresabschluss 2023 [ <a href=\"https:\/\/www.vnu-ev.de\/?s2member_file_download=\/access-s2member-level1\/Aufz\/2024\/240301_MV_T08_Abschluss_2023.pdf\"><strong>Abschluss<\/strong> <\/a>] \/ [ <strong><a href=\"https:\/\/www.vnu-ev.de\/?s2member_file_download=\/access-s2member-level1\/Aufz\/2024\/240301_MV_T08_T13_Finanzbericht.pdf\">Finanzbericht<\/a> <\/strong>] (B. Heimer)<\/li>\n<li>[ <a href=\"https:\/\/www.vnu-ev.de\/?s2member_file_download=\/access-s2member-level1\/Aufz\/2024\/240301_MV_T09_Bericht_Kassenpruefer.pdf\" target=\"_blank\" rel=\"noopener\"><strong>Bericht<\/strong><\/a> ] des\/r Kassenpr\u00fcfer\/in (S. Braun, R. St\u00e4hle)<\/li>\n<li style=\"text-align: left;\">Entlastung des Vorstands (Wahlleiter\/in)<\/li>\n<li>Wahl des Vorstands [\u00a0<a href=\"https:\/\/www.vnu-ev.de\/?s2member_file_download=\/access-s2member-level1\/Aufz\/2024\/240301_MV_T11_Vorstellung_VS-Kandidaturen.pdf\" target=\"_blank\" rel=\"noopener\"><strong>Vorstellung des Kandidaten <\/strong><\/a>] (Wahlleiter\/in)<\/li>\n<li style=\"text-align: left;\">Wahl des\/r Kassenpr\u00fcfers\/in (Wahlleiter\/in)<\/li>\n<li style=\"text-align: left;\">Haushaltsplan 2024\u00a0 [ <a href=\"https:\/\/www.vnu-ev.de\/?s2member_file_download=\/access-s2member-level1\/Aufz\/2024\/240301_MV_T13_Haushaltsplan_2024.pdf\"><strong>Haushaltsplan<\/strong> <\/a>] (B. Heimer)<\/li>\n<li style=\"text-align: left;\">Verschiedenes<\/li>\n<\/ol>\n<h2>Anmeldung<\/h2>\n<p style=\"text-align: left;\">Die Teilnahme ist kostenlos und ausschlie\u00dflich VNU-Mitgliedern vorbehalten. Bitte nutzen Sie die <a href=\"https:\/\/www.vnu-ev.de\/veranstaltungen\/anmeldung-zur-virtuellen-vnu-mitgliederversammlung_2024\" target=\"_blank\" rel=\"noopener\"><strong>Online-Anmeldung<\/strong><\/a> f\u00fcr die Teilnahme an der VNU-Mitgliederversammlung. Vielen Dank!<\/p>\n<h3>Aktualisierung von Kontaktdaten<\/h3>\n<p style=\"text-align: left;\">Auch wenn Sie nicht pers\u00f6nlich teilnehmen k\u00f6nnen, bitten wir um die Nutzung der <a href=\"https:\/\/www.vnu-ev.de\/veranstaltungen\/anmeldung-zur-virtuellen-vnu-mitgliederversammlung_2024\" target=\"_blank\" rel=\"noopener\"><strong>Online-Anmeldung<\/strong><\/a><br \/>\nfalls eine Aktualisierung Ihrer Kontaktdaten erforderlich ist \u2013 herzlichen Dank.<\/p>\n<h3 style=\"text-align: left;\">Kontakt f\u00fcr Fragen<\/h3>\n<p style=\"text-align: left;\">F\u00fcr alle Fragen oder bei Informationsbedarf steht Ihnen Christina Geiger in der VNU-Gesch\u00e4ftsstelle gerne zur Verf\u00fcgung. Sie erreichen sie unter der E-Mail-Adresse: <a href=\"mailto:c.geiger@vnu-ev.de\">c.geiger@vnu-ev.de<\/a><\/p>\n<p><strong>Wir freuen uns auf Ihre Teilnahme und sch\u00e4tzen Ihre Mitwirkung!<\/strong><\/p>\n","protected":false},"excerpt":{"rendered":"<p>Liebe VNU-Mitglieder, wir laden Sie herzlich zur virtuellen VNU-Mitgliederversammlung ein. Diese findet erstmalig getrennt vom&#8230; <a class=\"read-more\" href=\"https:\/\/www.vnu-ev.de\/en\/events\/vnu-mitgliederversammlung-2024\">More<\/a><\/p>\n","protected":false},"author":9,"featured_media":0,"comment_status":"closed","ping_status":"closed","sticky":false,"template":"","format":"standard","meta":{"_acf_changed":false,"footnotes":""},"categories":[1],"tags":[],"class_list":["post-5896","post","type-post","status-publish","format-standard","hentry","category-events"],"acf":[],"_links":{"self":[{"href":"https:\/\/www.vnu-ev.de\/en\/wp-json\/wp\/v2\/posts\/5896","targetHints":{"allow":["GET"]}}],"collection":[{"href":"https:\/\/www.vnu-ev.de\/en\/wp-json\/wp\/v2\/posts"}],"about":[{"href":"https:\/\/www.vnu-ev.de\/en\/wp-json\/wp\/v2\/types\/post"}],"author":[{"embeddable":true,"href":"https:\/\/www.vnu-ev.de\/en\/wp-json\/wp\/v2\/users\/9"}],"replies":[{"embeddable":true,"href":"https:\/\/www.vnu-ev.de\/en\/wp-json\/wp\/v2\/comments?post=5896"}],"version-history":[{"count":2,"href":"https:\/\/www.vnu-ev.de\/en\/wp-json\/wp\/v2\/posts\/5896\/revisions"}],"predecessor-version":[{"id":5898,"href":"https:\/\/www.vnu-ev.de\/en\/wp-json\/wp\/v2\/posts\/5896\/revisions\/5898"}],"wp:attachment":[{"href":"https:\/\/www.vnu-ev.de\/en\/wp-json\/wp\/v2\/media?parent=5896"}],"wp:term":[{"taxonomy":"category","embeddable":true,"href":"https:\/\/www.vnu-ev.de\/en\/wp-json\/wp\/v2\/categories?post=5896"},{"taxonomy":"post_tag","embeddable":true,"href":"https:\/\/www.vnu-ev.de\/en\/wp-json\/wp\/v2\/tags?post=5896"}],"curies":[{"name":"wp","href":"https:\/\/api.w.org\/{rel}","templated":true}]}}