{"id":5902,"date":"2024-03-07T18:10:08","date_gmt":"2024-03-07T17:10:08","guid":{"rendered":"https:\/\/www.vnu-ev.de\/en\/?p=5902"},"modified":"2025-08-21T08:36:19","modified_gmt":"2025-08-21T06:36:19","slug":"markus-weber","status":"publish","type":"post","link":"https:\/\/www.vnu-ev.de\/en\/members\/markus-weber","title":{"rendered":"Markus Weber"},"content":{"rendered":"<p>Mein beruflicher Werdegang umfasst verschiedene Positionen im Bereich Umwelt, Arbeitssicherheit und Nachhaltigkeit. Der VNU bietet hierzu interessante Veranstaltungen an eine sehr gute M\u00f6glichkeit des Netzwerkens und Gedankentausches.<\/p>\n<ul>\n<li>Meine 30-j\u00e4hrige Berufserfahrung umfasst verschiedene Positionen und T\u00e4tigkeiten im Bereich Umwelt, Arbeitssicherheit und Qualit\u00e4t die ich in Funktionen als Leiter einer Pr\u00fcforganisation f\u00fcr Nachhaltigkeits- und Umweltprojekte, Auditor f\u00fcr Managementsysteme (ISO 9001, ISO 14001, ISO 45001) und Berater erworben habe.<\/li>\n<li>Seit Oktober 2021 bin ich f\u00fcr die T\u00dcV S\u00dcD Management System Service GmbH als Teamleiter im Bereich der Produktcompliance und seit M\u00e4rz 2023 auch als Gesch\u00e4ftsf\u00fchrer der T\u00dcV S\u00fcd Umweltgutachter GmbH t\u00e4tig.<\/li>\n<li>Die Schwerpunkte meiner Aufgaben umfassen die Durchf\u00fchrung von Pr\u00fcfverfahren gem\u00e4\u00df verschiedener Umwelt- und Nachhaltigkeitsstandards und die Leitung eines Teams von Standardverantwortlichen.<\/li>\n<li>Von 2017 bis September 2021 war ich als Partner bei ERM CVS in Frankfurt f\u00fcr das Gesch\u00e4ftsfeld Zertifizierung, Verifizierung und Auditierung in der DACH Region verantwortlich.<\/li>\n<li>Vom August 2007 bis 2017 war ich f\u00fcr den Germanischen Lloyd (Verschmelzung mit DNV - DNV GL Group), t\u00e4tig und habe eine globale Pr\u00fcforganisation mit 22 Mitarbeitern in 7 L\u00e4ndern \/ 3 Kontinenten aufgebaut.<\/li>\n<li>Neben den organisatorischen und administrativen Aufgaben war ich auch als Pr\u00fcfer f\u00fcr internationale Klimaschutzprojekte t\u00e4tig.<\/li>\n<li>Vor meiner T\u00e4tigkeit f\u00fcr DNV GL war ich als Berater t\u00e4tig und habe Kunden bei der Entwicklung und Einf\u00fchrung von HSE Programmen und Managementsystemen unterst\u00fctzt. Dies umfasste auch die Entwicklung und Durchf\u00fchrung von Trainings f\u00fcr Mitarbeiter und F\u00fchrungskr\u00e4fte. Im Zuge von Unternehmenstransaktionen habe ich in Due Diligence Prozessen die Themenkomplexe Umwelt und Arbeitssicherheit gepr\u00fcft.<\/li>\n<li>Ein Studium der physischen Geographie sowie Fortbildungen im Bereich Umweltrecht und Arbeitssicherheit bildeten die Grundlage f\u00fcr meine nachfolgenden T\u00e4tigkeiten im Bereich HSE.<\/li>\n<\/ul>\n","protected":false},"excerpt":{"rendered":"<p>Mein beruflicher Werdegang umfasst verschiedene Positionen im Bereich Umwelt, Arbeitssicherheit und Nachhaltigkeit. Der VNU bietet&#8230; <a class=\"read-more\" href=\"https:\/\/www.vnu-ev.de\/en\/members\/markus-weber\">More<\/a><\/p>\n","protected":false},"author":314,"featured_media":0,"comment_status":"closed","ping_status":"closed","sticky":false,"template":"","format":"standard","meta":{"_acf_changed":false,"footnotes":""},"categories":[2,271],"tags":[71,331,12,22,29,24,16],"class_list":["post-5902","post","type-post","status-publish","format-standard","hentry","category-members","category-mitglieder","tag-arbeitssicherheit","tag-efbv","tag-emas","tag-iso-14001","tag-iso-45001","tag-nachhaltigkeit","tag-umweltmanagement"],"acf":[],"_links":{"self":[{"href":"https:\/\/www.vnu-ev.de\/en\/wp-json\/wp\/v2\/posts\/5902","targetHints":{"allow":["GET"]}}],"collection":[{"href":"https:\/\/www.vnu-ev.de\/en\/wp-json\/wp\/v2\/posts"}],"about":[{"href":"https:\/\/www.vnu-ev.de\/en\/wp-json\/wp\/v2\/types\/post"}],"author":[{"embeddable":true,"href":"https:\/\/www.vnu-ev.de\/en\/wp-json\/wp\/v2\/users\/314"}],"replies":[{"embeddable":true,"href":"https:\/\/www.vnu-ev.de\/en\/wp-json\/wp\/v2\/comments?post=5902"}],"version-history":[{"count":3,"href":"https:\/\/www.vnu-ev.de\/en\/wp-json\/wp\/v2\/posts\/5902\/revisions"}],"predecessor-version":[{"id":6206,"href":"https:\/\/www.vnu-ev.de\/en\/wp-json\/wp\/v2\/posts\/5902\/revisions\/6206"}],"wp:attachment":[{"href":"https:\/\/www.vnu-ev.de\/en\/wp-json\/wp\/v2\/media?parent=5902"}],"wp:term":[{"taxonomy":"category","embeddable":true,"href":"https:\/\/www.vnu-ev.de\/en\/wp-json\/wp\/v2\/categories?post=5902"},{"taxonomy":"post_tag","embeddable":true,"href":"https:\/\/www.vnu-ev.de\/en\/wp-json\/wp\/v2\/tags?post=5902"}],"curies":[{"name":"wp","href":"https:\/\/api.w.org\/{rel}","templated":true}]}}