{"id":5916,"date":"2024-04-06T08:23:45","date_gmt":"2024-04-06T06:23:45","guid":{"rendered":"https:\/\/www.vnu-ev.de\/en\/?p=5916"},"modified":"2024-11-06T08:52:29","modified_gmt":"2024-11-06T07:52:29","slug":"umweltmanagement-preis-2024","status":"publish","type":"post","link":"https:\/\/www.vnu-ev.de\/en\/events\/umweltmanagement-preis-2024","title":{"rendered":"Environmental Management Award 2024"},"content":{"rendered":"<h2 style=\"text-align: left;\"><img loading=\"lazy\" decoding=\"async\" src=\"https:\/\/www.emas.de\/fileadmin\/_processed_\/f\/0\/csm_UMP_2024_Nominierunge_allg_c74be446c1.jpg\" alt=\"\" width=\"282\" height=\"188\" \/><\/h2>\n<h2>Environmental Management Award 2024 - the winner<\/h2>\n<p>In 2024, the joint Austrian and German Environmental Management Award was once again given in several categories. The award ceremony took place under Austrian umbrella on <strong>5 November 2024<\/strong> in <strong>Vienna<\/strong> at the <strong>Parkhotel Sch\u00f6nbrunn<\/strong>.<\/p>\n<h2>The categories<\/h2>\n<p>Companies and organisations had until 28 June 2024 to submit their outstanding achievements or an exemplary environmental statement in one (or both) categories:<\/p>\n<p>- Best EMAS environmental statement<br \/>\n- Best measure for environmental, nature and climate protection<\/p>\n<p>The \u2018Best Strategy\u2019 category was also awarded in Austria.<\/p>\n<h2>The winners<\/h2>\n<p>A total of 62 applications were received from Germany and Austria. The documents submitted show an impressive variety of organisations as well as operational measures and environmental declarations that can serve as role models for environmental, climate and nature conservation as well as for greater sustainability. All submitted contributions convinced due to their transparent and comprehensive presentation of the commitment to sustainable corporate management.<\/p>\n<h3>... best EMAS-Environmental Statement<\/h3>\n<ul>\n<li><strong>Dietz GmbH<\/strong><br \/>\nNeustadt b. Coburg, Bayern<br \/>\nHerstellung v. Federn u. Biegeteilen<\/li>\n<li><strong>Salus Haus Dr. med. Otto Greither Nachf. GmbH &amp; Co. KG<br \/>\n<\/strong>Bruckm\u00fchl, Bayern<br \/>\nHerstellung von Pharma- u. Nahrungsmitteln<\/li>\n<li><strong>Zollverwaltung Hauptzollamt Aachen<br \/>\n<\/strong>Aachen, Nordrhein-Westfalen<br \/>\nAllgemeine \u00f6ffentliche Verwaltung<\/li>\n<li><strong>MAHLE Filtersysteme Austria GmbH<\/strong><br \/>\nSt. Michael, Salzburg<br \/>\nZulieferer der Automobilindustrie<\/li>\n<li><strong>PMS Group GmbH<\/strong><br \/>\nSt. Stefan, K\u00e4rtnen<br \/>\nIndustrieprodukte- und Dienstleistungen<\/li>\n<li><strong>Roche Diagnostics GmbH und Roche Austria GmbH<br \/>\n<\/strong>Wien<br \/>\nPharmazeutika<\/li>\n<\/ul>\n<h3>... best action for environmental, nature and climate protection<\/h3>\n<ul>\n<li><strong>Bergzeit GmbH<br \/>\n<\/strong>Otterfing, Bayern<br \/>\nEinzelhandel mit Sport u. Campingartikeln<\/li>\n<li><strong>Rohde &amp; Schwarz GmbH &amp; Co. KG<\/strong><br \/>\nM\u00fcnchen, Bayern<br \/>\nHerstellung von elektronischen Investitionsg\u00fctern<\/li>\n<li><strong>studierendenWERK BERLIN A\u00d6R<br \/>\n<\/strong>Berlin, Berlin<br \/>\nGastronomie<\/li>\n<li><strong>Infineon Technologies Austria AG<\/strong><br \/>\nverschiedene Standorte in \u00d6strreich<br \/>\nHalbleiterindustrie<\/li>\n<li><strong>Sandoz GmbH<\/strong><br \/>\nKundl, Tirol<br \/>\nAntibiotikaproduktion<\/li>\n<li><strong>Wien Energie GmbH<\/strong><br \/>\nWien<br \/>\nEnergieanbieter<\/li>\n<\/ul>\n<h3>... best Strategy<\/h3>\n<ul>\n<li>\n<p class=\"acc_headline act\"><strong>HiPP Produktion Gmunden GmbH<\/strong><br \/>\nGmunden, Salzkammergut<br \/>\nHersteller von Babynahrung<\/p>\n<\/li>\n<\/ul>\n<h2>Conference and award ceremony<\/h2>\n<p>The award ceremony took place as part of the <strong>conference \u2018Managing sustainability successfully: from obligations to opportunities<\/strong>\u2019 on 5th November 2024 at the Austria Trend Parkhotel Sch\u00f6nbrunn (Hietzinger Hauptstr. 10-14, 1130 Vienna, Austria).<\/p>\n<p>The conference was dedicated to the topics of social responsibility and corporate due diligence with presentations and a panel discussion. Practical reports on EMAS and the Ecolabel were also presented, providing a worthy setting for the award ceremony. The awards were presented by the Austrian Federal Minister Leonore Gewessler and the Parliamentary State Secretary of the German BMUV Bettina Hoffmann.<\/p>\n<p>The organisers of this year's conference and award ceremony are the Bundesministerium f\u00fcr Klimaschutz, Umwelt, Energie, Mobilit\u00e4t, Innovation und Technologie (BMK \u00d6sterreich) sowie das Bundesministerium f\u00fcr Umwelt, Naturschutz, nukleare Sicherheit und Verbraucherschutz (BMUV Deutschland) mit Unterst\u00fctzung der Deutschen Industrie- und Handelskammer (DIHK), des Umweltgutachterausschusses (UGA) und des Verbands f\u00fcr Nachhaltigkeits- und Umweltmanagement (VNU) e.V.<\/p>\n","protected":false},"excerpt":{"rendered":"<p>Environmental Management Award 2024 &#8211; the winner In 2024, the joint Austrian and German Environmental&#8230; <a class=\"read-more\" href=\"https:\/\/www.vnu-ev.de\/en\/events\/umweltmanagement-preis-2024\">More<\/a><\/p>\n","protected":false},"author":3,"featured_media":0,"comment_status":"closed","ping_status":"closed","sticky":false,"template":"","format":"standard","meta":{"_acf_changed":false,"footnotes":""},"categories":[11,9,1],"tags":[],"class_list":["post-5916","post","type-post","status-publish","format-standard","hentry","category-meetings","category-top-event","category-events"],"acf":[],"_links":{"self":[{"href":"https:\/\/www.vnu-ev.de\/en\/wp-json\/wp\/v2\/posts\/5916","targetHints":{"allow":["GET"]}}],"collection":[{"href":"https:\/\/www.vnu-ev.de\/en\/wp-json\/wp\/v2\/posts"}],"about":[{"href":"https:\/\/www.vnu-ev.de\/en\/wp-json\/wp\/v2\/types\/post"}],"author":[{"embeddable":true,"href":"https:\/\/www.vnu-ev.de\/en\/wp-json\/wp\/v2\/users\/3"}],"replies":[{"embeddable":true,"href":"https:\/\/www.vnu-ev.de\/en\/wp-json\/wp\/v2\/comments?post=5916"}],"version-history":[{"count":8,"href":"https:\/\/www.vnu-ev.de\/en\/wp-json\/wp\/v2\/posts\/5916\/revisions"}],"predecessor-version":[{"id":6064,"href":"https:\/\/www.vnu-ev.de\/en\/wp-json\/wp\/v2\/posts\/5916\/revisions\/6064"}],"wp:attachment":[{"href":"https:\/\/www.vnu-ev.de\/en\/wp-json\/wp\/v2\/media?parent=5916"}],"wp:term":[{"taxonomy":"category","embeddable":true,"href":"https:\/\/www.vnu-ev.de\/en\/wp-json\/wp\/v2\/categories?post=5916"},{"taxonomy":"post_tag","embeddable":true,"href":"https:\/\/www.vnu-ev.de\/en\/wp-json\/wp\/v2\/tags?post=5916"}],"curies":[{"name":"wp","href":"https:\/\/api.w.org\/{rel}","templated":true}]}}